{"id":4986,"date":"2026-02-16T08:35:34","date_gmt":"2026-02-16T07:35:34","guid":{"rendered":"https:\/\/catholicus.eu\/it\/?p=4986"},"modified":"2026-02-16T08:35:34","modified_gmt":"2026-02-16T07:35:34","slug":"che-cose-il-cielo-empireo-la-cosmologia-medievale-che-collocava-la-dimora-di-dio-fisicamente-al-di-sopra-delle-stelle","status":"publish","type":"post","link":"https:\/\/catholicus.eu\/it\/che-cose-il-cielo-empireo-la-cosmologia-medievale-che-collocava-la-dimora-di-dio-fisicamente-al-di-sopra-delle-stelle\/","title":{"rendered":"Che cos\u2019\u00e8 il \u201cCielo Empireo\u201d? La cosmologia medievale che collocava la dimora di Dio fisicamente al di sopra delle stelle."},"content":{"rendered":"\n<p>Per secoli, i cristiani hanno guardato il cielo notturno non solo con meraviglia, ma con certezza: <strong>oltre le stelle, oltre i cieli visibili, si trovava il Cielo Empireo<\/strong>, la dimora di Dio e dei beati.<\/p>\n\n\n\n<p>Oggi, in un\u2019epoca dominata dai telescopi spaziali e dalle teorie cosmologiche, questa idea pu\u00f2 sembrarci poetica o persino ingenua. Tuttavia, il <em>Cielo Empireo<\/em> non \u00e8 una semplice curiosit\u00e0 medievale. \u00c8 una porta per comprendere come la Chiesa abbia riflettuto sul rapporto tra Dio, l\u2019universo e il nostro destino eterno.<\/p>\n\n\n\n<p>Scopriamo insieme che cos\u2019\u00e8 il Cielo Empireo, come nacque questa concezione e che cosa pu\u00f2 insegnarci oggi per la nostra vita spirituale.<\/p>\n\n\n\n<hr class=\"wp-block-separator has-alpha-channel-opacity\"\/>\n\n\n\n<h2 class=\"wp-block-heading\">\ud83c\udf0c 1. Che cosa significa \u201cCielo Empireo\u201d?<\/h2>\n\n\n\n<p>La parola \u201cempireo\u201d deriva dal greco <em>empyros<\/em>, che significa \u201cardente\u201d o \u201cpieno di fuoco\u201d. Non si tratta di un fuoco materiale, ma del <strong>fuoco della gloria divina<\/strong>, della luce purissima che procede da Dio.<\/p>\n\n\n\n<p>Nella cosmologia medievale, l\u2019universo era strutturato in sfere concentriche:<\/p>\n\n\n\n<ul class=\"wp-block-list\">\n<li>La Terra al centro.<\/li>\n\n\n\n<li>Le sfere dei pianeti.<\/li>\n\n\n\n<li>La sfera delle stelle fisse.<\/li>\n\n\n\n<li>Il \u201cPrimo Motore\u201d.<\/li>\n\n\n\n<li>E infine, oltre tutta la creazione visibile: <strong>il Cielo Empireo<\/strong>.<\/li>\n<\/ul>\n\n\n\n<p>L\u00ec dimoravano Dio, gli angeli e i santi. Era il luogo supremo, immobile, perfetto ed eterno.<\/p>\n\n\n\n<p>Questa visione fu sviluppata da grandi pensatori cristiani come Santo Tom\u00e1s de Aquino, che integr\u00f2 la cosmologia aristotelica nella teologia cristiana, e raggiunse la sua espressione letteraria pi\u00f9 sublime nell\u2019opera di Dante Alighieri.<\/p>\n\n\n\n<hr class=\"wp-block-separator has-alpha-channel-opacity\"\/>\n\n\n\n<h2 class=\"wp-block-heading\">\ud83d\udcd6 2. Fondamento biblico: la Bibbia parla di un cielo \u201cfisico\u201d?<\/h2>\n\n\n\n<p>La Sacra Scrittura utilizza un linguaggio profondamente simbolico e pedagogico. Nell\u2019Antico Testamento leggiamo:<\/p>\n\n\n\n<blockquote class=\"wp-block-quote is-layout-flow wp-block-quote-is-layout-flow\">\n<p>\u00abIl Signore ha stabilito il suo trono nei cieli\u00bb (Salmo 103,19).<\/p>\n<\/blockquote>\n\n\n\n<p>E san Paolo scrive:<\/p>\n\n\n\n<blockquote class=\"wp-block-quote is-layout-flow wp-block-quote-is-layout-flow\">\n<p>\u00abConosco un uomo in Cristo\u2026 che fu rapito fino al terzo cielo\u00bb (2 Corinzi 12,2).<\/p>\n<\/blockquote>\n\n\n\n<p>Nel pensiero ebraico antico si parlava di diversi \u201ccieli\u201d, culminando nel pi\u00f9 alto, dove Dio manifesta la sua gloria. Non si tratta di una descrizione astronomica, ma di un modo per esprimere <strong>trascendenza e supremazia<\/strong>.<\/p>\n\n\n\n<p>Quando i medievali collocavano il Cielo Empireo \u201cal di sopra delle stelle\u201d, non pretendevano di fare scienza moderna. Volevano affermare qualcosa di essenziale:<br><strong>Dio \u00e8 al di l\u00e0 di tutta la realt\u00e0 creata.<\/strong><\/p>\n\n\n\n<hr class=\"wp-block-separator has-alpha-channel-opacity\"\/>\n\n\n\n<h2 class=\"wp-block-heading\">\ud83c\udf20 3. La cosmologia medievale e l\u2019universo gerarchico<\/h2>\n\n\n\n<p>Nel Medioevo, seguendo Aristotele e Tolomeo, l\u2019universo era concepito come un cosmo ordinato e gerarchico. Non era infinito n\u00e9 caotico, ma <strong>armonioso e dotato di senso<\/strong>.<\/p>\n\n\n\n<p>La Terra occupava il centro, non per onore, ma per densit\u00e0 e corruzione. Ci\u00f2 che era pi\u00f9 alto era ritenuto pi\u00f9 perfetto. Cos\u00ec, il Cielo Empireo, al vertice del cosmo, simboleggiava:<\/p>\n\n\n\n<ul class=\"wp-block-list\">\n<li>La perfezione assoluta.<\/li>\n\n\n\n<li>L\u2019immobilit\u00e0 divina.<\/li>\n\n\n\n<li>La pienezza dell\u2019amore eterno.<\/li>\n<\/ul>\n\n\n\n<p>Per san Tommaso d\u2019Aquino, il Cielo Empireo non era semplicemente una metafora: lo considerava una realt\u00e0 creata speciale, al di fuori del movimento e del tempo, dove dimorano i beati.<\/p>\n\n\n\n<hr class=\"wp-block-separator has-alpha-channel-opacity\"\/>\n\n\n\n<h2 class=\"wp-block-heading\">\u2728 4. Il Cielo Empireo nella Divina Commedia<\/h2>\n\n\n\n<p>Nel <em>Paradiso<\/em> della Divina Commedia, Dante descrive l\u2019Empireo come un oceano di luce pura, dove i santi formano una \u201crosa celeste\u201d e dove infine contempla Dio come \u201cl\u2019amor che move il sole e l\u2019altre stelle\u201d.<\/p>\n\n\n\n<p>Qui comprendiamo qualcosa di profondo:<br>Il Cielo Empireo non \u00e8 semplicemente un \u201cluogo\u201d. \u00c8 <strong>la comunione perfetta con Dio<\/strong>.<\/p>\n\n\n\n<hr class=\"wp-block-separator has-alpha-channel-opacity\"\/>\n\n\n\n<h2 class=\"wp-block-heading\">\ud83d\udd2d 5. Che cosa accadde quando cambi\u00f2 l\u2019astronomia?<\/h2>\n\n\n\n<p>Con Nicol\u00e1s Cop\u00e9rnico e poi con Galileo Galilei, il modello geocentrico fu sostituito da quello eliocentrico. L\u2019universo cess\u00f2 di essere concepito come una serie di sfere finite e venne inteso come vasto e persino potenzialmente infinito.<\/p>\n\n\n\n<p>Il Cielo Empireo scomparve?<\/p>\n\n\n\n<p>No. Ci\u00f2 che scomparve fu l\u2019immagine cosmologica letterale.<br>Ma la verit\u00e0 teologica rimane intatta:<\/p>\n\n\n\n<ul class=\"wp-block-list\">\n<li>Dio non \u00e8 contenuto nello spazio.<\/li>\n\n\n\n<li>Il cielo non \u00e8 un punto astronomico.<\/li>\n\n\n\n<li>La gloria eterna trascende le coordinate fisiche.<\/li>\n<\/ul>\n\n\n\n<p>Il Catechismo insegna che il cielo \u00e8 \u00ablo stato di suprema e definitiva felicit\u00e0\u00bb nella comunione con Dio.<\/p>\n\n\n\n<hr class=\"wp-block-separator has-alpha-channel-opacity\"\/>\n\n\n\n<h2 class=\"wp-block-heading\">\ud83d\udd25 6. Il significato teologico profondo<\/h2>\n\n\n\n<p>Dal punto di vista teologico, il Cielo Empireo esprime tre verit\u00e0 fondamentali:<\/p>\n\n\n\n<h3 class=\"wp-block-heading\">1\ufe0f\u20e3 Dio \u00e8 trascendente<\/h3>\n\n\n\n<p>Non fa parte dell\u2019universo. Non si trova in esso come un oggetto tra gli altri.<\/p>\n\n\n\n<h3 class=\"wp-block-heading\">2\ufe0f\u20e3 La creazione \u00e8 ordinata verso di Lui<\/h3>\n\n\n\n<p>Tutto il cosmo \u00e8 orientato verso il suo Creatore.<\/p>\n\n\n\n<h3 class=\"wp-block-heading\">3\ufe0f\u20e3 Il nostro destino \u00e8 soprannaturale<\/h3>\n\n\n\n<p>Non siamo fatti solo per questo mondo.<\/p>\n\n\n\n<p>Come dice san Paolo:<\/p>\n\n\n\n<blockquote class=\"wp-block-quote is-layout-flow wp-block-quote-is-layout-flow\">\n<p>\u00abLa nostra cittadinanza \u00e8 nei cieli\u00bb (Filippesi 3,20).<\/p>\n<\/blockquote>\n\n\n\n<hr class=\"wp-block-separator has-alpha-channel-opacity\"\/>\n\n\n\n<h2 class=\"wp-block-heading\">\ud83c\udf0d 7. Che cosa ci dice oggi il Cielo Empireo?<\/h2>\n\n\n\n<p>In una cultura materialista, dove solo ci\u00f2 che \u00e8 misurabile sembra reale, il concetto di Cielo Empireo ci ricorda che:<\/p>\n\n\n\n<ul class=\"wp-block-list\">\n<li>La realt\u00e0 non si esaurisce nel visibile.<\/li>\n\n\n\n<li>La persona umana ha un destino eterno.<\/li>\n\n\n\n<li>La storia ha una direzione.<\/li>\n<\/ul>\n\n\n\n<p>Oggi possiamo inviare sonde ai confini del sistema solare, ma nessun telescopio trover\u00e0 il cielo come stato di grazia. Perch\u00e9 il cielo non \u00e8 una galassia lontana: \u00e8 <strong>la vita stessa di Dio condivisa con noi<\/strong>.<\/p>\n\n\n\n<hr class=\"wp-block-separator has-alpha-channel-opacity\"\/>\n\n\n\n<h2 class=\"wp-block-heading\">\ud83d\udd4a 8. Applicazioni pratiche per la vita quotidiana<\/h2>\n\n\n\n<p>Qui il Cielo Empireo smette di essere teoria e diventa realt\u00e0 pastorale.<\/p>\n\n\n\n<h3 class=\"wp-block-heading\">\u2728 1. Vivere con una prospettiva eterna<\/h3>\n\n\n\n<p>Se il cielo \u00e8 la nostra meta, le nostre decisioni cambiano.<\/p>\n\n\n\n<ul class=\"wp-block-list\">\n<li>Perdono o coltivo il rancore?<\/li>\n\n\n\n<li>Cerco la santit\u00e0 o la comodit\u00e0?<\/li>\n\n\n\n<li>Vivo solo per oggi o per l\u2019eternit\u00e0?<\/li>\n<\/ul>\n\n\n\n<h3 class=\"wp-block-heading\">\u2728 2. Ordinare il cuore<\/h3>\n\n\n\n<p>La cosmologia medievale insegnava un universo ordinato.<br>Anche la nostra anima ha bisogno di ordine.<\/p>\n\n\n\n<p>Quando Dio occupa il centro, tutto trova il suo giusto posto.<\/p>\n\n\n\n<h3 class=\"wp-block-heading\">\u2728 3. Alzare lo sguardo<\/h3>\n\n\n\n<p>Il cristiano \u00e8 colui che guarda oltre.<br>In mezzo a crisi, guerre e incertezze, ricordiamo che la nostra speranza non si fonda su strutture umane, ma sulla promessa eterna.<\/p>\n\n\n\n<hr class=\"wp-block-separator has-alpha-channel-opacity\"\/>\n\n\n\n<h2 class=\"wp-block-heading\">\ud83c\udf1f 9. Dall\u2019\u201calto fisico\u201d all\u2019\u201coltre spirituale\u201d<\/h2>\n\n\n\n<p>La grande lezione \u00e8 questa:<\/p>\n\n\n\n<p>Il Cielo Empireo non era un errore ingenuo. Era una pedagogia.<br>I medievali usarono il linguaggio del cosmo per esprimere una verit\u00e0 eterna:<br><strong>Dio \u00e8 al di sopra di tutto, e verso di Lui siamo in cammino.<\/strong><\/p>\n\n\n\n<p>Oggi non immaginiamo pi\u00f9 sfere cristalline che ruotano attorno alla Terra. Ma continuiamo a professare:<\/p>\n\n\n\n<ul class=\"wp-block-list\">\n<li>Credo nella vita eterna.<\/li>\n\n\n\n<li>Credo nella risurrezione della carne.<\/li>\n\n\n\n<li>Credo nella comunione dei santi.<\/li>\n<\/ul>\n\n\n\n<p>Il cielo non \u00e8 \u201cin alto\u201d in senso astronomico.<br>\u00c8 \u201coltre\u201d in senso ontologico.<\/p>\n\n\n\n<hr class=\"wp-block-separator has-alpha-channel-opacity\"\/>\n\n\n\n<h2 class=\"wp-block-heading\">\ud83d\udca1 Conclusione: Ritrovare il senso della trascendenza<\/h2>\n\n\n\n<p>Forse il pericolo pi\u00f9 grande del nostro tempo non \u00e8 negare il cielo, ma dimenticarlo.<\/p>\n\n\n\n<p>Il Cielo Empireo ci invita a ritrovare:<\/p>\n\n\n\n<ul class=\"wp-block-list\">\n<li>Il senso della meraviglia.<\/li>\n\n\n\n<li>La consapevolezza della nostra dignit\u00e0 eterna.<\/li>\n\n\n\n<li>L\u2019orientamento verso ci\u00f2 che \u00e8 in alto.<\/li>\n<\/ul>\n\n\n\n<p>Perch\u00e9, alla fine, la domanda non \u00e8 dove si trovi il cielo.<br>La domanda \u00e8: <strong>verso cosa \u00e8 orientato il tuo cuore?<\/strong><\/p>\n\n\n\n<p>Come dice il Salmo:<\/p>\n\n\n\n<blockquote class=\"wp-block-quote is-layout-flow wp-block-quote-is-layout-flow\">\n<p>\u00abAlzo gli occhi verso i monti:<br>da dove mi verr\u00e0 l\u2019aiuto?<br>Il mio aiuto viene dal Signore\u00bb (Salmo 121,1\u20132).<\/p>\n<\/blockquote>\n\n\n\n<p>Che tutta la nostra vita sia un\u2019ascesa interiore verso questo vero Empireo, dove l\u2019Amore non si spegne e la luce non conosce tramonto.<\/p>\n\n\n\n<p>E che ogni decisione quotidiana sia un passo in pi\u00f9 verso quella patria che non si scopre con i telescopi, ma con la santit\u00e0.<\/p>\n","protected":false},"excerpt":{"rendered":"<p>Per secoli, i cristiani hanno guardato il cielo notturno non solo con meraviglia, ma con certezza: oltre le stelle, oltre i cieli visibili, si trovava il Cielo Empireo, la dimora di Dio e dei beati. Oggi, in un\u2019epoca dominata dai telescopi spaziali e dalle teorie cosmologiche, questa idea pu\u00f2 sembrarci poetica o persino ingenua. Tuttavia, &hellip;<\/p>\n","protected":false},"author":3,"featured_media":4987,"comment_status":"closed","ping_status":"closed","sticky":false,"template":"","format":"standard","meta":{"_seopress_robots_primary_cat":"","_seopress_titles_title":"","_seopress_titles_desc":"","_seopress_robots_index":"","footnotes":""},"categories":[41,63],"tags":[1842],"class_list":["post-4986","post","type-post","status-publish","format-standard","has-post-thumbnail","","category-fede-e-cultura","category-filosofia-e-fede","tag-cielo-empireo"],"_links":{"self":[{"href":"https:\/\/catholicus.eu\/it\/wp-json\/wp\/v2\/posts\/4986","targetHints":{"allow":["GET"]}}],"collection":[{"href":"https:\/\/catholicus.eu\/it\/wp-json\/wp\/v2\/posts"}],"about":[{"href":"https:\/\/catholicus.eu\/it\/wp-json\/wp\/v2\/types\/post"}],"author":[{"embeddable":true,"href":"https:\/\/catholicus.eu\/it\/wp-json\/wp\/v2\/users\/3"}],"replies":[{"embeddable":true,"href":"https:\/\/catholicus.eu\/it\/wp-json\/wp\/v2\/comments?post=4986"}],"version-history":[{"count":1,"href":"https:\/\/catholicus.eu\/it\/wp-json\/wp\/v2\/posts\/4986\/revisions"}],"predecessor-version":[{"id":4988,"href":"https:\/\/catholicus.eu\/it\/wp-json\/wp\/v2\/posts\/4986\/revisions\/4988"}],"wp:featuredmedia":[{"embeddable":true,"href":"https:\/\/catholicus.eu\/it\/wp-json\/wp\/v2\/media\/4987"}],"wp:attachment":[{"href":"https:\/\/catholicus.eu\/it\/wp-json\/wp\/v2\/media?parent=4986"}],"wp:term":[{"taxonomy":"category","embeddable":true,"href":"https:\/\/catholicus.eu\/it\/wp-json\/wp\/v2\/categories?post=4986"},{"taxonomy":"post_tag","embeddable":true,"href":"https:\/\/catholicus.eu\/it\/wp-json\/wp\/v2\/tags?post=4986"}],"curies":[{"name":"wp","href":"https:\/\/api.w.org\/{rel}","templated":true}]}}