{"id":4926,"date":"2026-02-08T09:49:15","date_gmt":"2026-02-08T08:49:15","guid":{"rendered":"https:\/\/catholicus.eu\/it\/?p=4926"},"modified":"2026-02-08T09:49:15","modified_gmt":"2026-02-08T08:49:15","slug":"il-sacerdote-cattolico-vs-il-pastore-protestante-la-differenza-tra-lordine-sacro-e-il-carisma-personalista","status":"publish","type":"post","link":"https:\/\/catholicus.eu\/it\/il-sacerdote-cattolico-vs-il-pastore-protestante-la-differenza-tra-lordine-sacro-e-il-carisma-personalista\/","title":{"rendered":"Il \u201cSacerdote\u201d cattolico vs. il \u201cPastore\u201d protestante: La differenza tra l\u2019Ordine Sacro e il carisma personalista"},"content":{"rendered":"\n<p><em>Una chiave decisiva per comprendere la Chiesa, la fede e l\u2019autorit\u00e0 spirituale oggi<\/em><\/p>\n\n\n\n<hr class=\"wp-block-separator has-alpha-channel-opacity\"\/>\n\n\n\n<h2 class=\"wp-block-heading\">Introduzione: una confusione molto attuale<\/h2>\n\n\n\n<p>Nel linguaggio quotidiano \u2014 e persino in molti mezzi di comunicazione \u2014 si parla indistintamente di <em>sacerdoti<\/em>, <em>pastori<\/em>, <em>leader religiosi<\/em> o <em>ministri<\/em>. Per molti credenti comuni, la differenza sembra essere solo una questione di nomi o di denominazioni. In fondo, entrambi predicano, leggono la Bibbia, accompagnano spiritualmente\u2026<\/p>\n\n\n\n<p>Ma <strong>dal punto di vista teologico, spirituale ed ecclesiale<\/strong>, la differenza tra un <strong>sacerdote cattolico<\/strong> e un <strong>pastore protestante<\/strong> non \u00e8 secondaria: \u00e8 <strong>radicale<\/strong>, <strong>strutturale<\/strong> e <strong>sacramentale<\/strong>.<\/p>\n\n\n\n<p>Non si tratta di chi parla meglio, di chi ha pi\u00f9 carisma o di chi \u201ccoinvolge\u201d di pi\u00f9 le persone. La differenza tocca il cuore stesso del cristianesimo:<br>\ud83d\udc49 <strong>Chi agisce nel nome di Cristo?<\/strong><br>\ud83d\udc49 <strong>Da dove proviene l\u2019autorit\u00e0 spirituale?<\/strong><br>\ud83d\udc49 <strong>Che cos\u2019\u00e8 la Chiesa: un\u2019assemblea guidata da leader o un Corpo vivificato dai sacramenti?<\/strong><\/p>\n\n\n\n<p>Questo articolo vuole <strong>educare<\/strong>, <strong>chiarire<\/strong>, <strong>ispirare<\/strong> e anche <strong>servire come guida spirituale pratica<\/strong>, soprattutto in un tempo in cui il carisma personale sembra pesare pi\u00f9 della verit\u00e0 sacramentale.<\/p>\n\n\n\n<hr class=\"wp-block-separator has-alpha-channel-opacity\"\/>\n\n\n\n<h2 class=\"wp-block-heading\">1. Due modelli spirituali opposti<\/h2>\n\n\n\n<h3 class=\"wp-block-heading\">Il modello cattolico: Cristo agisce attraverso l\u2019Ordine Sacro<\/h3>\n\n\n\n<p>Nella Chiesa cattolica, il <strong>sacerdote<\/strong> non \u00e8 semplicemente un \u201cleader religioso\u201d n\u00e9 un \u201canimatore spirituale\u201d. \u00c8 un <strong>uomo configurato ontologicamente a Cristo Sacerdote<\/strong> mediante il <strong>sacramento dell\u2019Ordine<\/strong>.<\/p>\n\n\n\n<p>Quando il vescovo impone le mani su di lui, avviene qualcosa di reale, invisibile ma efficace:<br>\u27a1\ufe0f <strong>la sua anima viene segnata da un carattere sacramentale indelebile<\/strong>.<\/p>\n\n\n\n<p>Per questo la Chiesa insegna che il sacerdote agisce:<\/p>\n\n\n\n<blockquote class=\"wp-block-quote is-layout-flow wp-block-quote-is-layout-flow\">\n<p><em>\u201cin persona Christi Capitis\u201d<\/em><br><em>(nella persona di Cristo Capo)<\/em><\/p>\n<\/blockquote>\n\n\n\n<p>Egli non parla <strong>a nome proprio<\/strong>, n\u00e9 nemmeno <strong>a nome della comunit\u00e0<\/strong>, ma <strong>a nome di Cristo stesso<\/strong>.<\/p>\n\n\n\n<hr class=\"wp-block-separator has-alpha-channel-opacity\"\/>\n\n\n\n<h3 class=\"wp-block-heading\">Il modello protestante: l\u2019autorit\u00e0 nasce dal carisma e dal riconoscimento umano<\/h3>\n\n\n\n<p>Nel protestantesimo, il <strong>pastore<\/strong> non riceve un sacramento che lo configuri ontologicamente a Cristo. La sua autorit\u00e0 si fonda su:<\/p>\n\n\n\n<ul class=\"wp-block-list\">\n<li>La sua <strong>interpretazione personale della Scrittura<\/strong><\/li>\n\n\n\n<li>Il suo <strong>carisma<\/strong> (capacit\u00e0 di predicare, guidare, suscitare emozioni)<\/li>\n\n\n\n<li>Il <strong>riconoscimento della comunit\u00e0<\/strong><\/li>\n\n\n\n<li>Talvolta, una \u201cordinazione\u201d simbolica priva di efficacia sacramentale<\/li>\n<\/ul>\n\n\n\n<p>Il pastore <strong>non agisce nel nome di Cristo in modo sacramentale<\/strong>, ma come <strong>insegnante, predicatore o guida spirituale<\/strong>, a seconda della denominazione.<\/p>\n\n\n\n<p>Questo genera un modello profondamente diverso:<br>\ud83d\udc49 <strong>L\u2019autorit\u00e0 \u00e8 funzionale e revocabile<\/strong><br>\ud83d\udc49 <strong>Dipende dal successo, dall\u2019accettazione o dal carisma personale<\/strong><\/p>\n\n\n\n<hr class=\"wp-block-separator has-alpha-channel-opacity\"\/>\n\n\n\n<h2 class=\"wp-block-heading\">2. Il fondamento biblico dell\u2019Ordine Sacro<\/h2>\n\n\n\n<p>La Chiesa cattolica non ha \u201cinventato\u201d il sacerdozio. Lo ha ricevuto direttamente da Cristo.<\/p>\n\n\n\n<h3 class=\"wp-block-heading\">Cristo sceglie, consacra e invia<\/h3>\n\n\n\n<p>Ges\u00f9 non ha chiamato tutti allo stesso modo per tutto:<\/p>\n\n\n\n<blockquote class=\"wp-block-quote is-layout-flow wp-block-quote-is-layout-flow\">\n<p>\u00abNon voi avete scelto me, ma io ho scelto voi e vi ho costituiti\u00bb<br><em>(Gv 15,16)<\/em><\/p>\n<\/blockquote>\n\n\n\n<p>Ai Dodici ha conferito poteri specifici:<\/p>\n\n\n\n<blockquote class=\"wp-block-quote is-layout-flow wp-block-quote-is-layout-flow\">\n<p>\u00abFate questo in memoria di me\u00bb<br><em>(Lc 22,19)<\/em><\/p>\n<\/blockquote>\n\n\n\n<blockquote class=\"wp-block-quote is-layout-flow wp-block-quote-is-layout-flow\">\n<p>\u00abA chi rimetterete i peccati saranno rimessi\u00bb<br><em>(Gv 20,23)<\/em><\/p>\n<\/blockquote>\n\n\n\n<p>Queste parole <strong>non sono rivolte alla folla<\/strong>, n\u00e9 ai settantadue discepoli, ma <strong>agli apostoli<\/strong>, origine del sacerdozio ministeriale.<\/p>\n\n\n\n<hr class=\"wp-block-separator has-alpha-channel-opacity\"\/>\n\n\n\n<h3 class=\"wp-block-heading\">La successione apostolica<\/h3>\n\n\n\n<p>Gli apostoli, a loro volta, <strong>imposero le mani<\/strong> per trasmettere questo ministero:<\/p>\n\n\n\n<blockquote class=\"wp-block-quote is-layout-flow wp-block-quote-is-layout-flow\">\n<p>\u00abTi ricordo di ravvivare il dono di Dio che \u00e8 in te mediante l\u2019imposizione delle mie mani\u00bb<br><em>(2 Tm 1,6)<\/em><\/p>\n<\/blockquote>\n\n\n\n<p>Questo gesto non \u00e8 simbolico: \u00e8 <strong>sacramentale<\/strong>. Da qui nasce la <strong>successione apostolica<\/strong>, ininterrotta fino a oggi.<\/p>\n\n\n\n<p>\u27a1\ufe0f <strong>Un sacerdote \u00e8 sacerdote perch\u00e9 partecipa al sacerdozio di Cristo attraverso gli apostoli.<\/strong><br>\u27a1\ufe0f <strong>Un pastore \u00e8 pastore perch\u00e9 una comunit\u00e0 o un\u2019istituzione lo riconosce come tale.<\/strong><\/p>\n\n\n\n<hr class=\"wp-block-separator has-alpha-channel-opacity\"\/>\n\n\n\n<h2 class=\"wp-block-heading\">3. Il sacrificio: la differenza che cambia tutto<\/h2>\n\n\n\n<h3 class=\"wp-block-heading\">Il sacerdote offre il Sacrificio di Cristo<\/h3>\n\n\n\n<p>In ogni Santa Messa, il sacerdote <strong>non si limita a \u201cricordare\u201d l\u2019Ultima Cena<\/strong>:<br>\ud83d\udc49 <strong>la rende presente sacramentalmente<\/strong>.<\/p>\n\n\n\n<p>Il pane e il vino <strong>vengono realmente e veramente trasformati<\/strong> nel Corpo e nel Sangue di Cristo.<\/p>\n\n\n\n<blockquote class=\"wp-block-quote is-layout-flow wp-block-quote-is-layout-flow\">\n<p>\u00abQuesto \u00e8 il mio Corpo\u2026 Questo \u00e8 il mio Sangue\u00bb<br><em>(Mt 26,26-28)<\/em><\/p>\n<\/blockquote>\n\n\n\n<p>Il sacerdote <strong>non agisce in forza della propria fede personale<\/strong>, ma per il potere ricevuto nell\u2019Ordine Sacro.<\/p>\n\n\n\n<p>Anche se il sacerdote \u00e8 indegno, <strong>Cristo continua ad agire<\/strong>.<\/p>\n\n\n\n<hr class=\"wp-block-separator has-alpha-channel-opacity\"\/>\n\n\n\n<h3 class=\"wp-block-heading\">Il pastore non pu\u00f2 offrire un sacrificio<\/h3>\n\n\n\n<p>Nel protestantesimo:<\/p>\n\n\n\n<ul class=\"wp-block-list\">\n<li>Non esiste il sacrificio eucaristico<\/li>\n\n\n\n<li>Non esiste la transustanziazione<\/li>\n\n\n\n<li>Non c\u2019\u00e8 un altare, ma una tavola<\/li>\n\n\n\n<li>Non c\u2019\u00e8 un sacerdote, ma un predicatore<\/li>\n<\/ul>\n\n\n\n<p>La \u201cCena del Signore\u201d \u00e8 <strong>un memoriale simbolico<\/strong>, non una ri-presentazione sacramentale.<\/p>\n\n\n\n<p>Questa non \u00e8 una sfumatura: \u00e8 una differenza <strong>abissale<\/strong>.<\/p>\n\n\n\n<hr class=\"wp-block-separator has-alpha-channel-opacity\"\/>\n\n\n\n<h2 class=\"wp-block-heading\">4. Carisma personalista vs. grazia sacramentale<\/h2>\n\n\n\n<h3 class=\"wp-block-heading\">Il rischio del carisma senza sacramento<\/h3>\n\n\n\n<p>Il mondo moderno valorizza:<\/p>\n\n\n\n<ul class=\"wp-block-list\">\n<li>L\u2019eloquenza<\/li>\n\n\n\n<li>La leadership<\/li>\n\n\n\n<li>L\u2019emotivit\u00e0<\/li>\n\n\n\n<li>Il successo visibile<\/li>\n<\/ul>\n\n\n\n<p>Per questo molti cristiani \u2014 anche cattolici \u2014 sono attratti da modelli pastorali in cui il leader \u201cbrilla\u201d.<\/p>\n\n\n\n<p>Ma il Vangelo \u00e8 chiaro:<\/p>\n\n\n\n<blockquote class=\"wp-block-quote is-layout-flow wp-block-quote-is-layout-flow\">\n<p>\u00abNon chiunque mi dice: \u201cSignore, Signore\u201d, entrer\u00e0 nel Regno dei cieli\u00bb<br><em>(Mt 7,21)<\/em><\/p>\n<\/blockquote>\n\n\n\n<p>Il carisma <strong>non garantisce la verit\u00e0<\/strong>, n\u00e9 la santit\u00e0, n\u00e9 la fedelt\u00e0 dottrinale.<\/p>\n\n\n\n<hr class=\"wp-block-separator has-alpha-channel-opacity\"\/>\n\n\n\n<h3 class=\"wp-block-heading\">L\u2019umilt\u00e0 dell\u2019Ordine Sacro<\/h3>\n\n\n\n<p>Il sacerdote non viene scelto per il suo talento, ma per una chiamata che lo supera.<\/p>\n\n\n\n<p>La sua forza non risiede nella sua personalit\u00e0, ma <strong>nella grazia oggettiva<\/strong> che porta.<\/p>\n\n\n\n<p>\u27a1\ufe0f Pu\u00f2 essere timido, impacciato nel parlare o poco carismatico\u2026<br>\u27a1\ufe0f e tuttavia <strong>consacra<\/strong>, <strong>assolve<\/strong>, <strong>unge<\/strong>, <strong>benedice<\/strong> con la potenza di Cristo.<\/p>\n\n\n\n<hr class=\"wp-block-separator has-alpha-channel-opacity\"\/>\n\n\n\n<h2 class=\"wp-block-heading\">5. Guida pratica teologica e pastorale<\/h2>\n\n\n\n<h3 class=\"wp-block-heading\">Come vivere correttamente questa differenza oggi<\/h3>\n\n\n\n<h3 class=\"wp-block-heading\">1. Non cercare \u201cil sacerdote che mi piace\u201d, ma quello che mi conduce a Cristo<\/h3>\n\n\n\n<p>La fede non si basa sulle preferenze personali. Chiediti:<\/p>\n\n\n\n<ul class=\"wp-block-list\">\n<li>Mi conduce ai sacramenti?<\/li>\n\n\n\n<li>Predica tutta la verit\u00e0?<\/li>\n\n\n\n<li>Mi chiama alla conversione?<\/li>\n<\/ul>\n\n\n\n<hr class=\"wp-block-separator has-alpha-channel-opacity\"\/>\n\n\n\n<h3 class=\"wp-block-heading\">2. Valorizzare la Messa come sacrificio, non come spettacolo<\/h3>\n\n\n\n<p>Se cerchi emozione, applausi o intrattenimento, resterai deluso.<\/p>\n\n\n\n<p>La Messa non ruota attorno al sacerdote, ma attorno a Cristo crocifisso e risorto.<\/p>\n\n\n\n<hr class=\"wp-block-separator has-alpha-channel-opacity\"\/>\n\n\n\n<h3 class=\"wp-block-heading\">3. Pregare per i sacerdoti (soprattutto per i pi\u00f9 deboli)<\/h3>\n\n\n\n<p>Proprio perch\u00e9 la loro missione \u00e8 soprannaturale, l\u2019attacco spirituale \u00e8 pi\u00f9 forte.<\/p>\n\n\n\n<blockquote class=\"wp-block-quote is-layout-flow wp-block-quote-is-layout-flow\">\n<p>\u00abPercuoter\u00f2 il pastore e le pecore del gregge saranno disperse\u00bb<br><em>(Mt 26,31)<\/em><\/p>\n<\/blockquote>\n\n\n\n<hr class=\"wp-block-separator has-alpha-channel-opacity\"\/>\n\n\n\n<h3 class=\"wp-block-heading\">4. Discernere i discorsi \u201cbelli\u201d ma vuoti della Croce<\/h3>\n\n\n\n<p>Dove non ci sono sacrificio, penitenza o verit\u00e0 scomode, <strong>manca qualcosa<\/strong>.<\/p>\n\n\n\n<p>Cristo non ha promesso il successo, ma la fedelt\u00e0.<\/p>\n\n\n\n<hr class=\"wp-block-separator has-alpha-channel-opacity\"\/>\n\n\n\n<h3 class=\"wp-block-heading\">5. Vivere la fede come appartenenza a un Corpo, non come consumo spirituale<\/h3>\n\n\n\n<p>Il protestantesimo tende all\u2019individualismo: \u201cio e la mia Bibbia\u201d.<\/p>\n\n\n\n<p>Il cattolicesimo \u00e8 <strong>ecclesiale<\/strong>, <strong>sacramentale<\/strong> e <strong>incarnato<\/strong>.<\/p>\n\n\n\n<p>Non scegliamo la Chiesa come un prodotto; <strong>siamo innestati in essa<\/strong>.<\/p>\n\n\n\n<hr class=\"wp-block-separator has-alpha-channel-opacity\"\/>\n\n\n\n<h2 class=\"wp-block-heading\">Conclusione: non \u00e8 una guerra di persone, ma di fondamenti<\/h2>\n\n\n\n<p>Questo articolo non intende attaccare nessuno. Molti pastori protestanti sono sinceri, dediti e in buona fede. Ma la sincerit\u00e0 <strong>non sostituisce il sacramento<\/strong>.<\/p>\n\n\n\n<p>La differenza tra il sacerdote cattolico e il pastore protestante non \u00e8 una questione di stile, ma di <strong>origine<\/strong>, <strong>autorit\u00e0<\/strong> e <strong>realt\u00e0 spirituale<\/strong>.<\/p>\n\n\n\n<p>\ud83d\udc49 L\u2019uno agisce <strong>per carisma umano<\/strong><br>\ud83d\udc49 L\u2019altro agisce <strong>per grazia sacramentale<\/strong><\/p>\n\n\n\n<p>In tempi di confusione, tornare a questa verit\u00e0 non \u00e8 nostalgia: \u00e8 una <strong>necessit\u00e0 spirituale<\/strong>.<\/p>\n\n\n\n<p>Perch\u00e9 quando tutto passa, <strong>rimane solo ci\u00f2 che Cristo ha istituito<\/strong>.<\/p>\n\n\n\n<p>E Cristo non ha lasciato solo idee\u2026<br>\ud83d\udc49 <strong>Ha lasciato i sacramenti<\/strong><br>\ud83d\udc49 <strong>Ha lasciato i sacerdoti<\/strong><br>\ud83d\udc49 <strong>Ha lasciato la sua Chiesa<\/strong><\/p>\n","protected":false},"excerpt":{"rendered":"<p>Una chiave decisiva per comprendere la Chiesa, la fede e l\u2019autorit\u00e0 spirituale oggi Introduzione: una confusione molto attuale Nel linguaggio quotidiano \u2014 e persino in molti mezzi di comunicazione \u2014 si parla indistintamente di sacerdoti, pastori, leader religiosi o ministri. Per molti credenti comuni, la differenza sembra essere solo una questione di nomi o di &hellip;<\/p>\n","protected":false},"author":3,"featured_media":4927,"comment_status":"closed","ping_status":"closed","sticky":false,"template":"","format":"standard","meta":{"_seopress_robots_primary_cat":"","_seopress_titles_title":"","_seopress_titles_desc":"","_seopress_robots_index":"","footnotes":""},"categories":[66,41],"tags":[1829,312],"class_list":["post-4926","post","type-post","status-publish","format-standard","has-post-thumbnail","","category-cultura-popolare-e-cattolicesimo","category-fede-e-cultura","tag-pastore","tag-sacerdote"],"_links":{"self":[{"href":"https:\/\/catholicus.eu\/it\/wp-json\/wp\/v2\/posts\/4926","targetHints":{"allow":["GET"]}}],"collection":[{"href":"https:\/\/catholicus.eu\/it\/wp-json\/wp\/v2\/posts"}],"about":[{"href":"https:\/\/catholicus.eu\/it\/wp-json\/wp\/v2\/types\/post"}],"author":[{"embeddable":true,"href":"https:\/\/catholicus.eu\/it\/wp-json\/wp\/v2\/users\/3"}],"replies":[{"embeddable":true,"href":"https:\/\/catholicus.eu\/it\/wp-json\/wp\/v2\/comments?post=4926"}],"version-history":[{"count":1,"href":"https:\/\/catholicus.eu\/it\/wp-json\/wp\/v2\/posts\/4926\/revisions"}],"predecessor-version":[{"id":4928,"href":"https:\/\/catholicus.eu\/it\/wp-json\/wp\/v2\/posts\/4926\/revisions\/4928"}],"wp:featuredmedia":[{"embeddable":true,"href":"https:\/\/catholicus.eu\/it\/wp-json\/wp\/v2\/media\/4927"}],"wp:attachment":[{"href":"https:\/\/catholicus.eu\/it\/wp-json\/wp\/v2\/media?parent=4926"}],"wp:term":[{"taxonomy":"category","embeddable":true,"href":"https:\/\/catholicus.eu\/it\/wp-json\/wp\/v2\/categories?post=4926"},{"taxonomy":"post_tag","embeddable":true,"href":"https:\/\/catholicus.eu\/it\/wp-json\/wp\/v2\/tags?post=4926"}],"curies":[{"name":"wp","href":"https:\/\/api.w.org\/{rel}","templated":true}]}}