{"id":4920,"date":"2026-02-07T23:25:16","date_gmt":"2026-02-07T22:25:16","guid":{"rendered":"https:\/\/catholicus.eu\/it\/?p=4920"},"modified":"2026-02-07T23:25:16","modified_gmt":"2026-02-07T22:25:16","slug":"eresie-vs-concili-quando-lerrore-costrinse-la-chiesa-a-pensare-pregare-e-definire-la-verita","status":"publish","type":"post","link":"https:\/\/catholicus.eu\/it\/eresie-vs-concili-quando-lerrore-costrinse-la-chiesa-a-pensare-pregare-e-definire-la-verita\/","title":{"rendered":"Eresie vs Concili: quando l\u2019errore costrinse la Chiesa a pensare, pregare\u2026 e definire la Verit\u00e0"},"content":{"rendered":"\n<p><strong>La storia del cristianesimo non \u00e8 la storia di una fede comoda, ma di una fede messa alla prova.<\/strong><br>Ogni volta che un\u2019eresia ha tentato di deformare il volto di Cristo, la Chiesa non ha risposto con l\u2019improvvisazione, ma con la preghiera, lo studio, la sofferenza e, infine, con i <strong>Concili<\/strong>.<br>L\u00e0 dove nasceva la confusione, la Chiesa <strong>chiariva<\/strong>.<br>L\u00e0 dove appariva l\u2019errore, la Chiesa <strong>definiva<\/strong>.<br>L\u00e0 dove la fede veniva attaccata, la Chiesa <strong>custodiva il Deposito ricevuto dagli Apostoli<\/strong>.<\/p>\n\n\n\n<p>Questo articolo vuole aiutarti a comprendere <strong>perch\u00e9 le eresie non hanno distrutto la Chiesa<\/strong>, ma misteriosamente <strong>l\u2019hanno costretta ad approfondire la Verit\u00e0<\/strong>, e come quei dibattiti antichi illuminino direttamente i problemi dottrinali e pastorali di oggi.<\/p>\n\n\n\n<hr class=\"wp-block-separator has-alpha-channel-opacity\"\/>\n\n\n\n<h2 class=\"wp-block-heading\">1. Che cos\u2019\u00e8 un\u2019eresia\u2026 e perch\u00e9 Dio la permette?<\/h2>\n\n\n\n<p>Un\u2019<strong>eresia<\/strong> non \u00e8 semplicemente un errore teologico innocente. In senso classico, \u00e8:<\/p>\n\n\n\n<blockquote class=\"wp-block-quote is-layout-flow wp-block-quote-is-layout-flow\">\n<p><em>La negazione ostinata di una verit\u00e0 che deve essere creduta con fede divina e cattolica.<\/em><\/p>\n<\/blockquote>\n\n\n\n<p>Vale a dire: <strong>non \u00e8 ignoranza<\/strong>, ma <strong>resistenza a una Verit\u00e0 conosciuta<\/strong>.<\/p>\n\n\n\n<p>San Paolo lo aveva gi\u00e0 avvertito:<\/p>\n\n\n\n<blockquote class=\"wp-block-quote is-layout-flow wp-block-quote-is-layout-flow\">\n<p><em>\u00abVerr\u00e0 il tempo in cui non sopporteranno pi\u00f9 la sana dottrina; ma, seguendo i propri desideri, si circonderanno di maestri secondo le loro voglie\u00bb<\/em> (2 Tm 4,3).<\/p>\n<\/blockquote>\n\n\n\n<p>Dio <strong>non vuole l\u2019eresia<\/strong>, ma la <strong>permette<\/strong> per un bene pi\u00f9 grande:<br>\ud83d\udc49 costringere la Chiesa a <strong>formulare con precisione ci\u00f2 che ha sempre creduto<\/strong>.<\/p>\n\n\n\n<p>Prima dell\u2019eresia molte verit\u00e0 venivano vissute; <strong>dopo<\/strong>, furono definite.<\/p>\n\n\n\n<hr class=\"wp-block-separator has-alpha-channel-opacity\"\/>\n\n\n\n<h2 class=\"wp-block-heading\">2. Che cos\u2019\u00e8 un Concilio? Molto pi\u00f9 di una riunione<\/h2>\n\n\n\n<p>Un <strong>Concilio ecumenico<\/strong> \u00e8 la massima espressione del Magistero solenne della Chiesa, nel quale i vescovi, in comunione con il Papa, <strong>definiscono dottrine vincolanti per tutti i fedeli<\/strong>.<\/p>\n\n\n\n<p>Non inventano nulla di nuovo.<br><strong>Difendono, chiariscono e precisano<\/strong> ci\u00f2 che era gi\u00e0 contenuto nella Rivelazione.<\/p>\n\n\n\n<p>Ges\u00f9 lo ha promesso:<\/p>\n\n\n\n<blockquote class=\"wp-block-quote is-layout-flow wp-block-quote-is-layout-flow\">\n<p><em>\u00abQuando verr\u00e0 lo Spirito della verit\u00e0, egli vi guider\u00e0 a tutta la verit\u00e0\u00bb<\/em> (Gv 16,13).<\/p>\n<\/blockquote>\n\n\n\n<hr class=\"wp-block-separator has-alpha-channel-opacity\"\/>\n\n\n\n<h2 class=\"wp-block-heading\">3. Le grandi eresie\u2026 e i Concili che le hanno superate<\/h2>\n\n\n\n<h3 class=\"wp-block-heading\">\ud83d\udd25 ARIANESIMO \u2013 <em>Ges\u00f9 \u00e8 Dio\u2026 o una creatura?<\/em><\/h3>\n\n\n\n<p><strong>Eresia:<\/strong> Ario affermava che il Figlio non fosse n\u00e9 eterno n\u00e9 consustanziale al Padre.<br><strong>Conseguenza:<\/strong> Cristo non sarebbe pi\u00f9 vero Dio.<\/p>\n\n\n\n<p>\ud83d\udee1 <strong>Concilio di Nicea I (325)<\/strong><br>Definizione chiave:<\/p>\n\n\n\n<blockquote class=\"wp-block-quote is-layout-flow wp-block-quote-is-layout-flow\">\n<p><em>\u00abGenerato, non creato, della stessa sostanza (homoousios) del Padre\u00bb.<\/em><\/p>\n<\/blockquote>\n\n\n\n<p>\ud83d\udc49 <strong>Impatto attuale:<\/strong><br>Ogni volta che Ges\u00f9 viene ridotto a un \u201cmaestro morale\u201d, a un \u201cleader spirituale\u201d o a un \u201cprofeta\u201d, l\u2019arianesimo <strong>ritorna in abiti moderni<\/strong>.<\/p>\n\n\n\n<hr class=\"wp-block-separator has-alpha-channel-opacity\"\/>\n\n\n\n<h3 class=\"wp-block-heading\">\ud83d\udd25 NESTORIANESIMO \u2013 <em>Maria \u00e8 Madre di Dio?<\/em><\/h3>\n\n\n\n<p><strong>Eresia:<\/strong> Nestorio separava Cristo in due persone, una divina e una umana.<br>Maria sarebbe soltanto la madre dell\u2019\u201cuomo Ges\u00f9\u201d.<\/p>\n\n\n\n<p>\ud83d\udee1 <strong>Concilio di Efeso (431)<\/strong><br>Definizione:<\/p>\n\n\n\n<blockquote class=\"wp-block-quote is-layout-flow wp-block-quote-is-layout-flow\">\n<p>Maria \u00e8 <strong>Theotokos<\/strong>, Madre di Dio.<\/p>\n<\/blockquote>\n\n\n\n<p>\ud83d\udc49 <strong>Impatto attuale:<\/strong><br>Ogni volta che si separa il \u201cGes\u00f9 storico\u201d dal \u201cCristo della fede\u201d, <strong>Nestorio torna a parlare<\/strong>.<\/p>\n\n\n\n<hr class=\"wp-block-separator has-alpha-channel-opacity\"\/>\n\n\n\n<h3 class=\"wp-block-heading\">\ud83d\udd25 MONOFISISMO \u2013 <em>Cristo ha una sola natura?<\/em><\/h3>\n\n\n\n<p><strong>Eresia:<\/strong> Negava la vera umanit\u00e0 di Cristo dopo l\u2019Incarnazione.<\/p>\n\n\n\n<p>\ud83d\udee1 <strong>Concilio di Calcedonia (451)<\/strong><br>Definizione magistrale:<\/p>\n\n\n\n<blockquote class=\"wp-block-quote is-layout-flow wp-block-quote-is-layout-flow\">\n<p><em>Un\u2019unica Persona in due nature, senza confusione, senza cambiamento, senza divisione n\u00e9 separazione.<\/em><\/p>\n<\/blockquote>\n\n\n\n<p>\ud83d\udc49 <strong>Impatto attuale:<\/strong><br>Ogni forma di spiritualismo che disprezza il corpo, il sacrificio e la Croce <strong>attinge a questa radice<\/strong>.<\/p>\n\n\n\n<hr class=\"wp-block-separator has-alpha-channel-opacity\"\/>\n\n\n\n<h3 class=\"wp-block-heading\">\ud83d\udd25 PELAGIANESIMO \u2013 <em>Ci salviamo da soli?<\/em><\/h3>\n\n\n\n<p><strong>Eresia:<\/strong> Negava il peccato originale e la necessit\u00e0 della grazia.<\/p>\n\n\n\n<p>\ud83d\udee1 <strong>Concili di Cartagine (418) e di Orange (529)<\/strong><br>Definizione:<\/p>\n\n\n\n<blockquote class=\"wp-block-quote is-layout-flow wp-block-quote-is-layout-flow\">\n<p>La grazia \u00e8 <strong>assolutamente necessaria<\/strong> per la salvezza.<\/p>\n<\/blockquote>\n\n\n\n<p>\ud83d\udc49 <strong>Impatto attuale:<\/strong><br>Il moralismo senza grazia, l\u2019idea che \u201cbasta essere brave persone\u201d, \u00e8 <strong>pelagianesimo riciclato<\/strong>.<\/p>\n\n\n\n<hr class=\"wp-block-separator has-alpha-channel-opacity\"\/>\n\n\n\n<h3 class=\"wp-block-heading\">\ud83d\udd25 DONATISMO \u2013 <em>I sacramenti dipendono dalla santit\u00e0 del sacerdote?<\/em><\/h3>\n\n\n\n<p><strong>Eresia:<\/strong> Se il ministro era peccatore, il sacramento era invalido.<\/p>\n\n\n\n<p>\ud83d\udee1 <strong>Concili di Arles e di Cartagine (IV\u2013V secolo)<\/strong><br>Definizione:<\/p>\n\n\n\n<blockquote class=\"wp-block-quote is-layout-flow wp-block-quote-is-layout-flow\">\n<p>I sacramenti agiscono <strong>ex opere operato<\/strong>, per Cristo, non per il ministro.<\/p>\n<\/blockquote>\n\n\n\n<p>\ud83d\udc49 <strong>Impatto attuale:<\/strong><br>Gli scandali reali non annullano la grazia reale. La Chiesa \u00e8 santa <strong>anche quando i suoi membri sono peccatori<\/strong>.<\/p>\n\n\n\n<hr class=\"wp-block-separator has-alpha-channel-opacity\"\/>\n\n\n\n<h3 class=\"wp-block-heading\">\ud83d\udd25 ICONOCLASTIA \u2013 <em>Le immagini sono idolatria?<\/em><\/h3>\n\n\n\n<p><strong>Eresia:<\/strong> Rifiuto delle immagini sacre.<\/p>\n\n\n\n<p>\ud83d\udee1 <strong>Secondo Concilio di Nicea (787)<\/strong><br>Definizione:<\/p>\n\n\n\n<blockquote class=\"wp-block-quote is-layout-flow wp-block-quote-is-layout-flow\">\n<p>Le immagini si venerano, non si adorano.<\/p>\n<\/blockquote>\n\n\n\n<p>\ud83d\udc49 <strong>Impatto attuale:<\/strong><br>Lo svuotamento simbolico ed estetico delle chiese <strong>impoverisce la fede<\/strong>.<\/p>\n\n\n\n<hr class=\"wp-block-separator has-alpha-channel-opacity\"\/>\n\n\n\n<h3 class=\"wp-block-heading\">\ud83d\udd25 PROTESTANTESIMO \u2013 <em>Fede senza opere? Bibbia senza Chiesa?<\/em><\/h3>\n\n\n\n<p><strong>Errori dottrinali multipli:<\/strong><br>\u2013 Sola Scriptura<br>\u2013 Sola Fide<br>\u2013 Negazione dei sacramenti<\/p>\n\n\n\n<p>\ud83d\udee1 <strong>Concilio di Trento (1545\u20131563)<\/strong><br>Definizioni:<br>\u2013 Fede e opere<br>\u2013 Canone biblico<br>\u2013 Sacramenti<br>\u2013 La Messa come sacrificio<\/p>\n\n\n\n<p>\ud83d\udc49 <strong>Impatto attuale:<\/strong><br>Molto linguaggio \u201ccattolico\u201d oggi \u00e8 <strong>protestante senza saperlo<\/strong>.<\/p>\n\n\n\n<hr class=\"wp-block-separator has-alpha-channel-opacity\"\/>\n\n\n\n<h3 class=\"wp-block-heading\">\ud83d\udd25 MODERNISMO \u2013 <em>La fede adattata al gusto del mondo<\/em><\/h3>\n\n\n\n<p><strong>Eresia:<\/strong> La verit\u00e0 cambia con la cultura.<\/p>\n\n\n\n<p>\ud83d\udee1 <strong>Concilio Vaticano I (1870)<\/strong><br>Definizione:<\/p>\n\n\n\n<blockquote class=\"wp-block-quote is-layout-flow wp-block-quote-is-layout-flow\">\n<p>La fede non contraddice la ragione, ma <strong>la trascende<\/strong>.<\/p>\n<\/blockquote>\n\n\n\n<p>(San Pio X lo chiamer\u00e0 in seguito \u00abla sintesi di tutte le eresie\u00bb).<\/p>\n\n\n\n<p>\ud83d\udc49 <strong>Impatto attuale:<\/strong><br>Quando la dottrina viene annacquata per non disturbare, <strong>il modernismo sorride<\/strong>.<\/p>\n\n\n\n<hr class=\"wp-block-separator has-alpha-channel-opacity\"\/>\n\n\n\n<h2 class=\"wp-block-heading\">4. Guida pratica: vivere oggi con una fede conciliare (teologica e pastorale)<\/h2>\n\n\n\n<h3 class=\"wp-block-heading\">\ud83d\udcff 1. Ama la dottrina: \u00e8 un atto di carit\u00e0<\/h3>\n\n\n\n<p>La verit\u00e0 <strong>non opprime<\/strong>, libera (Gv 8,32).<\/p>\n\n\n\n<h3 class=\"wp-block-heading\">\ud83d\udcff 2. Non opporre la \u201cpastorale\u201d alla \u201cdottrina\u201d<\/h3>\n\n\n\n<p>La vera pastorale <strong>sgorga dalla verit\u00e0<\/strong>, non dall\u2019ambiguit\u00e0.<\/p>\n\n\n\n<h3 class=\"wp-block-heading\">\ud83d\udcff 3. Impara a individuare le eresie moderne<\/h3>\n\n\n\n<p>\u2013 Relativismo morale<br>\u2013 Cristologia ridotta<br>\u2013 Sacramenti ridotti a simboli<br>\u2013 Grazia senza conversione<\/p>\n\n\n\n<h3 class=\"wp-block-heading\">\ud83d\udcff 4. Vivi in comunione con il Magistero di sempre<\/h3>\n\n\n\n<p>Non ogni cambiamento \u00e8 progresso.<br>Non ogni novit\u00e0 \u00e8 sviluppo autentico.<\/p>\n\n\n\n<h3 class=\"wp-block-heading\">\ud83d\udcff 5. Prega per la Chiesa<\/h3>\n\n\n\n<p>I Concili sono nati <strong>dalle crisi<\/strong>, non dalla comodit\u00e0.<\/p>\n\n\n\n<hr class=\"wp-block-separator has-alpha-channel-opacity\"\/>\n\n\n\n<h2 class=\"wp-block-heading\">5. Conclusione: la Verit\u00e0 vince sempre<\/h2>\n\n\n\n<p>Le eresie passano.<br>I Concili restano.<br>Gli errori gridano.<br>La Verit\u00e0 <strong>attende\u2026 e alla fine prevale<\/strong>.<\/p>\n\n\n\n<p>Come scriveva san Vincenzo di Lerino:<\/p>\n\n\n\n<blockquote class=\"wp-block-quote is-layout-flow wp-block-quote-is-layout-flow\">\n<p><em>\u00abNella Chiesa c\u2019\u00e8 progresso, ma senza alterazione della fede; sviluppo, ma non trasformazione.\u00bb<\/em><\/p>\n<\/blockquote>\n\n\n\n<p>Oggi come ieri <strong>non abbiamo bisogno di una fede nuova<\/strong>, ma <strong>della fede di sempre, vissuta con coraggio oggi<\/strong>.<\/p>\n\n\n\n<p>Perch\u00e9 quando l\u2019errore si moltiplica,<br><strong>la chiarezza diventa un atto d\u2019amore<\/strong>.<\/p>\n","protected":false},"excerpt":{"rendered":"<p>La storia del cristianesimo non \u00e8 la storia di una fede comoda, ma di una fede messa alla prova.Ogni volta che un\u2019eresia ha tentato di deformare il volto di Cristo, la Chiesa non ha risposto con l\u2019improvvisazione, ma con la preghiera, lo studio, la sofferenza e, infine, con i Concili.L\u00e0 dove nasceva la confusione, la &hellip;<\/p>\n","protected":false},"author":3,"featured_media":4921,"comment_status":"closed","ping_status":"closed","sticky":false,"template":"","format":"standard","meta":{"_seopress_robots_primary_cat":"","_seopress_titles_title":"","_seopress_titles_desc":"","_seopress_robots_index":"","footnotes":""},"categories":[50,38],"tags":[1827],"class_list":["post-4920","post","type-post","status-publish","format-standard","has-post-thumbnail","","category-concili-ecumenici","category-storia-e-tradizione","tag-eresie"],"_links":{"self":[{"href":"https:\/\/catholicus.eu\/it\/wp-json\/wp\/v2\/posts\/4920","targetHints":{"allow":["GET"]}}],"collection":[{"href":"https:\/\/catholicus.eu\/it\/wp-json\/wp\/v2\/posts"}],"about":[{"href":"https:\/\/catholicus.eu\/it\/wp-json\/wp\/v2\/types\/post"}],"author":[{"embeddable":true,"href":"https:\/\/catholicus.eu\/it\/wp-json\/wp\/v2\/users\/3"}],"replies":[{"embeddable":true,"href":"https:\/\/catholicus.eu\/it\/wp-json\/wp\/v2\/comments?post=4920"}],"version-history":[{"count":1,"href":"https:\/\/catholicus.eu\/it\/wp-json\/wp\/v2\/posts\/4920\/revisions"}],"predecessor-version":[{"id":4922,"href":"https:\/\/catholicus.eu\/it\/wp-json\/wp\/v2\/posts\/4920\/revisions\/4922"}],"wp:featuredmedia":[{"embeddable":true,"href":"https:\/\/catholicus.eu\/it\/wp-json\/wp\/v2\/media\/4921"}],"wp:attachment":[{"href":"https:\/\/catholicus.eu\/it\/wp-json\/wp\/v2\/media?parent=4920"}],"wp:term":[{"taxonomy":"category","embeddable":true,"href":"https:\/\/catholicus.eu\/it\/wp-json\/wp\/v2\/categories?post=4920"},{"taxonomy":"post_tag","embeddable":true,"href":"https:\/\/catholicus.eu\/it\/wp-json\/wp\/v2\/tags?post=4920"}],"curies":[{"name":"wp","href":"https:\/\/api.w.org\/{rel}","templated":true}]}}