{"id":4911,"date":"2026-02-06T09:28:46","date_gmt":"2026-02-06T08:28:46","guid":{"rendered":"https:\/\/catholicus.eu\/it\/?p=4911"},"modified":"2026-02-06T09:28:47","modified_gmt":"2026-02-06T08:28:47","slug":"san-giovanni-e-i-falo-lorigine-cattolica-di-una-festa-che-il-neopaganesimo-ha-cercato-di-rubare","status":"publish","type":"post","link":"https:\/\/catholicus.eu\/it\/san-giovanni-e-i-falo-lorigine-cattolica-di-una-festa-che-il-neopaganesimo-ha-cercato-di-rubare\/","title":{"rendered":"San Giovanni e i fal\u00f2: l\u2019origine cattolica di una festa che il neopaganesimo ha cercato di rubare"},"content":{"rendered":"\n<p>Ogni anno, quando arriva la notte tra il 23 e il 24 giugno, il fuoco torna a occupare piazze, spiagge e campagne. Fal\u00f2, salti rituali, desideri scritti su fogli di carta, parole come <em>energia<\/em>, <em>solstizio<\/em>, <em>rinascita<\/em>, <em>magia<\/em>. Molti credono di celebrare qualcosa di antico, precristiano, quasi \u201cappropriato\u201d dalla Chiesa. Tuttavia, la realt\u00e0 storica, teologica e spirituale \u00e8 esattamente l\u2019opposto: <strong>la notte di San Giovanni ha un\u2019origine profondamente cristiana e biblica<\/strong>, ed \u00e8 il neopaganesimo moderno che ha tentato di svuotarla del suo vero significato.<\/p>\n\n\n\n<p>Questo articolo si propone tre obiettivi: <strong>smontare il mito<\/strong>, <strong>recuperare la verit\u00e0 cattolica<\/strong> e <strong>offrire una guida spirituale attuale<\/strong> per vivere questa festa per ci\u00f2 che realmente \u00e8: una celebrazione di <strong>San Giovanni Battista<\/strong>, l\u2019ultimo dei profeti e colui che ha preparato la via del Signore.<\/p>\n\n\n\n<hr class=\"wp-block-separator has-alpha-channel-opacity\"\/>\n\n\n\n<h2 class=\"wp-block-heading\">1. San Giovanni Battista: l\u2019unico santo di cui la Chiesa celebra la nascita<\/h2>\n\n\n\n<p>C\u2019\u00e8 un fatto che molti ignorano e che dovrebbe gi\u00e0 renderci sospettosi nei confronti delle narrazioni neopagane:<br>\ud83d\udc49 <strong>la Chiesa celebra liturgicamente la nascita di sole tre persone<\/strong>: Ges\u00f9 Cristo, la Vergine Maria\u2026 e <strong>San Giovanni Battista<\/strong>.<\/p>\n\n\n\n<p>Perch\u00e9? Perch\u00e9 Giovanni non \u00e8 un santo qualunque. \u00c8 il ponte tra l\u2019Antico e il Nuovo Testamento, la voce che grida nel deserto, l\u2019amico dello Sposo.<\/p>\n\n\n\n<p>Il Vangelo secondo san Luca racconta la sua nascita in modo dettagliato, pieno di segni, profezia e gioia:<\/p>\n\n\n\n<blockquote class=\"wp-block-quote is-layout-flow wp-block-quote-is-layout-flow\">\n<p><em>\u00abAppena Elisabetta ud\u00ec il saluto di Maria, il bambino sussult\u00f2 nel suo grembo\u00bb<\/em> (Lc 1,41).<\/p>\n<\/blockquote>\n\n\n\n<p>E pi\u00f9 avanti:<\/p>\n\n\n\n<blockquote class=\"wp-block-quote is-layout-flow wp-block-quote-is-layout-flow\">\n<p><em>\u00abPer Elisabetta intanto si comp\u00ec il tempo del parto e diede alla luce un figlio. I vicini e i parenti udirono che il Signore aveva manifestato in lei la sua grande misericordia e si rallegravano con lei\u00bb<\/em> (Lc 1,57-58).<\/p>\n<\/blockquote>\n\n\n\n<p>Fin dall\u2019inizio, <strong>la vita di Giovanni \u00e8 associata alla gioia, alla luce e alla preparazione dell\u2019incontro con Cristo<\/strong>.<\/p>\n\n\n\n<hr class=\"wp-block-separator has-alpha-channel-opacity\"\/>\n\n\n\n<h2 class=\"wp-block-heading\">2. Perch\u00e9 il 24 giugno? La chiave \u00e8 nel Vangelo<\/h2>\n\n\n\n<p>Qui si trova uno degli argomenti pi\u00f9 belli \u2014 e allo stesso tempo pi\u00f9 dimenticati \u2014 della tradizione cristiana.<\/p>\n\n\n\n<p>La nascita di San Giovanni si celebra <strong>sei mesi prima<\/strong> della nascita di Ges\u00f9, esattamente come indica il Vangelo:<\/p>\n\n\n\n<blockquote class=\"wp-block-quote is-layout-flow wp-block-quote-is-layout-flow\">\n<p><em>\u00abAl sesto mese, l\u2019angelo Gabriele fu mandato da Dio in una citt\u00e0 della Galilea, chiamata Nazaret\u2026\u00bb<\/em> (Lc 1,26).<\/p>\n<\/blockquote>\n\n\n\n<p>Ma c\u2019\u00e8 qualcosa di ancora pi\u00f9 profondo:<br>\ud83d\udcc9 <strong>A partire dal 24 giugno, le giornate iniziano ad accorciarsi.<\/strong><br>\ud83d\udcc8 <strong>A partire dal 25 dicembre, le giornate iniziano ad allungarsi.<\/strong><\/p>\n\n\n\n<p>Coincidenza? Assolutamente no.<\/p>\n\n\n\n<p>San Giovanni lo spiega con una frase che riassume tutta la sua spiritualit\u00e0:<\/p>\n\n\n\n<blockquote class=\"wp-block-quote is-layout-flow wp-block-quote-is-layout-flow\">\n<p><em>\u00abEgli deve crescere e io invece diminuire\u00bb<\/em> (Gv 3,30).<\/p>\n<\/blockquote>\n\n\n\n<p>La luce fisica del sole comincia a diminuire dopo la nascita di Giovanni, perch\u00e9 egli non \u00e8 la Luce, ma colui che rende testimonianza alla Luce. E la luce ricomincia a crescere dopo la nascita di Cristo, il <strong>Sole che sorge dall\u2019alto<\/strong> (cfr. Lc 1,78).<\/p>\n\n\n\n<p>Questo non \u00e8 paganesimo: <strong>\u00e8 teologia incarnata nel cosmo<\/strong>.<\/p>\n\n\n\n<hr class=\"wp-block-separator has-alpha-channel-opacity\"\/>\n\n\n\n<h2 class=\"wp-block-heading\">3. Il fuoco di San Giovanni: un simbolo cristiano, non una magia ancestrale<\/h2>\n\n\n\n<p>Il fuoco \u00e8 sempre stato un <strong>simbolo biblico<\/strong>. Dal roveto ardente alla Pentecoste, Dio si manifesta spesso attraverso il fuoco:<\/p>\n\n\n\n<ul class=\"wp-block-list\">\n<li>Il fuoco che purifica<\/li>\n\n\n\n<li>Il fuoco che illumina<\/li>\n\n\n\n<li>Il fuoco che protegge<\/li>\n\n\n\n<li>Il fuoco che consuma ci\u00f2 che non viene da Dio<\/li>\n<\/ul>\n\n\n\n<p>San Giovanni Battista annuncia chiaramente questo simbolismo:<\/p>\n\n\n\n<blockquote class=\"wp-block-quote is-layout-flow wp-block-quote-is-layout-flow\">\n<p><em>\u00abIo vi battezzo con acqua, ma viene colui che \u00e8 pi\u00f9 forte di me\u2026 Egli vi battezzer\u00e0 in Spirito Santo e fuoco\u00bb<\/em> (Lc 3,16).<\/p>\n<\/blockquote>\n\n\n\n<p>I <strong>fal\u00f2 di San Giovanni<\/strong> nascono da questa comprensione cristiana:<br>\ud83d\udd25 <strong>il fuoco come preparazione<\/strong>, non come idolatria.<br>\ud83d\udd25 <strong>il fuoco che annuncia Cristo<\/strong>, non che lo sostituisce.<\/p>\n\n\n\n<p>I fal\u00f2 non venivano accesi per \u201conorare il sole\u201d, ma per <strong>ricordare che Giovanni \u00e8 venuto a preparare i cuori<\/strong>, a bruciare il peccato e a chiamare alla conversione.<\/p>\n\n\n\n<hr class=\"wp-block-separator has-alpha-channel-opacity\"\/>\n\n\n\n<h2 class=\"wp-block-heading\">4. Il mito del \u201csolstizio rubato dalla Chiesa\u201d<\/h2>\n\n\n\n<p>Una delle grandi narrazioni moderne afferma: <em>\u00abla Chiesa ha cristianizzato una festa pagana del solstizio\u00bb<\/em>. Questa affermazione presenta diversi problemi seri:<\/p>\n\n\n\n<ol class=\"wp-block-list\">\n<li><strong>Non esistono prove storiche solide<\/strong> di una festa pagana universale il 24 giugno con fal\u00f2 simili a quelli attuali.<\/li>\n\n\n\n<li>Molte pratiche cosiddette \u201cancestrali\u201d <strong>sono ricostruzioni romantiche del XIX o XX secolo<\/strong>.<\/li>\n\n\n\n<li>La Chiesa primitiva <strong>non aveva il potere culturale sufficiente<\/strong> per \u201cimporre\u201d feste; ci\u00f2 che faceva era <strong>dare un significato cristiano alla vita reale dei popoli<\/strong>, non cancellarla.<\/li>\n<\/ol>\n\n\n\n<p>Ci\u00f2 che accadde fu esattamente il contrario:<br>\ud83d\udc49 <strong>il cristianesimo diede un significato profondo ai simboli naturali<\/strong>, integrandoli nella storia della salvezza.<\/p>\n\n\n\n<p>Il neopaganesimo moderno, al contrario, fa l\u2019opposto: <strong>rimuove Cristo dai simboli e li lascia senza un orizzonte trascendente<\/strong>.<\/p>\n\n\n\n<hr class=\"wp-block-separator has-alpha-channel-opacity\"\/>\n\n\n\n<h2 class=\"wp-block-heading\">5. San Giovanni Battista: un messaggio di urgente attualit\u00e0<\/h2>\n\n\n\n<p>In un\u2019epoca che fugge il silenzio, il pentimento e la verit\u00e0, <strong>San Giovanni Battista \u00e8 scomodo\u2026 e proprio per questo necessario<\/strong>.<\/p>\n\n\n\n<p>Il suo messaggio non era \u201cenergia positiva\u201d, ma conversione.<br>Non era \u201cconnettersi con l\u2019universo\u201d, ma preparare il cuore a Dio.<br>Non era autoaffermazione, ma umilt\u00e0 radicale.<\/p>\n\n\n\n<blockquote class=\"wp-block-quote is-layout-flow wp-block-quote-is-layout-flow\">\n<p><em>\u00abConvertitevi, perch\u00e9 il Regno dei Cieli \u00e8 vicino\u00bb<\/em> (Mt 3,2).<\/p>\n<\/blockquote>\n\n\n\n<p>Celebrare San Giovanni oggi significa <strong>porsi nuovamente queste domande<\/strong>:<\/p>\n\n\n\n<ul class=\"wp-block-list\">\n<li>Che cosa devo bruciare nella mia vita?<\/li>\n\n\n\n<li>Quali atteggiamenti mi allontanano da Dio?<\/li>\n\n\n\n<li>Sto preparando la via del Signore o sto mettendo me stesso al centro?<\/li>\n<\/ul>\n\n\n\n<hr class=\"wp-block-separator has-alpha-channel-opacity\"\/>\n\n\n\n<h2 class=\"wp-block-heading\">6. Come vivere oggi la notte di San Giovanni da cristiani<\/h2>\n\n\n\n<p>Lungi dal rifiutare la festa, il cristiano \u00e8 chiamato a <strong>recuperarla<\/strong>.<\/p>\n\n\n\n<p>Alcune proposte semplici ma profonde:<\/p>\n\n\n\n<ul class=\"wp-block-list\">\n<li>\ud83d\udd25 <strong>Accendere una candela o un piccolo fuoco<\/strong> con una preghiera, non come rito magico, ma come simbolo di purificazione.<\/li>\n\n\n\n<li>\ud83d\udcd6 <strong>Leggere i passi evangelici su San Giovanni Battista<\/strong> (Luca 1 o Giovanni 3).<\/li>\n\n\n\n<li>\u270d\ufe0f <strong>Scrivere ci\u00f2 che si deve lasciare alle spalle<\/strong> e offrirlo a Dio nella preghiera.<\/li>\n\n\n\n<li>\ud83d\ude4f <strong>Rendere grazie per la vita, la fede e la chiamata alla conversione<\/strong>.<\/li>\n\n\n\n<li>\ud83d\udc68\u200d\ud83d\udc69\u200d\ud83d\udc67 <strong>Viverla in famiglia<\/strong>, spiegando ai bambini chi era San Giovanni e perch\u00e9 \u00e8 cos\u00ec importante.<\/li>\n<\/ul>\n\n\n\n<p>Non si tratta di \u201ccristianizzare\u201d ci\u00f2 che \u00e8 pagano, ma di <strong>riconnettersi a ci\u00f2 che \u00e8 sempre stato cristiano<\/strong>.<\/p>\n\n\n\n<hr class=\"wp-block-separator has-alpha-channel-opacity\"\/>\n\n\n\n<h2 class=\"wp-block-heading\">7. Conclusione: restituire al fuoco la sua vera luce<\/h2>\n\n\n\n<p>San Giovanni non \u00e8 un pretesto per una notte di eccessi n\u00e9 un rituale vuoto.<br>\u00c8 un <strong>grido profetico<\/strong> che risuona ancora oggi.<\/p>\n\n\n\n<blockquote class=\"wp-block-quote is-layout-flow wp-block-quote-is-layout-flow\">\n<p><em>\u00abPreparate la via del Signore, raddrizzate i suoi sentieri\u00bb<\/em> (Mt 3,3).<\/p>\n<\/blockquote>\n\n\n\n<p>I fal\u00f2 non sono magia.<br>Il fuoco non \u00e8 un dio.<br>La notte non \u00e8 un portale energetico.<\/p>\n\n\n\n<p><strong>Tutto conduce a Cristo.<\/strong><\/p>\n\n\n\n<p>E forse, in mezzo al rumore, al fumo e alle false luci del nostro tempo, <strong>San Giovanni Battista continua ancora a indicare con il dito<\/strong> e a ripetere, come allora:<\/p>\n\n\n\n<blockquote class=\"wp-block-quote is-layout-flow wp-block-quote-is-layout-flow\">\n<p><em>\u00abEcco l\u2019Agnello di Dio\u00bb<\/em> (Gv 1,29).<\/p>\n<\/blockquote>\n\n\n\n<p>Che questa festa, invece di essere rubata, <strong>venga recuperata<\/strong>.<br>Che il fuoco torni a illuminare, non a confondere.<br>E che noi, come Giovanni, impariamo a diminuire\u2026 perch\u00e9 Cristo possa crescere. \ud83d\udd25\u271d\ufe0f<\/p>\n","protected":false},"excerpt":{"rendered":"<p>Ogni anno, quando arriva la notte tra il 23 e il 24 giugno, il fuoco torna a occupare piazze, spiagge e campagne. Fal\u00f2, salti rituali, desideri scritti su fogli di carta, parole come energia, solstizio, rinascita, magia. Molti credono di celebrare qualcosa di antico, precristiano, quasi \u201cappropriato\u201d dalla Chiesa. Tuttavia, la realt\u00e0 storica, teologica e &hellip;<\/p>\n","protected":false},"author":3,"featured_media":4912,"comment_status":"closed","ping_status":"closed","sticky":false,"template":"","format":"standard","meta":{"_seopress_robots_primary_cat":"","_seopress_titles_title":"","_seopress_titles_desc":"","_seopress_robots_index":"","footnotes":""},"categories":[66,41],"tags":[1824],"class_list":["post-4911","post","type-post","status-publish","format-standard","has-post-thumbnail","","category-cultura-popolare-e-cattolicesimo","category-fede-e-cultura","tag-san-giovanni"],"_links":{"self":[{"href":"https:\/\/catholicus.eu\/it\/wp-json\/wp\/v2\/posts\/4911","targetHints":{"allow":["GET"]}}],"collection":[{"href":"https:\/\/catholicus.eu\/it\/wp-json\/wp\/v2\/posts"}],"about":[{"href":"https:\/\/catholicus.eu\/it\/wp-json\/wp\/v2\/types\/post"}],"author":[{"embeddable":true,"href":"https:\/\/catholicus.eu\/it\/wp-json\/wp\/v2\/users\/3"}],"replies":[{"embeddable":true,"href":"https:\/\/catholicus.eu\/it\/wp-json\/wp\/v2\/comments?post=4911"}],"version-history":[{"count":1,"href":"https:\/\/catholicus.eu\/it\/wp-json\/wp\/v2\/posts\/4911\/revisions"}],"predecessor-version":[{"id":4913,"href":"https:\/\/catholicus.eu\/it\/wp-json\/wp\/v2\/posts\/4911\/revisions\/4913"}],"wp:featuredmedia":[{"embeddable":true,"href":"https:\/\/catholicus.eu\/it\/wp-json\/wp\/v2\/media\/4912"}],"wp:attachment":[{"href":"https:\/\/catholicus.eu\/it\/wp-json\/wp\/v2\/media?parent=4911"}],"wp:term":[{"taxonomy":"category","embeddable":true,"href":"https:\/\/catholicus.eu\/it\/wp-json\/wp\/v2\/categories?post=4911"},{"taxonomy":"post_tag","embeddable":true,"href":"https:\/\/catholicus.eu\/it\/wp-json\/wp\/v2\/tags?post=4911"}],"curies":[{"name":"wp","href":"https:\/\/api.w.org\/{rel}","templated":true}]}}