{"id":4908,"date":"2026-02-06T09:03:30","date_gmt":"2026-02-06T08:03:30","guid":{"rendered":"https:\/\/catholicus.eu\/it\/?p=4908"},"modified":"2026-02-06T09:03:30","modified_gmt":"2026-02-06T08:03:30","slug":"perche-il-vescovo-indossa-i-guanti-il-profondo-simbolismo-delle-chiroteche-e-perche-sono-scomparse-dalluso-comune","status":"publish","type":"post","link":"https:\/\/catholicus.eu\/it\/perche-il-vescovo-indossa-i-guanti-il-profondo-simbolismo-delle-chiroteche-e-perche-sono-scomparse-dalluso-comune\/","title":{"rendered":"Perch\u00e9 il vescovo indossa i guanti? Il profondo simbolismo delle chiroteche e perch\u00e9 sono scomparse dall\u2019uso comune"},"content":{"rendered":"\n<h4 class=\"wp-block-heading\">Introduzione: quando un piccolo gesto racchiude una teologia immensa<\/h4>\n\n\n\n<p>Nella liturgia tradizionale della Chiesa, <strong>nulla \u00e8 casuale<\/strong>. Ogni oggetto, ogni paramento e ogni gesto nasce da secoli di fede vissuta, meditata e pregata. Per questo, quando si scopre in un\u2019antica incisione, in una miniatura medievale o durante una Messa pontificale solenne l\u2019immagine di un vescovo <strong>che celebra indossando dei guanti<\/strong>, la reazione \u00e8 spesso di sorpresa:<\/p>\n\n\n\n<blockquote class=\"wp-block-quote is-layout-flow wp-block-quote-is-layout-flow\">\n<p><em>\u00abPerch\u00e9 indossa i guanti? Non \u00e8 forse solo qualcosa di decorativo?\u00bb<\/em><\/p>\n<\/blockquote>\n\n\n\n<p>La risposta \u00e8 molto pi\u00f9 profonda.<br>I guanti episcopali \u2014 chiamati <strong>chiroteche<\/strong> \u2014 sono uno di quegli elementi liturgici quasi dimenticati che, tuttavia, <strong>parlano con forza al cuore e alla coscienza<\/strong>, soprattutto in un\u2019epoca come la nostra, segnata dalla perdita del senso del sacro.<\/p>\n\n\n\n<p>Questo articolo intende <strong>educare, ispirare e servire come guida spirituale<\/strong>, aiutandoci a riscoprire:<\/p>\n\n\n\n<ul class=\"wp-block-list\">\n<li>che cosa fossero le chiroteche,<\/li>\n\n\n\n<li>che cosa simboleggiassero,<\/li>\n\n\n\n<li>perch\u00e9 sono cadute in disuso,<\/li>\n\n\n\n<li>e che cosa ci insegnano oggi, anche se non le vediamo quasi pi\u00f9 sull\u2019altare.<\/li>\n<\/ul>\n\n\n\n<hr class=\"wp-block-separator has-alpha-channel-opacity\"\/>\n\n\n\n<h2 class=\"wp-block-heading\">1. Che cosa sono le chiroteche?<\/h2>\n\n\n\n<p>Le <strong>chiroteche<\/strong> sono <strong>guanti liturgici<\/strong> tradizionalmente indossati da <strong>vescovi e, in alcuni casi, da abati con privilegio pontificio<\/strong>, durante celebrazioni solenni, specialmente nella Messa pontificale.<\/p>\n\n\n\n<h3 class=\"wp-block-heading\">Caratteristiche principali:<\/h3>\n\n\n\n<ul class=\"wp-block-list\">\n<li>Erano realizzate in <strong>seta<\/strong>, lino fine o altri tessuti nobili.<\/li>\n\n\n\n<li>Erano spesso <strong>ricamate<\/strong>, frequentemente con una <strong>croce<\/strong> sul dorso della mano.<\/li>\n\n\n\n<li>Il loro colore corrispondeva al <strong>colore liturgico del giorno<\/strong>.<\/li>\n\n\n\n<li>Venivano indossate <strong>dopo il lavaggio delle mani<\/strong> e tolte <strong>prima del Canone della Messa<\/strong>.<\/li>\n<\/ul>\n\n\n\n<p>Non erano accessori pratici, ma <strong>segni teologici visibili<\/strong>.<\/p>\n\n\n\n<hr class=\"wp-block-separator has-alpha-channel-opacity\"\/>\n\n\n\n<h2 class=\"wp-block-heading\">2. Un\u2019origine storica ricca di significato<\/h2>\n\n\n\n<h3 class=\"wp-block-heading\">2.1. Radici medievali<\/h3>\n\n\n\n<p>Le chiroteche sono chiaramente documentate a partire dal <strong>IX secolo<\/strong>, anche se il loro uso si \u00e8 consolidato soprattutto tra l\u2019<strong>XI e il XIII secolo<\/strong>, nel pieno splendore della liturgia medievale.<\/p>\n\n\n\n<p>In un\u2019epoca in cui:<\/p>\n\n\n\n<ul class=\"wp-block-list\">\n<li>tutto veniva compreso in modo simbolico,<\/li>\n\n\n\n<li>il linguaggio visivo era fondamentale per la catechesi,<\/li>\n\n\n\n<li>e la liturgia era il cuore della vita cristiana,<\/li>\n<\/ul>\n\n\n\n<p>i guanti non erano un lusso, ma un <strong>linguaggio<\/strong>.<\/p>\n\n\n\n<h3 class=\"wp-block-heading\">2.2. Influsso biblico e patristico<\/h3>\n\n\n\n<p>Nella Sacra Scrittura, le <strong>mani<\/strong> hanno un\u2019importanza enorme:<\/p>\n\n\n\n<ul class=\"wp-block-list\">\n<li>con esse si benedice,<\/li>\n\n\n\n<li>si consacra,<\/li>\n\n\n\n<li>si unge,<\/li>\n\n\n\n<li>si trasmette l\u2019autorit\u00e0,<\/li>\n\n\n\n<li>si comunica lo Spirito.<\/li>\n<\/ul>\n\n\n\n<blockquote class=\"wp-block-quote is-layout-flow wp-block-quote-is-layout-flow\">\n<p><strong>\u00abAllora imposero loro le mani e ricevettero lo Spirito Santo.\u00bb<\/strong><br><em>(Atti 8,17)<\/em><\/p>\n<\/blockquote>\n\n\n\n<p>Coprire le mani del vescovo non significava nasconderle, ma <strong>proclamare che non agivano da sole<\/strong>, bens\u00ec come strumenti di Dio.<\/p>\n\n\n\n<hr class=\"wp-block-separator has-alpha-channel-opacity\"\/>\n\n\n\n<h2 class=\"wp-block-heading\">3. Il simbolismo teologico delle chiroteche<\/h2>\n\n\n\n<p>Qui entriamo nel cuore del tema.<\/p>\n\n\n\n<h3 class=\"wp-block-heading\">3.1. Mani consacrate, ma non \u201cproprie\u201d<\/h3>\n\n\n\n<p>Il vescovo, successore degli Apostoli, agisce <strong>in persona Christi<\/strong>, ma <strong>non \u00e8 Cristo<\/strong>.<\/p>\n\n\n\n<p>Le chiroteche ricordavano visivamente che:<\/p>\n\n\n\n<ul class=\"wp-block-list\">\n<li>le sue mani sono state unte,<\/li>\n\n\n\n<li>sono state separate per il sacro,<\/li>\n\n\n\n<li>ma non gli appartengono.<\/li>\n<\/ul>\n\n\n\n<p>Sono <strong>mani prestate da Dio<\/strong>.<\/p>\n\n\n\n<blockquote class=\"wp-block-quote is-layout-flow wp-block-quote-is-layout-flow\">\n<p><em>\u00abNon siete voi che parlate, ma lo Spirito del Padre vostro che parla in voi.\u00bb<\/em><br><em>(Matteo 10,20)<\/em><\/p>\n<\/blockquote>\n\n\n\n<h3 class=\"wp-block-heading\">3.2. Purezza interiore ed esteriore<\/h3>\n\n\n\n<p>I guanti esprimevano:<\/p>\n\n\n\n<ul class=\"wp-block-list\">\n<li>una <strong>purezza rituale<\/strong>, ma soprattutto<\/li>\n\n\n\n<li>una <strong>purezza morale e spirituale<\/strong>.<\/li>\n<\/ul>\n\n\n\n<p>Non si trattava di igiene, ma di coerenza di vita.<\/p>\n\n\n\n<p>Come afferma un antico commento liturgico:<\/p>\n\n\n\n<blockquote class=\"wp-block-quote is-layout-flow wp-block-quote-is-layout-flow\">\n<p><em>\u00abLe mani che toccano ci\u00f2 che \u00e8 santo devono essere pure dal peccato e dall\u2019ambizione.\u00bb<\/em><\/p>\n<\/blockquote>\n\n\n\n<h3 class=\"wp-block-heading\">3.3. Distanza reverente davanti al Mistero<\/h3>\n\n\n\n<p>Nella tradizione biblica, ci\u00f2 che \u00e8 sacro <strong>non si tocca senza mediazione<\/strong>.<\/p>\n\n\n\n<p>Ricordiamo:<\/p>\n\n\n\n<ul class=\"wp-block-list\">\n<li>Mos\u00e8 davanti al roveto ardente: <em>\u00abTogliti i sandali dai piedi\u00bb<\/em> (Es 3,5),<\/li>\n\n\n\n<li>l\u2019Arca dell\u2019Alleanza, che non poteva essere toccata senza conseguenze.<\/li>\n<\/ul>\n\n\n\n<p>Le chiroteche proclamavano:<\/p>\n\n\n\n<blockquote class=\"wp-block-quote is-layout-flow wp-block-quote-is-layout-flow\">\n<p><strong>Dio \u00e8 vicino, ma non \u00e8 banale.<\/strong><\/p>\n<\/blockquote>\n\n\n\n<hr class=\"wp-block-separator has-alpha-channel-opacity\"\/>\n\n\n\n<h2 class=\"wp-block-heading\">4. Quando e perch\u00e9 le chiroteche sono scomparse?<\/h2>\n\n\n\n<h3 class=\"wp-block-heading\">4.1. Semplificazione liturgica<\/h3>\n\n\n\n<p>A partire dal XIX secolo, e in modo ancora pi\u00f9 marcato nel XX secolo:<\/p>\n\n\n\n<ul class=\"wp-block-list\">\n<li>si \u00e8 cercata una liturgia pi\u00f9 \u201csemplice\u201d,<\/li>\n\n\n\n<li>sono stati eliminati elementi ritenuti \u201cornamentali\u201d,<\/li>\n\n\n\n<li>si \u00e8 data priorit\u00e0 alla funzionalit\u00e0 rispetto al simbolismo.<\/li>\n<\/ul>\n\n\n\n<p>Le chiroteche sono state considerate:<\/p>\n\n\n\n<ul class=\"wp-block-list\">\n<li>eccessivamente cerimoniali,<\/li>\n\n\n\n<li>difficili da comprendere per il fedele moderno.<\/li>\n<\/ul>\n\n\n\n<h3 class=\"wp-block-heading\">4.2. Cambiamento di sensibilit\u00e0 teologica<\/h3>\n\n\n\n<p>Si \u00e8 verificato uno spostamento:<\/p>\n\n\n\n<ul class=\"wp-block-list\">\n<li>dal mistero al protagonismo umano,<\/li>\n\n\n\n<li>dalla trascendenza a una vicinanza mal compresa,<\/li>\n\n\n\n<li>dal simbolo al discorso.<\/li>\n<\/ul>\n\n\n\n<p>Il risultato: <strong>meno segni\u2026 e meno stupore<\/strong>.<\/p>\n\n\n\n<h3 class=\"wp-block-heading\">4.3. Non sono proibite (precisazione importante)<\/h3>\n\n\n\n<p>\u00c8 bene chiarirlo:<\/p>\n\n\n\n<ul class=\"wp-block-list\">\n<li><strong>non sono mai state abolite n\u00e9 proibite<\/strong>,<\/li>\n\n\n\n<li>sono semplicemente <strong>cadute in disuso<\/strong>.<\/li>\n<\/ul>\n\n\n\n<p>In celebrazioni straordinarie o in contesti tradizionali, <strong>possono essere legittimamente utilizzate<\/strong>.<\/p>\n\n\n\n<hr class=\"wp-block-separator has-alpha-channel-opacity\"\/>\n\n\n\n<h2 class=\"wp-block-heading\">5. Che cosa ci insegnano oggi, anche se non vengono pi\u00f9 usate?<\/h2>\n\n\n\n<p>Qui arriviamo alla parte pi\u00f9 pastorale e attuale.<\/p>\n\n\n\n<h3 class=\"wp-block-heading\">5.1. Per vescovi e sacerdoti<\/h3>\n\n\n\n<p>Le chiroteche ricordano una verit\u00e0 scomoda ma necessaria:<\/p>\n\n\n\n<ul class=\"wp-block-list\">\n<li>il ministero non \u00e8 una propriet\u00e0,<\/li>\n\n\n\n<li>l\u2019autorit\u00e0 \u00e8 servizio,<\/li>\n\n\n\n<li>l\u2019altare non \u00e8 un palcoscenico.<\/li>\n<\/ul>\n\n\n\n<p>Invitano a una vita sacerdotale:<\/p>\n\n\n\n<ul class=\"wp-block-list\">\n<li>pi\u00f9 interiore,<\/li>\n\n\n\n<li>pi\u00f9 coerente,<\/li>\n\n\n\n<li>pi\u00f9 consapevole del Mistero che si tocca ogni giorno.<\/li>\n<\/ul>\n\n\n\n<h3 class=\"wp-block-heading\">5.2. Per i fedeli laici<\/h3>\n\n\n\n<p>Anche se non indossiamo guanti liturgici, <strong>tutti abbiamo delle \u201cmani\u201d<\/strong>:<\/p>\n\n\n\n<ul class=\"wp-block-list\">\n<li>mani che lavorano,<\/li>\n\n\n\n<li>che scrivono,<\/li>\n\n\n\n<li>che educano,<\/li>\n\n\n\n<li>che consolano,<\/li>\n\n\n\n<li>che possono benedire o ferire.<\/li>\n<\/ul>\n\n\n\n<p>La domanda diventa inevitabile:<\/p>\n\n\n\n<blockquote class=\"wp-block-quote is-layout-flow wp-block-quote-is-layout-flow\">\n<p><strong>Che cosa facciamo delle nostre mani battezzate?<\/strong><\/p>\n<\/blockquote>\n\n\n\n<hr class=\"wp-block-separator has-alpha-channel-opacity\"\/>\n\n\n\n<h2 class=\"wp-block-heading\">6. Guida pratica teologica e pastorale (molto importante)<\/h2>\n\n\n\n<h3 class=\"wp-block-heading\">6.1. Vivere il simbolismo nella vita quotidiana<\/h3>\n\n\n\n<p><strong>1. Riscoprire il valore dei gesti<\/strong><\/p>\n\n\n\n<ul class=\"wp-block-list\">\n<li>Fare il segno della croce con attenzione.<\/li>\n\n\n\n<li>Ricevere la Santa Comunione con riverenza.<\/li>\n\n\n\n<li>Evitare la routine meccanica.<\/li>\n<\/ul>\n\n\n\n<p><strong>2. Custodire ci\u00f2 che \u201ctocchiamo\u201d<\/strong><\/p>\n\n\n\n<ul class=\"wp-block-list\">\n<li>Ci\u00f2 che guardiamo,<\/li>\n\n\n\n<li>ci\u00f2 che condividiamo,<\/li>\n\n\n\n<li>ci\u00f2 che scriviamo o diffondiamo.<\/li>\n<\/ul>\n\n\n\n<p><strong>3. Offrire le nostre mani a Dio<\/strong><br>Una semplice preghiera:<\/p>\n\n\n\n<blockquote class=\"wp-block-quote is-layout-flow wp-block-quote-is-layout-flow\">\n<p><em>\u00abSignore, prendi oggi le mie mani.<br>Fa\u2019 che non compiano nulla che non Ti glorifichi.\u00bb<\/em><\/p>\n<\/blockquote>\n\n\n\n<hr class=\"wp-block-separator has-alpha-channel-opacity\"\/>\n\n\n\n<h3 class=\"wp-block-heading\">6.2. Per parrocchie e catechesi<\/h3>\n\n\n\n<ul class=\"wp-block-list\">\n<li>Spiegare il significato dei paramenti liturgici.<\/li>\n\n\n\n<li>Mostrare immagini della liturgia tradizionale.<\/li>\n\n\n\n<li>Recuperare una catechesi simbolica.<\/li>\n<\/ul>\n\n\n\n<p>\ud83d\udc49 <strong>Le persone non rifiutano il mistero; rifiutano ci\u00f2 che non viene loro spiegato.<\/strong><\/p>\n\n\n\n<hr class=\"wp-block-separator has-alpha-channel-opacity\"\/>\n\n\n\n<h3 class=\"wp-block-heading\">6.3. Per il discernimento personale<\/h3>\n\n\n\n<p>Domande per l\u2019anima:<\/p>\n\n\n\n<ul class=\"wp-block-list\">\n<li>Tratto ci\u00f2 che \u00e8 sacro con familiarit\u00e0 o con amorevole riverenza?<\/li>\n\n\n\n<li>Ho banalizzato ci\u00f2 che dovrebbe riempirmi di stupore?<\/li>\n\n\n\n<li>Vivo la mia fede con il corpo\u2026 o solo con le idee?<\/li>\n<\/ul>\n\n\n\n<hr class=\"wp-block-separator has-alpha-channel-opacity\"\/>\n\n\n\n<h2 class=\"wp-block-heading\">7. Una Chiesa che ha bisogno di \u201ccoprirsi di nuovo le mani\u201d<\/h2>\n\n\n\n<p>Le chiroteche non erano un capriccio estetico.<br>Erano un <strong>grido silenzioso<\/strong> che proclamava:<\/p>\n\n\n\n<blockquote class=\"wp-block-quote is-layout-flow wp-block-quote-is-layout-flow\">\n<p><strong>Dio \u00e8 Santo.<br>L\u2019altare non \u00e8 qualcosa di comune.<br>E le nostre mani devono imparare di nuovo a tremare davanti al Mistero.<\/strong><\/p>\n<\/blockquote>\n\n\n\n<p>Forse non rivedremo guanti episcopali in ogni Messa.<br>Ma <strong>possiamo recuperarne lo spirito<\/strong>:<\/p>\n\n\n\n<ul class=\"wp-block-list\">\n<li>pi\u00f9 riverenza,<\/li>\n\n\n\n<li>pi\u00f9 umilt\u00e0,<\/li>\n\n\n\n<li>una pi\u00f9 profonda consapevolezza di ci\u00f2 che celebriamo.<\/li>\n<\/ul>\n\n\n\n<p>Perch\u00e9 quando la Chiesa perde i suoi segni,<br><strong>perde anche il linguaggio dell\u2019anima<\/strong>.<\/p>\n\n\n\n<p>E oggi, pi\u00f9 che mai, abbiamo bisogno di impararlo di nuovo. \u271d\ufe0f<\/p>\n","protected":false},"excerpt":{"rendered":"<p>Introduzione: quando un piccolo gesto racchiude una teologia immensa Nella liturgia tradizionale della Chiesa, nulla \u00e8 casuale. Ogni oggetto, ogni paramento e ogni gesto nasce da secoli di fede vissuta, meditata e pregata. Per questo, quando si scopre in un\u2019antica incisione, in una miniatura medievale o durante una Messa pontificale solenne l\u2019immagine di un vescovo &hellip;<\/p>\n","protected":false},"author":3,"featured_media":4909,"comment_status":"closed","ping_status":"closed","sticky":false,"template":"","format":"standard","meta":{"_seopress_robots_primary_cat":"","_seopress_titles_title":"","_seopress_titles_desc":"","_seopress_robots_index":"","footnotes":""},"categories":[52,38],"tags":[1823],"class_list":["post-4908","post","type-post","status-publish","format-standard","has-post-thumbnail","","category-liturgia-e-anno-liturgico","category-storia-e-tradizione","tag-chiroteche"],"_links":{"self":[{"href":"https:\/\/catholicus.eu\/it\/wp-json\/wp\/v2\/posts\/4908","targetHints":{"allow":["GET"]}}],"collection":[{"href":"https:\/\/catholicus.eu\/it\/wp-json\/wp\/v2\/posts"}],"about":[{"href":"https:\/\/catholicus.eu\/it\/wp-json\/wp\/v2\/types\/post"}],"author":[{"embeddable":true,"href":"https:\/\/catholicus.eu\/it\/wp-json\/wp\/v2\/users\/3"}],"replies":[{"embeddable":true,"href":"https:\/\/catholicus.eu\/it\/wp-json\/wp\/v2\/comments?post=4908"}],"version-history":[{"count":1,"href":"https:\/\/catholicus.eu\/it\/wp-json\/wp\/v2\/posts\/4908\/revisions"}],"predecessor-version":[{"id":4910,"href":"https:\/\/catholicus.eu\/it\/wp-json\/wp\/v2\/posts\/4908\/revisions\/4910"}],"wp:featuredmedia":[{"embeddable":true,"href":"https:\/\/catholicus.eu\/it\/wp-json\/wp\/v2\/media\/4909"}],"wp:attachment":[{"href":"https:\/\/catholicus.eu\/it\/wp-json\/wp\/v2\/media?parent=4908"}],"wp:term":[{"taxonomy":"category","embeddable":true,"href":"https:\/\/catholicus.eu\/it\/wp-json\/wp\/v2\/categories?post=4908"},{"taxonomy":"post_tag","embeddable":true,"href":"https:\/\/catholicus.eu\/it\/wp-json\/wp\/v2\/tags?post=4908"}],"curies":[{"name":"wp","href":"https:\/\/api.w.org\/{rel}","templated":true}]}}