{"id":4905,"date":"2026-02-05T22:54:46","date_gmt":"2026-02-05T21:54:46","guid":{"rendered":"https:\/\/catholicus.eu\/it\/?p=4905"},"modified":"2026-02-05T22:54:47","modified_gmt":"2026-02-05T21:54:47","slug":"linquisizione-che-non-ti-hanno-mai-raccontato-perche-i-detenuti-comuni-commettevano-blasfemia-per-essere-trasferiti-nelle-carceri-ecclesiastiche","status":"publish","type":"post","link":"https:\/\/catholicus.eu\/it\/linquisizione-che-non-ti-hanno-mai-raccontato-perche-i-detenuti-comuni-commettevano-blasfemia-per-essere-trasferiti-nelle-carceri-ecclesiastiche\/","title":{"rendered":"L\u2019Inquisizione che non ti hanno mai raccontato: Perch\u00e9 i detenuti comuni commettevano blasfemia per essere trasferiti nelle carceri ecclesiastiche"},"content":{"rendered":"\n<p>Quando oggi sentiamo la parola <em>Inquisizione<\/em>, l\u2019immaginario collettivo si scatena: prigioni umide, torture interminabili, fanatismo religioso e una Chiesa assetata di sangue. \u00c8 un\u2019immagine ripetuta cos\u00ec spesso che quasi nessuno si ferma a chiedersi se sia <strong>storicamente onesta<\/strong>.<\/p>\n\n\n\n<p>Ma la storia \u2014 come quasi sempre \u2014 \u00e8 pi\u00f9 complessa, pi\u00f9 umana\u2026 e anche pi\u00f9 scomoda per i nostri pregiudizi.<\/p>\n\n\n\n<p>Uno dei fatti pi\u00f9 sorprendenti e allo stesso tempo meno conosciuti \u00e8 questo: <strong>molti detenuti comuni commettevano deliberatamente blasfemia per essere trasferiti nelle prigioni dell\u2019Inquisizione<\/strong>.<br>S\u00ec, hai letto bene.<\/p>\n\n\n\n<p>Perch\u00e9 qualcuno dovrebbe voler finire nelle mani del Sant\u2019Uffizio?<br>La risposta ci costringe a ripensare non solo la storia, ma anche il nostro modo moderno di intendere la giustizia, la misericordia e la dignit\u00e0 umana.<\/p>\n\n\n\n<hr class=\"wp-block-separator has-alpha-channel-opacity\"\/>\n\n\n\n<h2 class=\"wp-block-heading\">1. Un mito moderno di fronte a una realt\u00e0 medievale<\/h2>\n\n\n\n<p>La cosiddetta <em>leggenda nera<\/em> dell\u2019Inquisizione \u00e8 stata costruita, in larga misura, secoli dopo il suo reale funzionamento. \u00c8 stata alimentata da interessi politici, conflitti religiosi e propaganda anticattolica, soprattutto tra il XVIII e il XIX secolo.<\/p>\n\n\n\n<p>Questo non significa negare gli abusi \u2014 ce ne furono, come in ogni istituzione umana \u2014 ma significa <strong>rifiutare la caricatura<\/strong>.<\/p>\n\n\n\n<p>L\u2019Inquisizione non nacque come strumento di terrore, ma come un <strong>tribunale giuridico-religioso<\/strong> in un contesto in cui:<\/p>\n\n\n\n<ul class=\"wp-block-list\">\n<li>non esisteva la separazione moderna tra reato civile e colpa morale<\/li>\n\n\n\n<li>la fede era considerata un bene comune, non soltanto privato<\/li>\n\n\n\n<li>l\u2019ordine sociale era profondamente legato alla verit\u00e0 religiosa<\/li>\n<\/ul>\n\n\n\n<p>In questo quadro, l\u2019Inquisizione operava \u2014 almeno in teoria \u2014 con procedure <strong>pi\u00f9 garantiste per l\u2019imputato<\/strong> rispetto a molti tribunali civili del suo tempo.<\/p>\n\n\n\n<hr class=\"wp-block-separator has-alpha-channel-opacity\"\/>\n\n\n\n<h2 class=\"wp-block-heading\">2. Le carceri civili: il vero inferno quotidiano<\/h2>\n\n\n\n<p>Per comprendere perch\u00e9 un detenuto blasfemasse per essere giudicato dall\u2019Inquisizione, bisogna prima guardare <strong>com\u2019erano le carceri civili medievali<\/strong>.<\/p>\n\n\n\n<h3 class=\"wp-block-heading\">Caratteristiche tipiche:<\/h3>\n\n\n\n<ul class=\"wp-block-list\">\n<li>sovraffollamento estremo<\/li>\n\n\n\n<li>mancanza di igiene e di cure mediche<\/li>\n\n\n\n<li>abusi costanti da parte dei carcerieri<\/li>\n\n\n\n<li>cibo scarso (se non avevi una famiglia che ti portasse da mangiare, pativi la fame)<\/li>\n\n\n\n<li>detenzione preventiva indefinita, spesso senza un processo chiaro<\/li>\n<\/ul>\n\n\n\n<p>La prigione non era una pena in s\u00e9, ma un luogo di attesa\u2026 spesso peggiore della condanna.<\/p>\n\n\n\n<p>In questo contesto, le <strong>carceri ecclesiastiche<\/strong> apparivano sorprendentemente diverse.<\/p>\n\n\n\n<hr class=\"wp-block-separator has-alpha-channel-opacity\"\/>\n\n\n\n<h2 class=\"wp-block-heading\">3. Com\u2019erano le carceri dell\u2019Inquisizione?<\/h2>\n\n\n\n<p>Ecco il grande paradosso storico.<\/p>\n\n\n\n<p>Le carceri inquisitoriali offrivano generalmente:<\/p>\n\n\n\n<ul class=\"wp-block-list\">\n<li><strong>celle individuali o un sovraffollamento molto ridotto<\/strong><\/li>\n\n\n\n<li><strong>pasti regolari<\/strong><\/li>\n\n\n\n<li><strong>assistenza medica di base<\/strong><\/li>\n\n\n\n<li><strong>il divieto di abusi fisici non autorizzati<\/strong><\/li>\n\n\n\n<li><strong>accesso alla confessione e all\u2019assistenza spirituale<\/strong><\/li>\n\n\n\n<li><strong>registri scritti dei processi e delle sentenze<\/strong><\/li>\n<\/ul>\n\n\n\n<p>Inoltre, l\u2019obiettivo principale non era <strong>punire<\/strong>, ma <strong>correggere e riconciliare<\/strong>.<\/p>\n\n\n\n<p>L\u2019eretico pentito non era un nemico da distruggere, ma un figlio da recuperare.<\/p>\n\n\n\n<blockquote class=\"wp-block-quote is-layout-flow wp-block-quote-is-layout-flow\">\n<p><em>\u00abIo non godo della morte del malvagio, ma che si converta dalla sua condotta e viva.\u00bb<\/em><br>(Ezechiele 33,11)<\/p>\n<\/blockquote>\n\n\n\n<hr class=\"wp-block-separator has-alpha-channel-opacity\"\/>\n\n\n\n<h2 class=\"wp-block-heading\">4. La blasfemia come \u201cstrategia\u201d di sopravvivenza<\/h2>\n\n\n\n<p>Qui incontriamo uno dei fatti pi\u00f9 rivelatori.<\/p>\n\n\n\n<p>Alcuni detenuti comuni, condannati per furto, violenza o reati civili, <strong>blasfemavano pubblicamente<\/strong> o si dichiaravano sospetti di eresia affinch\u00e9 il loro caso fosse trasferito al tribunale inquisitoriale.<\/p>\n\n\n\n<p>Perch\u00e9?<\/p>\n\n\n\n<p>Perch\u00e9 sapevano che:<\/p>\n\n\n\n<ul class=\"wp-block-list\">\n<li>avrebbero avuto un <strong>processo pi\u00f9 ordinato<\/strong><\/li>\n\n\n\n<li>sarebbero stati trattati con <strong>maggiore dignit\u00e0 umana<\/strong><\/li>\n\n\n\n<li>avrebbero potuto persino <strong>salvare la vita<\/strong>, poich\u00e9 le pene inquisitoriali erano spesso spirituali o penitenziali<\/li>\n<\/ul>\n\n\n\n<p>Questo fatto smantella completamente l\u2019immagine dell\u2019Inquisizione come il peggior destino possibile.<\/p>\n\n\n\n<p>Nessuno blasfema per sfuggire all\u2019inferno\u2026 a meno che l\u2019inferno non sia altrove.<\/p>\n\n\n\n<hr class=\"wp-block-separator has-alpha-channel-opacity\"\/>\n\n\n\n<h2 class=\"wp-block-heading\">5. La logica teologica del Sant\u2019Uffizio<\/h2>\n\n\n\n<p>Dal punto di vista della teologia cattolica tradizionale, l\u2019Inquisizione si muoveva all\u2019interno di una logica oggi quasi incomprensibile:<br><strong>l\u2019anima \u00e8 pi\u00f9 importante del corpo<\/strong>.<\/p>\n\n\n\n<p>Questo non giustificava tutto, ma stabiliva delle priorit\u00e0.<\/p>\n\n\n\n<p>Il peccato di eresia non era visto soltanto come un errore intellettuale, ma come:<\/p>\n\n\n\n<ul class=\"wp-block-list\">\n<li>una ferita al Corpo di Cristo<\/li>\n\n\n\n<li>uno scandalo per i fedeli<\/li>\n\n\n\n<li>un pericolo spirituale per la comunit\u00e0<\/li>\n<\/ul>\n\n\n\n<p>Per questo l\u2019obiettivo era <strong>la conversione<\/strong>, non l\u2019eliminazione.<\/p>\n\n\n\n<p>San Paolo lo esprime chiaramente:<\/p>\n\n\n\n<blockquote class=\"wp-block-quote is-layout-flow wp-block-quote-is-layout-flow\">\n<p><em>\u00abFratelli, se qualcuno viene sorpreso in qualche colpa, voi che avete lo Spirito correggetelo con spirito di dolcezza. E bada bene a te stesso, perch\u00e9 anche tu non sia tentato.\u00bb<\/em><br>(Galati 6,1)<\/p>\n<\/blockquote>\n\n\n\n<hr class=\"wp-block-separator has-alpha-channel-opacity\"\/>\n\n\n\n<h2 class=\"wp-block-heading\">6. Misericordia, penitenza e giustizia: un equilibrio dimenticato<\/h2>\n\n\n\n<p>Le pene inquisitoriali consistevano spesso in:<\/p>\n\n\n\n<ul class=\"wp-block-list\">\n<li>digiuni<\/li>\n\n\n\n<li>pellegrinaggi<\/li>\n\n\n\n<li>preghiere<\/li>\n\n\n\n<li>penitenze pubbliche<\/li>\n\n\n\n<li>uso temporaneo di abiti penitenziali<\/li>\n\n\n\n<li>reclusione accompagnata da guida spirituale<\/li>\n<\/ul>\n\n\n\n<p>Secondo la nostra mentalit\u00e0 moderna pu\u00f2 sembrare duro, ma rispetto a:<\/p>\n\n\n\n<ul class=\"wp-block-list\">\n<li>mutilazioni<\/li>\n\n\n\n<li>esecuzioni sommarie<\/li>\n\n\n\n<li>punizioni collettive<\/li>\n<\/ul>\n\n\n\n<p>\u2026si trattava di un sistema <strong>sorprendentemente moderato per il suo tempo<\/strong>.<\/p>\n\n\n\n<p>Non era perfetto.<br>Ma non era nemmeno il mostro che ci \u00e8 stato raccontato.<\/p>\n\n\n\n<hr class=\"wp-block-separator has-alpha-channel-opacity\"\/>\n\n\n\n<h2 class=\"wp-block-heading\">7. Cosa ci dice tutto questo oggi?<\/h2>\n\n\n\n<p>\u00c8 qui che il tema smette di essere soltanto storico e diventa <strong>profondamente attuale<\/strong>.<\/p>\n\n\n\n<h3 class=\"wp-block-heading\">1. Sulla giustizia<\/h3>\n\n\n\n<p>Oggi puniamo molto\u2026 ma guariamo poco.<br>Incarceriamo corpi, ma non accompagniamo anime.<\/p>\n\n\n\n<h3 class=\"wp-block-heading\">2. Sulla dignit\u00e0 umana<\/h3>\n\n\n\n<p>La Chiesa, anche in contesti duri, ha mantenuto l\u2019idea che <strong>nessuno smette mai di essere una persona<\/strong>, nemmeno il colpevole.<\/p>\n\n\n\n<h3 class=\"wp-block-heading\">3. Sulla verit\u00e0<\/h3>\n\n\n\n<p>Viviamo in tempi in cui il dissenso pu\u00f2 costarti l\u2019\u201cesilio sociale\u201d. Cancel culture, linciaggio mediatico, etichette rapide.<br>Siamo davvero cos\u00ec diversi, in fondo?<\/p>\n\n\n\n<hr class=\"wp-block-separator has-alpha-channel-opacity\"\/>\n\n\n\n<h2 class=\"wp-block-heading\">8. Guida spirituale: imparare da questa storia scomoda<\/h2>\n\n\n\n<p>Questa storia ci invita a diverse attitudini spirituali molto concrete:<\/p>\n\n\n\n<h3 class=\"wp-block-heading\">\ud83d\udd39 Umilt\u00e0 storica<\/h3>\n\n\n\n<p>Prima di giudicare il passato, chiediamoci se il nostro presente \u00e8 davvero cos\u00ec luminoso come crediamo.<\/p>\n\n\n\n<h3 class=\"wp-block-heading\">\ud83d\udd39 Misericordia autentica<\/h3>\n\n\n\n<p>Non quella che giustifica tutto, ma quella che cerca <strong>di redimere il peccatore senza negare la verit\u00e0<\/strong>.<\/p>\n\n\n\n<h3 class=\"wp-block-heading\">\ud83d\udd39 Conversione personale<\/h3>\n\n\n\n<p>La blasfemia simulata di quei detenuti ci ricorda che anche dalla miseria umana\u2026 <strong>Dio pu\u00f2 aprire cammini di grazia<\/strong>.<\/p>\n\n\n\n<blockquote class=\"wp-block-quote is-layout-flow wp-block-quote-is-layout-flow\">\n<p><em>\u00abDove \u00e8 abbondato il peccato, ha sovrabbondato la grazia.\u00bb<\/em><br>(Romani 5,20)<\/p>\n<\/blockquote>\n\n\n\n<hr class=\"wp-block-separator has-alpha-channel-opacity\"\/>\n\n\n\n<h2 class=\"wp-block-heading\">9. Un\u2019ultima riflessione<\/h2>\n\n\n\n<p>La vera domanda non \u00e8 se l\u2019Inquisizione sia stata perfetta (non lo \u00e8 stata).<br>La domanda \u00e8: <strong>oggi siamo pi\u00f9 giusti, pi\u00f9 misericordiosi e pi\u00f9 umani?<\/strong><\/p>\n\n\n\n<p>Forse \u00e8 per questo che questa storia d\u00e0 cos\u00ec fastidio.<br>Perch\u00e9 rompe il racconto facile e ci costringe a guardarci allo specchio.<\/p>\n\n\n\n<p>E perch\u00e9, in fondo, la Chiesa \u2014 con tutte le sue ombre \u2014 continua a ricordarci qualcosa di profondamente cristiano:<\/p>\n\n\n\n<p>\ud83d\udc49 <strong>nessun essere umano \u00e8 irrecuperabile<\/strong><br>\ud83d\udc49 <strong>nessuna verit\u00e0 si difende con l\u2019odio<\/strong><br>\ud83d\udc49 <strong>e nessuna giustizia \u00e8 autentica senza carit\u00e0<\/strong><\/p>\n","protected":false},"excerpt":{"rendered":"<p>Quando oggi sentiamo la parola Inquisizione, l\u2019immaginario collettivo si scatena: prigioni umide, torture interminabili, fanatismo religioso e una Chiesa assetata di sangue. \u00c8 un\u2019immagine ripetuta cos\u00ec spesso che quasi nessuno si ferma a chiedersi se sia storicamente onesta. Ma la storia \u2014 come quasi sempre \u2014 \u00e8 pi\u00f9 complessa, pi\u00f9 umana\u2026 e anche pi\u00f9 scomoda &hellip;<\/p>\n","protected":false},"author":3,"featured_media":4906,"comment_status":"closed","ping_status":"closed","sticky":false,"template":"","format":"standard","meta":{"_seopress_robots_primary_cat":"","_seopress_titles_title":"","_seopress_titles_desc":"","_seopress_robots_index":"","footnotes":""},"categories":[48,38],"tags":[639],"class_list":["post-4905","post","type-post","status-publish","format-standard","has-post-thumbnail","","category-storia-della-chiesa","category-storia-e-tradizione","tag-inquisizione"],"_links":{"self":[{"href":"https:\/\/catholicus.eu\/it\/wp-json\/wp\/v2\/posts\/4905","targetHints":{"allow":["GET"]}}],"collection":[{"href":"https:\/\/catholicus.eu\/it\/wp-json\/wp\/v2\/posts"}],"about":[{"href":"https:\/\/catholicus.eu\/it\/wp-json\/wp\/v2\/types\/post"}],"author":[{"embeddable":true,"href":"https:\/\/catholicus.eu\/it\/wp-json\/wp\/v2\/users\/3"}],"replies":[{"embeddable":true,"href":"https:\/\/catholicus.eu\/it\/wp-json\/wp\/v2\/comments?post=4905"}],"version-history":[{"count":1,"href":"https:\/\/catholicus.eu\/it\/wp-json\/wp\/v2\/posts\/4905\/revisions"}],"predecessor-version":[{"id":4907,"href":"https:\/\/catholicus.eu\/it\/wp-json\/wp\/v2\/posts\/4905\/revisions\/4907"}],"wp:featuredmedia":[{"embeddable":true,"href":"https:\/\/catholicus.eu\/it\/wp-json\/wp\/v2\/media\/4906"}],"wp:attachment":[{"href":"https:\/\/catholicus.eu\/it\/wp-json\/wp\/v2\/media?parent=4905"}],"wp:term":[{"taxonomy":"category","embeddable":true,"href":"https:\/\/catholicus.eu\/it\/wp-json\/wp\/v2\/categories?post=4905"},{"taxonomy":"post_tag","embeddable":true,"href":"https:\/\/catholicus.eu\/it\/wp-json\/wp\/v2\/tags?post=4905"}],"curies":[{"name":"wp","href":"https:\/\/api.w.org\/{rel}","templated":true}]}}