{"id":4902,"date":"2026-02-05T22:26:47","date_gmt":"2026-02-05T21:26:47","guid":{"rendered":"https:\/\/catholicus.eu\/it\/?p=4902"},"modified":"2026-02-05T22:26:47","modified_gmt":"2026-02-05T21:26:47","slug":"un-fantasma-puo-chiedere-una-messa","status":"publish","type":"post","link":"https:\/\/catholicus.eu\/it\/un-fantasma-puo-chiedere-una-messa\/","title":{"rendered":"Un fantasma pu\u00f2 chiedere una Messa?"},"content":{"rendered":"\n<h2 class=\"wp-block-heading\">Cosa dicono i teologi tradizionali sulle apparizioni delle anime del Purgatorio<\/h2>\n\n\n\n<h3 class=\"wp-block-heading\">Introduzione: tra paura moderna e fede dimenticata<\/h3>\n\n\n\n<p class=\"wp-block-paragraph\">Oggi la parola <em>fantasma<\/em> suscita pi\u00f9 curiosit\u00e0 morbosa che riflessione spirituale. Serie TV, film e racconti popolari hanno ridotto il soprannaturale a spettacolo o a paura. Tuttavia, la fede cattolica \u2014soprattutto nella sua forma pi\u00f9 solida\u2014 offre una lettura molto diversa, sobria e profondamente piena di speranza.<\/p>\n\n\n\n<p class=\"wp-block-paragraph\">La domanda che ci poniamo non \u00e8 n\u00e9 frivola n\u00e9 sensazionalistica:<br><strong>Pu\u00f2 un\u2019anima dall\u2019aldil\u00e0 manifestarsi per chiedere una Messa?<\/strong><br>E ancora pi\u00f9 importante: <strong>cosa ci insegna questo sul Purgatorio, sulla Comunione dei Santi e sulla nostra responsabilit\u00e0 verso i defunti?<\/strong><\/p>\n\n\n\n<p class=\"wp-block-paragraph\">Lontano dalle superstizioni, grandi teologi, santi e pastori della Chiesa hanno riflettuto seriamente su questo tema per secoli. E le loro risposte sono sorprendentemente attuali.<\/p>\n\n\n\n<hr class=\"wp-block-separator has-alpha-channel-opacity\"\/>\n\n\n\n<h2 class=\"wp-block-heading\">1. Prima di tutto, chiarire i termini: non \u00e8 un \u201cfantasma\u201d<\/h2>\n\n\n\n<p class=\"wp-block-paragraph\">Dal punto di vista della fede cattolica, <strong>i \u201cfantasmi\u201d non esistono nel senso popolare<\/strong>: anime erranti, intrappolate tra due mondi per ragioni misteriose. Ci\u00f2 che la tradizione cristiana contempla \u2014con molta prudenza\u2014 sono <strong>eventuali apparizioni straordinarie delle anime del Purgatorio<\/strong>, sempre per permesso divino e con uno scopo spirituale preciso.<\/p>\n\n\n\n<p class=\"wp-block-paragraph\">San Tommaso d\u2019Aquino lo spiega chiaramente:<\/p>\n\n\n\n<blockquote class=\"wp-block-quote is-layout-flow wp-block-quote-is-layout-flow\">\n<p class=\"wp-block-paragraph\">\u201cLe anime separate non vagano liberamente per il mondo; se appaiono, \u00e8 per una disposizione speciale di Dio, a beneficio dei vivi.\u201d<br>(<em>Summa Theologica<\/em>, Suppl., q. 69)<\/p>\n<\/blockquote>\n\n\n\n<p class=\"wp-block-paragraph\">In altre parole:<\/p>\n\n\n\n<ul class=\"wp-block-list\">\n<li>Non agiscono per iniziativa assoluta propria<\/li>\n\n\n\n<li>Non cercano di spaventare<\/li>\n\n\n\n<li>Non rimangono \u201cintrappolate\u201d<\/li>\n\n\n\n<li><strong>C\u2019\u00e8 sempre uno scopo: chiedere aiuto, avvertire o edificare<\/strong><\/li>\n<\/ul>\n\n\n\n<hr class=\"wp-block-separator has-alpha-channel-opacity\"\/>\n\n\n\n<h2 class=\"wp-block-heading\">2. Fondamento biblico: la preghiera per i defunti<\/h2>\n\n\n\n<p class=\"wp-block-paragraph\">Sebbene la Sacra Scrittura non descriva apparizioni con linguaggio moderno, <strong>stabilisce con forza la realt\u00e0 del Purgatorio e l\u2019aiuto che i vivi possono dare ai morti<\/strong>.<\/p>\n\n\n\n<p class=\"wp-block-paragraph\">Il testo chiave \u00e8:<\/p>\n\n\n\n<blockquote class=\"wp-block-quote is-layout-flow wp-block-quote-is-layout-flow\">\n<p class=\"wp-block-paragraph\">\u201c\u00c8 dunque un pensiero santo e salutare pregare per i defunti, affinch\u00e9 siano liberati dai loro peccati.\u201d<br><em>(2 Maccabei 12,45)<\/em><\/p>\n<\/blockquote>\n\n\n\n<p class=\"wp-block-paragraph\">Questo passo, accettato dalla Chiesa sin dai primi secoli, costituisce la base dottrinale di:<\/p>\n\n\n\n<ul class=\"wp-block-list\">\n<li>Messe per i defunti<\/li>\n\n\n\n<li>Indulgenze<\/li>\n\n\n\n<li>Comunione spirituale tra vivi e morti<\/li>\n<\/ul>\n\n\n\n<p class=\"wp-block-paragraph\">Se i vivi possono aiutare i morti\u2026<br>\ud83d\udc49 <strong>perch\u00e9 Dio non potrebbe permettere a un\u2019anima di chiedere questo aiuto?<\/strong><\/p>\n\n\n\n<hr class=\"wp-block-separator has-alpha-channel-opacity\"\/>\n\n\n\n<h2 class=\"wp-block-heading\">3. I Padri della Chiesa e i primi testimoni<\/h2>\n\n\n\n<p class=\"wp-block-paragraph\">Sant\u2019Agostino racconta in <em>La Citt\u00e0 di Dio<\/em> casi di defunti che si manifestarono per chiedere suffragi. Non lo fa con leggerezza, ma con prudenza pastorale, sottolineando sempre che <strong>Dio lo permette per suscitare carit\u00e0 e conversione nei vivi<\/strong>.<\/p>\n\n\n\n<p class=\"wp-block-paragraph\">San Gregorio Magno, nei suoi <em>Dialoghi<\/em>, raccoglie numerose testimonianze di anime che:<\/p>\n\n\n\n<ul class=\"wp-block-list\">\n<li>Apparvero ai familiari<\/li>\n\n\n\n<li>Supplicarono Messe<\/li>\n\n\n\n<li>Scomparvero dopo aver ricevuto i suffragi necessari<\/li>\n<\/ul>\n\n\n\n<p class=\"wp-block-paragraph\">Per questi Padri, <strong>non era qualcosa di ordinario n\u00e9 da cercare<\/strong>, ma non era nemmeno impossibile.<\/p>\n\n\n\n<hr class=\"wp-block-separator has-alpha-channel-opacity\"\/>\n\n\n\n<h2 class=\"wp-block-heading\">4. Un\u2019anima pu\u00f2 chiedere esplicitamente una Messa?<\/h2>\n\n\n\n<p class=\"wp-block-paragraph\">La risposta della teologia tradizionale \u00e8 chiara:<br>\ud83d\udc49 <strong>S\u00ec, pu\u00f2 accadere, se Dio lo permette.<\/strong><\/p>\n\n\n\n<p class=\"wp-block-paragraph\">Ma a condizioni molto precise:<\/p>\n\n\n\n<ol class=\"wp-block-list\">\n<li><strong>Non contraddice mai la fede o la morale<\/strong><\/li>\n\n\n\n<li><strong>Non introduce nuove dottrine<\/strong><\/li>\n\n\n\n<li><strong>Rimanda sempre ai mezzi ordinari di salvezza<\/strong> (Messa, preghiera, penitenza)<\/li>\n\n\n\n<li><strong>Produce frutti spirituali<\/strong> (conversione, carit\u00e0, crescita nella fede)<\/li>\n<\/ol>\n\n\n\n<p class=\"wp-block-paragraph\">Sant\u2019Alfonso Maria de\u2019 Liguori, Dottore della Chiesa, afferma:<\/p>\n\n\n\n<blockquote class=\"wp-block-quote is-layout-flow wp-block-quote-is-layout-flow\">\n<p class=\"wp-block-paragraph\">\u201cDio permette talvolta che le anime del Purgatorio si manifestino per risvegliare la carit\u00e0 dei vivi e ricordare loro l\u2019eternit\u00e0.\u201d<\/p>\n<\/blockquote>\n\n\n\n<p class=\"wp-block-paragraph\">In altre parole: <strong>non \u00e8 curiosit\u00e0, \u00e8 misericordia<\/strong>.<\/p>\n\n\n\n<hr class=\"wp-block-separator has-alpha-channel-opacity\"\/>\n\n\n\n<h2 class=\"wp-block-heading\">5. Discernimento: non tutto ci\u00f2 che \u00e8 soprannaturale viene da Dio<\/h2>\n\n\n\n<p class=\"wp-block-paragraph\">Su questo punto la Chiesa \u00e8 assolutamente ferma. <strong>La grande maggioranza delle presunte apparizioni non \u00e8 autentica<\/strong>, da qui la necessit\u00e0 di prudenza.<\/p>\n\n\n\n<p class=\"wp-block-paragraph\">La tradizione insegna:<\/p>\n\n\n\n<ul class=\"wp-block-list\">\n<li>Non cercarle<\/li>\n\n\n\n<li>Non invocarle<\/li>\n\n\n\n<li>Non dialogare con gli spiriti<\/li>\n<\/ul>\n\n\n\n<p class=\"wp-block-paragraph\">Qualsiasi tentativo di contatto volontario con l\u2019aldil\u00e0 (spiritismo, tavole Ouija, medianit\u00e0) <strong>\u00e8 gravemente illecito<\/strong> ed \u00e8 condannato dalla Chiesa.<\/p>\n\n\n\n<blockquote class=\"wp-block-quote is-layout-flow wp-block-quote-is-layout-flow\">\n<p class=\"wp-block-paragraph\">\u201cNon ci sar\u00e0 in mezzo a te chi consulta i morti.\u201d<br><em>(Deuteronomio 18,11)<\/em><\/p>\n<\/blockquote>\n\n\n\n<p class=\"wp-block-paragraph\">Quando una manifestazione \u00e8 autentica, <strong>l\u2019iniziativa appartiene sempre a Dio<\/strong>, mai all\u2019uomo.<\/p>\n\n\n\n<hr class=\"wp-block-separator has-alpha-channel-opacity\"\/>\n\n\n\n<h2 class=\"wp-block-heading\">6. Perch\u00e9 chiedere una Messa e non altro?<\/h2>\n\n\n\n<p class=\"wp-block-paragraph\">Perch\u00e9 <strong>la Santa Messa \u00e8 il pi\u00f9 grande atto di carit\u00e0 che si possa compiere per un defunto<\/strong>.<\/p>\n\n\n\n<p class=\"wp-block-paragraph\">Il Concilio di Trento insegna:<\/p>\n\n\n\n<ul class=\"wp-block-list\">\n<li>Il Sacrificio della Messa ha valore propiziatorio<\/li>\n\n\n\n<li>Si applica ai vivi e ai morti<\/li>\n\n\n\n<li>Allevia e libera le anime del Purgatorio<\/li>\n<\/ul>\n\n\n\n<p class=\"wp-block-paragraph\">Una sola Messa offerta con fede pu\u00f2 fare pi\u00f9 per un\u2019anima che anni di sofferenze.<\/p>\n\n\n\n<p class=\"wp-block-paragraph\">Perci\u00f2, se un\u2019anima potesse parlare, <strong>chiederebbe ci\u00f2 che \u00e8 pi\u00f9 efficace<\/strong>.<\/p>\n\n\n\n<hr class=\"wp-block-separator has-alpha-channel-opacity\"\/>\n\n\n\n<h2 class=\"wp-block-heading\">7. Rilevanza attuale: il Purgatorio dimenticato<\/h2>\n\n\n\n<p class=\"wp-block-paragraph\">Viviamo in un\u2019epoca in cui si parla poco di:<\/p>\n\n\n\n<ul class=\"wp-block-list\">\n<li>Giudizio<\/li>\n\n\n\n<li>Eternit\u00e0<\/li>\n\n\n\n<li>Purgatorio<\/li>\n<\/ul>\n\n\n\n<p class=\"wp-block-paragraph\">Risultato:<\/p>\n\n\n\n<ul class=\"wp-block-list\">\n<li>Defunti senza Messe<\/li>\n\n\n\n<li>Funerali senza preghiera<\/li>\n\n\n\n<li>Ricordi sentimentali, ma poca carit\u00e0 soprannaturale<\/li>\n<\/ul>\n\n\n\n<p class=\"wp-block-paragraph\">Queste storie \u2014reali o no\u2014 ci interpellano con forza:<br>\ud83d\udc49 <strong>Preghiamo per i nostri morti?<\/strong><br>\ud83d\udc49 <strong>Offriamo Messe per loro?<\/strong><br>\ud83d\udc49 <strong>Viviamo come se l\u2019eternit\u00e0 esistesse davvero?<\/strong><\/p>\n\n\n\n<hr class=\"wp-block-separator has-alpha-channel-opacity\"\/>\n\n\n\n<h2 class=\"wp-block-heading\">8. Guida spirituale pratica per oggi<\/h2>\n\n\n\n<p class=\"wp-block-paragraph\">Non \u00e8 necessario vedere un\u2019anima per vivere questo insegnamento. Basta:<\/p>\n\n\n\n<ul class=\"wp-block-list\">\n<li>Far celebrare Messe per i defunti<\/li>\n\n\n\n<li>Recitare il Rosario per le anime del Purgatorio<\/li>\n\n\n\n<li>Ottenere indulgenze applicabili a loro<\/li>\n\n\n\n<li>Ricordare quotidianamente le anime dimenticate<\/li>\n<\/ul>\n\n\n\n<p class=\"wp-block-paragraph\">Come dice San Paolo:<\/p>\n\n\n\n<blockquote class=\"wp-block-quote is-layout-flow wp-block-quote-is-layout-flow\">\n<p class=\"wp-block-paragraph\">\u201cSe viviamo, viviamo per il Signore; se moriamo, moriamo per il Signore.\u201d<br><em>(Romani 14,8)<\/em><\/p>\n<\/blockquote>\n\n\n\n<p class=\"wp-block-paragraph\">E in Cristo, <strong>la morte non spezza la comunione \u2014 la purifica<\/strong>.<\/p>\n\n\n\n<hr class=\"wp-block-separator has-alpha-channel-opacity\"\/>\n\n\n\n<h2 class=\"wp-block-heading\">Conclusione: non paura, ma speranza<\/h2>\n\n\n\n<p class=\"wp-block-paragraph\">La domanda non \u00e8 tanto se un\u2019anima possa chiedere una Messa.<br>La vera domanda \u00e8:<\/p>\n\n\n\n<p class=\"wp-block-paragraph\"><strong>Siamo disposti a offrirne una, anche se nessuno ce lo chiede?<\/strong><\/p>\n\n\n\n<p class=\"wp-block-paragraph\">Il Purgatorio non \u00e8 una storia dell\u2019orrore.<br>\u00c8 una storia di misericordia\u2026 che attende la nostra risposta.<\/p>\n","protected":false},"excerpt":{"rendered":"<p>Cosa dicono i teologi tradizionali sulle apparizioni delle anime del Purgatorio Introduzione: tra paura moderna e fede dimenticata Oggi la parola fantasma suscita pi\u00f9 curiosit\u00e0 morbosa che riflessione spirituale. Serie TV, film e racconti popolari hanno ridotto il soprannaturale a spettacolo o a paura. Tuttavia, la fede cattolica \u2014soprattutto nella sua forma pi\u00f9 solida\u2014 offre &hellip;<\/p>\n","protected":false},"author":3,"featured_media":4903,"comment_status":"closed","ping_status":"closed","sticky":false,"template":"","format":"standard","meta":{"_seopress_titles_title":"","_seopress_titles_desc":"","_seopress_robots_index":"","_seopress_robots_follow":"","_seopress_robots_imageindex":"","_seopress_robots_snippet":"","_seopress_robots_primary_cat":"","_seopress_robots_breadcrumbs":"","_seopress_robots_freeze_modified_date":"","_seopress_robots_custom_modified_date":"","_seopress_robots_canonical":"","_seopress_social_fb_title":"","_seopress_social_fb_desc":"","_seopress_social_fb_img":"","_seopress_social_fb_img_attachment_id":0,"_seopress_social_fb_img_width":0,"_seopress_social_fb_img_height":0,"_seopress_social_twitter_title":"","_seopress_social_twitter_desc":"","_seopress_social_twitter_img":"","_seopress_social_twitter_img_attachment_id":0,"_seopress_social_twitter_img_width":0,"_seopress_social_twitter_img_height":0,"_seopress_redirections_value":"","_seopress_redirections_enabled":"","_seopress_redirections_enabled_regex":"","_seopress_redirections_logged_status":"","_seopress_redirections_param":"","_seopress_redirections_type":0,"_seopress_analysis_target_kw":"","footnotes":""},"categories":[66,41],"tags":[856],"class_list":["post-4902","post","type-post","status-publish","format-standard","has-post-thumbnail","","category-cultura-popolare-e-cattolicesimo","category-fede-e-cultura","tag-purgatorio"],"_links":{"self":[{"href":"https:\/\/catholicus.eu\/it\/wp-json\/wp\/v2\/posts\/4902","targetHints":{"allow":["GET"]}}],"collection":[{"href":"https:\/\/catholicus.eu\/it\/wp-json\/wp\/v2\/posts"}],"about":[{"href":"https:\/\/catholicus.eu\/it\/wp-json\/wp\/v2\/types\/post"}],"author":[{"embeddable":true,"href":"https:\/\/catholicus.eu\/it\/wp-json\/wp\/v2\/users\/3"}],"replies":[{"embeddable":true,"href":"https:\/\/catholicus.eu\/it\/wp-json\/wp\/v2\/comments?post=4902"}],"version-history":[{"count":1,"href":"https:\/\/catholicus.eu\/it\/wp-json\/wp\/v2\/posts\/4902\/revisions"}],"predecessor-version":[{"id":4904,"href":"https:\/\/catholicus.eu\/it\/wp-json\/wp\/v2\/posts\/4902\/revisions\/4904"}],"wp:featuredmedia":[{"embeddable":true,"href":"https:\/\/catholicus.eu\/it\/wp-json\/wp\/v2\/media\/4903"}],"wp:attachment":[{"href":"https:\/\/catholicus.eu\/it\/wp-json\/wp\/v2\/media?parent=4902"}],"wp:term":[{"taxonomy":"category","embeddable":true,"href":"https:\/\/catholicus.eu\/it\/wp-json\/wp\/v2\/categories?post=4902"},{"taxonomy":"post_tag","embeddable":true,"href":"https:\/\/catholicus.eu\/it\/wp-json\/wp\/v2\/tags?post=4902"}],"curies":[{"name":"wp","href":"https:\/\/api.w.org\/{rel}","templated":true}]}}