{"id":4872,"date":"2026-02-02T17:30:49","date_gmt":"2026-02-02T16:30:49","guid":{"rendered":"https:\/\/catholicus.eu\/it\/?p=4872"},"modified":"2026-02-02T17:30:50","modified_gmt":"2026-02-02T16:30:50","slug":"pietro-e-paolo-faccia-a-faccia-quando-la-verita-del-vangelo-era-in-gioco","status":"publish","type":"post","link":"https:\/\/catholicus.eu\/it\/pietro-e-paolo-faccia-a-faccia-quando-la-verita-del-vangelo-era-in-gioco\/","title":{"rendered":"Pietro e Paolo faccia a faccia: quando la verit\u00e0 del Vangelo era in gioco"},"content":{"rendered":"\n<p>Pochi episodi del Nuovo Testamento sono tanto sorprendenti, cos\u00ec umani e allo stesso tempo cos\u00ec profondamente teologici quanto il confronto tra <strong>san Pietro e san Paolo narrato nella Lettera ai Galati<\/strong>. Due giganti della Chiesa primitiva, due colonne apostoliche\u2026 e tuttavia una <strong>discrepanza pubblica, tesa e decisiva<\/strong>, destinata a segnare per sempre la comprensione cattolica della <strong>verit\u00e0, dell\u2019autorit\u00e0, della carit\u00e0 e della correzione fraterna<\/strong>.<\/p>\n\n\n\n<p>Questo episodio non \u00e8 un aneddoto imbarazzante da nascondere. Al contrario: \u00e8 una <strong>lezione viva<\/strong>, attualissima e profondamente pastorale per la Chiesa di ogni tempo \u2014 anche per la nostra.<\/p>\n\n\n\n<hr class=\"wp-block-separator has-alpha-channel-opacity\"\/>\n\n\n\n<h2 class=\"wp-block-heading\">1. Il contesto: una Chiesa nascente sotto tensione<\/h2>\n\n\n\n<p>Siamo nel I secolo. La Chiesa cresce rapidamente, ma affronta anche enormi sfide. Una delle pi\u00f9 delicate \u00e8 questa:<\/p>\n\n\n\n<p>\ud83d\udc49 <strong>I cristiani di origine pagana devono osservare la Legge giudaica per essere salvati?<\/strong><br>Circoncisione, norme alimentari, separazioni rituali\u2026 sono obbligatorie oppure no?<\/p>\n\n\n\n<p>Questo dibattito non \u00e8 secondario. Tocca il cuore stesso del Vangelo:<br><strong>Siamo salvati da Cristo o dalle opere della Legge?<\/strong><\/p>\n\n\n\n<p>San Paolo, apostolo delle genti, ha una convinzione chiara e ferma:<\/p>\n\n\n\n<blockquote class=\"wp-block-quote is-layout-flow wp-block-quote-is-layout-flow\">\n<p><em>\u00abL\u2019uomo non \u00e8 giustificato dalle opere della Legge, ma mediante la fede in Ges\u00f9 Cristo\u00bb<\/em> (Gal 2,16).<\/p>\n<\/blockquote>\n\n\n\n<p>San Pietro, primo Papa, condivide dottrinalmente questa verit\u00e0 \u2014 l\u2019ha gi\u00e0 proclamata nel Concilio di Gerusalemme \u2014 ma ad Antiochia il suo comportamento genera confusione.<\/p>\n\n\n\n<hr class=\"wp-block-separator has-alpha-channel-opacity\"\/>\n\n\n\n<h2 class=\"wp-block-heading\">2. L\u2019incidente di Antiochia: il testo chiave dei Galati<\/h2>\n\n\n\n<p>San Paolo non usa mezzi termini. Racconta l\u2019episodio con una franchezza quasi scomoda:<\/p>\n\n\n\n<blockquote class=\"wp-block-quote is-layout-flow wp-block-quote-is-layout-flow\">\n<p><em>\u00abQuando Cefa venne ad Antiochia, mi opposi a lui a viso aperto, perch\u00e9 aveva torto. Infatti, prima che giungessero alcuni da parte di Giacomo, egli prendeva cibo insieme ai pagani; ma dopo la loro venuta, cominci\u00f2 a tirarsi indietro e a separarsi, per timore di quelli della circoncisione\u00bb<\/em><br>(Galati 2,11-12)<\/p>\n<\/blockquote>\n\n\n\n<p>Pietro, per <strong>timore umano<\/strong>, smette di mangiare con i cristiani di origine pagana per non scandalizzare i giudeo-cristiani pi\u00f9 rigorosi. Non predica un\u2019eresia, ma <strong>il suo comportamento contraddice la verit\u00e0 che professa<\/strong>.<\/p>\n\n\n\n<p>Ed \u00e8 proprio questo che Paolo non pu\u00f2 tollerare.<\/p>\n\n\n\n<hr class=\"wp-block-separator has-alpha-channel-opacity\"\/>\n\n\n\n<h2 class=\"wp-block-heading\">3. Pietro fu \u201ccorretto\u201d? Una chiave teologica essenziale<\/h2>\n\n\n\n<p>Qui \u00e8 fondamentale essere molto precisi, soprattutto da una prospettiva <strong>cattolica tradizionale<\/strong>.<\/p>\n\n\n\n<p>\ud83d\udd39 <strong>Pietro non viene corretto nella dottrina, ma nel comportamento.<\/strong><br>\ud83d\udd39 <strong>L\u2019infallibilit\u00e0 non garantisce l\u2019impeccabilit\u00e0.<\/strong><br>\ud83d\udd39 Il Papa pu\u00f2 sbagliare come uomo, ma non come maestro definitivo della fede.<\/p>\n\n\n\n<p>San Paolo lo esprime con chiarezza:<\/p>\n\n\n\n<blockquote class=\"wp-block-quote is-layout-flow wp-block-quote-is-layout-flow\">\n<p><em>\u00abVedendo che non camminavano rettamente secondo la verit\u00e0 del Vangelo\u2026\u00bb<\/em><br>(Gal 2,14)<\/p>\n<\/blockquote>\n\n\n\n<p>Il problema non \u00e8 un insegnamento errato, ma uno <strong>scandalo pratico<\/strong>: un gesto che, nella vita concreta della Chiesa, oscura il Vangelo della grazia.<\/p>\n\n\n\n<p>Questo \u00e8 decisivo anche per oggi.<\/p>\n\n\n\n<hr class=\"wp-block-separator has-alpha-channel-opacity\"\/>\n\n\n\n<h2 class=\"wp-block-heading\">4. Una lezione sull\u2019autorit\u00e0 nella Chiesa<\/h2>\n\n\n\n<p>Questo passo smonta due errori opposti molto diffusi nel nostro tempo:<\/p>\n\n\n\n<h3 class=\"wp-block-heading\">\u274c Errore 1: \u00abPietro ha sbagliato, quindi l\u2019autorit\u00e0 non conta\u00bb<\/h3>\n\n\n\n<p>Falso. Pietro resta Pietro. Rimane la roccia. Nessuno mette in discussione il suo primato.<\/p>\n\n\n\n<h3 class=\"wp-block-heading\">\u274c Errore 2: \u00abL\u2019autorit\u00e0 non pu\u00f2 mai essere corretta\u00bb<\/h3>\n\n\n\n<p>Anch\u2019esso falso. San Paolo lo fa <strong>per carit\u00e0 e per fedelt\u00e0 alla verit\u00e0<\/strong>, non per spirito di ribellione.<\/p>\n\n\n\n<p>Qui emerge il vero equilibrio cattolico:<\/p>\n\n\n\n<ul class=\"wp-block-list\">\n<li><strong>Rispetto dell\u2019autorit\u00e0<\/strong><\/li>\n\n\n\n<li><strong>Primato della verit\u00e0<\/strong><\/li>\n\n\n\n<li><strong>Correzione fraterna quando il Vangelo \u00e8 in gioco<\/strong><\/li>\n<\/ul>\n\n\n\n<hr class=\"wp-block-separator has-alpha-channel-opacity\"\/>\n\n\n\n<h2 class=\"wp-block-heading\">5. La rilevanza teologica: fede, opere e coerenza<\/h2>\n\n\n\n<p>Il nucleo del conflitto \u00e8 questo:<br>\ud83d\udc49 <strong>Non si pu\u00f2 vivere come se la salvezza dipendesse dalla Legge mentre si predica che dipende da Cristo.<\/strong><\/p>\n\n\n\n<p>San Paolo lo afferma con forza:<\/p>\n\n\n\n<blockquote class=\"wp-block-quote is-layout-flow wp-block-quote-is-layout-flow\">\n<p><em>\u00abSe la giustificazione si ottiene per mezzo della Legge, allora Cristo \u00e8 morto invano\u00bb<\/em><br>(Gal 2,21)<\/p>\n<\/blockquote>\n\n\n\n<p>Questo episodio ci insegna che:<\/p>\n\n\n\n<ul class=\"wp-block-list\">\n<li>L\u2019<strong>ortodossia<\/strong> (retta dottrina) richiede l\u2019<strong>ortoprassi<\/strong> (retta vita).<\/li>\n\n\n\n<li>L\u2019incoerenza pastorale pu\u00f2 essere dannosa quanto l\u2019errore dottrinale.<\/li>\n\n\n\n<li>Il Vangelo viene tradito non solo dalle parole, ma anche dai silenzi e dai gesti.<\/li>\n<\/ul>\n\n\n\n<hr class=\"wp-block-separator has-alpha-channel-opacity\"\/>\n\n\n\n<h2 class=\"wp-block-heading\">6. Applicazioni per la Chiesa di oggi<\/h2>\n\n\n\n<p>Questo passo \u00e8 di un\u2019attualit\u00e0 quasi scomoda.<\/p>\n\n\n\n<h3 class=\"wp-block-heading\">a) Per pastori e responsabili<\/h3>\n\n\n\n<ul class=\"wp-block-list\">\n<li>Il timore del giudizio pubblico <strong>non pu\u00f2 condizionare l\u2019annuncio del Vangelo<\/strong>.<\/li>\n\n\n\n<li>L\u2019ambiguit\u00e0 pastorale confonde i fedeli.<\/li>\n\n\n\n<li>La carit\u00e0 senza verit\u00e0 diventa sentimentalismo.<\/li>\n<\/ul>\n\n\n\n<h3 class=\"wp-block-heading\">b) Per i fedeli laici<\/h3>\n\n\n\n<ul class=\"wp-block-list\">\n<li>Non ogni critica \u00e8 ribellione.<\/li>\n\n\n\n<li>Difendere la verit\u00e0 con rispetto <strong>\u00e8 anche un atto di amore verso la Chiesa<\/strong>.<\/li>\n\n\n\n<li>La fedelt\u00e0 non \u00e8 servilismo, ma comunione nella verit\u00e0.<\/li>\n<\/ul>\n\n\n\n<h3 class=\"wp-block-heading\">c) Per la vita spirituale personale<\/h3>\n\n\n\n<ul class=\"wp-block-list\">\n<li>Vivo ci\u00f2 che credo o adatto la mia fede all\u2019ambiente?<\/li>\n\n\n\n<li>Sono coerente in pubblico e in privato?<\/li>\n\n\n\n<li>Taccio per paura quando dovrei testimoniare?<\/li>\n<\/ul>\n\n\n\n<hr class=\"wp-block-separator has-alpha-channel-opacity\"\/>\n\n\n\n<h2 class=\"wp-block-heading\">7. Guida pratica teologica e pastorale<\/h2>\n\n\n\n<h3 class=\"wp-block-heading\">1\ufe0f\u20e3 Discernere prima di parlare<\/h3>\n\n\n\n<p>Non ogni divergenza \u00e8 come quella di Paolo.<br>Chiediti:<\/p>\n\n\n\n<ul class=\"wp-block-list\">\n<li>\u00c8 in gioco la verit\u00e0 del Vangelo?<\/li>\n\n\n\n<li>C\u2019\u00e8 uno scandalo reale per i fedeli?<\/li>\n<\/ul>\n\n\n\n<h3 class=\"wp-block-heading\">2\ufe0f\u20e3 Correggere con carit\u00e0, non con orgoglio<\/h3>\n\n\n\n<p>San Paolo corregge <strong>per amore di Cristo<\/strong>, non per umiliare Pietro.<\/p>\n\n\n\n<p>\ud83d\udc49 La correzione cristiana cerca di salvare, non di vincere.<\/p>\n\n\n\n<h3 class=\"wp-block-heading\">3\ufe0f\u20e3 Distinguere tra persona e funzione<\/h3>\n\n\n\n<p>Pietro rimane degno di rispetto anche quando viene ripreso.<br>Non si attacca mai l\u2019istituzione, si corregge un atto concreto.<\/p>\n\n\n\n<h3 class=\"wp-block-heading\">4\ufe0f\u20e3 Custodire la comunione<\/h3>\n\n\n\n<p>L\u2019episodio non spezza la Chiesa.<br>Al contrario: la rafforza e la purifica.<\/p>\n\n\n\n<h3 class=\"wp-block-heading\">5\ufe0f\u20e3 Applicarlo alla propria vita<\/h3>\n\n\n\n<p>Prima di segnalare le incoerenze altrui, esaminiamo le nostre:<\/p>\n\n\n\n<ul class=\"wp-block-list\">\n<li>Predico una cosa e ne vivo un\u2019altra?<\/li>\n\n\n\n<li>Il mio comportamento conferma o contraddice la mia fede?<\/li>\n<\/ul>\n\n\n\n<hr class=\"wp-block-separator has-alpha-channel-opacity\"\/>\n\n\n\n<h2 class=\"wp-block-heading\">8. Una Chiesa reale, non idealizzata<\/h2>\n\n\n\n<p>Il confronto tra Pietro e Paolo non indebolisce la fede cattolica. La rende <strong>pi\u00f9 credibile<\/strong>.<\/p>\n\n\n\n<p>Ci mostra una Chiesa:<\/p>\n\n\n\n<ul class=\"wp-block-list\">\n<li>Santa, ma composta da uomini fragili.<\/li>\n\n\n\n<li>Guidata dallo Spirito, ma messa alla prova da tensioni reali.<\/li>\n\n\n\n<li>Fedele a Cristo, anche quando deve correggere se stessa.<\/li>\n<\/ul>\n\n\n\n<p>E ci lascia una lezione finale, luminosa ed esigente:<\/p>\n\n\n\n<blockquote class=\"wp-block-quote is-layout-flow wp-block-quote-is-layout-flow\">\n<p><strong>La verit\u00e0 del Vangelo vale pi\u00f9 del prestigio personale, della paura o della comodit\u00e0.<\/strong><\/p>\n<\/blockquote>\n\n\n\n<p>Possa san Pietro insegnarci l\u2019umilt\u00e0 di accettare la correzione.<br>Possa san Paolo insegnarci il coraggio di difendere la verit\u00e0.<br>E possa la Chiesa di oggi imparare ancora una volta a camminare in <strong>unit\u00e0, carit\u00e0 e fedelt\u00e0 al Vangelo di Cristo<\/strong>.<\/p>\n","protected":false},"excerpt":{"rendered":"<p>Pochi episodi del Nuovo Testamento sono tanto sorprendenti, cos\u00ec umani e allo stesso tempo cos\u00ec profondamente teologici quanto il confronto tra san Pietro e san Paolo narrato nella Lettera ai Galati. Due giganti della Chiesa primitiva, due colonne apostoliche\u2026 e tuttavia una discrepanza pubblica, tesa e decisiva, destinata a segnare per sempre la comprensione cattolica &hellip;<\/p>\n","protected":false},"author":3,"featured_media":4873,"comment_status":"closed","ping_status":"closed","sticky":false,"template":"","format":"standard","meta":{"_seopress_robots_primary_cat":"","_seopress_titles_title":"","_seopress_titles_desc":"","_seopress_robots_index":"","footnotes":""},"categories":[37,45],"tags":[1814],"class_list":["post-4872","post","type-post","status-publish","format-standard","has-post-thumbnail","","category-dottrina-e-fede","category-sacra-scrittura","tag-galati"],"_links":{"self":[{"href":"https:\/\/catholicus.eu\/it\/wp-json\/wp\/v2\/posts\/4872","targetHints":{"allow":["GET"]}}],"collection":[{"href":"https:\/\/catholicus.eu\/it\/wp-json\/wp\/v2\/posts"}],"about":[{"href":"https:\/\/catholicus.eu\/it\/wp-json\/wp\/v2\/types\/post"}],"author":[{"embeddable":true,"href":"https:\/\/catholicus.eu\/it\/wp-json\/wp\/v2\/users\/3"}],"replies":[{"embeddable":true,"href":"https:\/\/catholicus.eu\/it\/wp-json\/wp\/v2\/comments?post=4872"}],"version-history":[{"count":1,"href":"https:\/\/catholicus.eu\/it\/wp-json\/wp\/v2\/posts\/4872\/revisions"}],"predecessor-version":[{"id":4874,"href":"https:\/\/catholicus.eu\/it\/wp-json\/wp\/v2\/posts\/4872\/revisions\/4874"}],"wp:featuredmedia":[{"embeddable":true,"href":"https:\/\/catholicus.eu\/it\/wp-json\/wp\/v2\/media\/4873"}],"wp:attachment":[{"href":"https:\/\/catholicus.eu\/it\/wp-json\/wp\/v2\/media?parent=4872"}],"wp:term":[{"taxonomy":"category","embeddable":true,"href":"https:\/\/catholicus.eu\/it\/wp-json\/wp\/v2\/categories?post=4872"},{"taxonomy":"post_tag","embeddable":true,"href":"https:\/\/catholicus.eu\/it\/wp-json\/wp\/v2\/tags?post=4872"}],"curies":[{"name":"wp","href":"https:\/\/api.w.org\/{rel}","templated":true}]}}