{"id":4803,"date":"2026-01-27T22:17:00","date_gmt":"2026-01-27T21:17:00","guid":{"rendered":"https:\/\/catholicus.eu\/it\/?p=4803"},"modified":"2026-01-27T22:17:00","modified_gmt":"2026-01-27T21:17:00","slug":"peccati-contro-il-terzo-comandamento","status":"publish","type":"post","link":"https:\/\/catholicus.eu\/it\/peccati-contro-il-terzo-comandamento\/","title":{"rendered":"Peccati contro il Terzo Comandamento"},"content":{"rendered":"\n<h2 class=\"wp-block-heading\">\u00abRic\u00f2rdati del giorno del Signore per santificarlo\u00bb (Es 20,8)<\/h2>\n\n\n\n<h3 class=\"wp-block-heading\">Introduzione: un comandamento dimenticato\u2026 eppure attualissimo<\/h3>\n\n\n\n<p>In una societ\u00e0 accelerata, segnata dalla produttivit\u00e0, dal consumo e dall\u2019iperconnessione, il <strong>Terzo Comandamento<\/strong> appare a molti come qualcosa di secondario, persino facoltativo. Tuttavia, per la tradizione cattolica \u2014 e in modo particolare per la spiritualit\u00e0 cattolica tradizionale \u2014 questo comandamento tocca il <strong>cuore stesso del rapporto dell\u2019uomo con Dio<\/strong>.<\/p>\n\n\n\n<p>Non si tratta semplicemente di \u201candare a Messa la domenica\u201d, ma di <strong>riconoscere Dio come Signore del tempo<\/strong>, della vita e della storia. La domenica non \u00e8 solo un giorno libero: \u00e8 il <strong>Giorno del Signore (Dies Domini)<\/strong>, memoriale della Risurrezione di Cristo, anticipazione del riposo eterno e asse spirituale che d\u00e0 ordine a tutta la settimana.<\/p>\n\n\n\n<p>Questo articolo intende <strong>educare, ispirare e servire come guida spirituale<\/strong>, offrendo una spiegazione chiara e profonda del Terzo Comandamento e una <strong>lista ampia e minuziosa di peccati concreti<\/strong>, pensata in modo particolare per aiutare un cattolico tradizionale a compiere un buon <strong>esame di coscienza prima della Confessione<\/strong>.<\/p>\n\n\n\n<hr class=\"wp-block-separator has-alpha-channel-opacity\"\/>\n\n\n\n<h2 class=\"wp-block-heading\">1. Fondamento biblico e teologico del Terzo Comandamento<\/h2>\n\n\n\n<h3 class=\"wp-block-heading\">1.1. Nella Sacra Scrittura<\/h3>\n\n\n\n<p>Il comandamento del riposo appare gi\u00e0 nel <strong>racconto della creazione<\/strong>:<\/p>\n\n\n\n<blockquote class=\"wp-block-quote is-layout-flow wp-block-quote-is-layout-flow\">\n<p>\u00abE Dio si ripos\u00f2 nel settimo giorno da ogni lavoro che aveva fatto\u00bb (Gen 2,2).<\/p>\n<\/blockquote>\n\n\n\n<p>Non perch\u00e9 Dio avesse bisogno di riposare, ma per <strong>insegnare all\u2019uomo il ritmo sacro del tempo<\/strong>: lavoro e riposo, azione e contemplazione.<\/p>\n\n\n\n<p>Nel Decalogo, il comandamento \u00e8 formulato cos\u00ec:<\/p>\n\n\n\n<blockquote class=\"wp-block-quote is-layout-flow wp-block-quote-is-layout-flow\">\n<p>\u00abRic\u00f2rdati del giorno di sabato per santificarlo\u00bb (Es 20,8).<\/p>\n<\/blockquote>\n\n\n\n<p>Con Cristo, il sabato si trasforma nella <strong>domenica<\/strong>, giorno della Risurrezione, della nuova creazione e centro della vita cristiana.<\/p>\n\n\n\n<h3 class=\"wp-block-heading\">1.2. Insegnamento della Chiesa<\/h3>\n\n\n\n<p>Il Catechismo della Chiesa Cattolica (CCC 2168\u20132195) insegna che questo comandamento obbliga a:<\/p>\n\n\n\n<ul class=\"wp-block-list\">\n<li>Rendere culto pubblico a Dio<\/li>\n\n\n\n<li>Partecipare alla Santa Messa<\/li>\n\n\n\n<li>Astenersi dai lavori servili non necessari<\/li>\n\n\n\n<li>Favorire il riposo del corpo e dell\u2019anima<\/li>\n\n\n\n<li>Praticare la carit\u00e0 e la vita familiare<\/li>\n<\/ul>\n\n\n\n<p>Non si tratta di una norma arbitraria, ma di un <strong>dono per l\u2019uomo<\/strong>.<\/p>\n\n\n\n<hr class=\"wp-block-separator has-alpha-channel-opacity\"\/>\n\n\n\n<h2 class=\"wp-block-heading\">2. La domenica: giorno della Messa, del riposo e della carit\u00e0<\/h2>\n\n\n\n<p>La domenica possiede <strong>tre dimensioni inseparabili<\/strong>:<\/p>\n\n\n\n<ol start=\"1\" class=\"wp-block-list\">\n<li><strong>Il culto a Dio<\/strong> (Messa e preghiera)<\/li>\n\n\n\n<li><strong>Il riposo santificato<\/strong> (astensione dai lavori servili)<\/li>\n\n\n\n<li><strong>La carit\u00e0 e la vita familiare<\/strong> (tempo donato a Dio e agli altri)<\/li>\n<\/ol>\n\n\n\n<p>Peccare contro il Terzo Comandamento significa rompere questo equilibrio.<\/p>\n\n\n\n<hr class=\"wp-block-separator has-alpha-channel-opacity\"\/>\n\n\n\n<h2 class=\"wp-block-heading\">3. Peccati contro il Terzo Comandamento<\/h2>\n\n\n\n<p>Di seguito si presenta una <strong>lista ampia, concreta e dettagliata<\/strong>, organizzata per categorie per facilitare l\u2019esame di coscienza.<\/p>\n\n\n\n<blockquote class=\"wp-block-quote is-layout-flow wp-block-quote-is-layout-flow\">\n<p>\u26a0\ufe0f Nota importante: La gravit\u00e0 (peccato mortale o veniale) dipende dalla <strong>materia<\/strong>, dalla <strong>conoscenza<\/strong> e dal <strong>consenso<\/strong>.<\/p>\n<\/blockquote>\n\n\n\n<hr class=\"wp-block-separator has-alpha-channel-opacity\"\/>\n\n\n\n<h3 class=\"wp-block-heading\">3.1. Peccati contro la partecipazione alla Santa Messa<\/h3>\n\n\n\n<ul class=\"wp-block-list\">\n<li>Mancare deliberatamente alla Messa di domenica o nei giorni di precetto senza una causa grave.<\/li>\n\n\n\n<li>Mancare alla Messa per pigrizia, comodit\u00e0 o cattiva organizzazione.<\/li>\n\n\n\n<li>Preferire attivit\u00e0 di svago, sport, viaggi o riposo alla Messa.<\/li>\n\n\n\n<li>Mancare alla Messa per essersi volontariamente coricati troppo tardi.<\/li>\n\n\n\n<li>Mancare alla Messa per lavoro evitabile.<\/li>\n\n\n\n<li>Scegliere consapevolmente orari che impediscono la partecipazione alla Messa.<\/li>\n\n\n\n<li>Arrivare abitualmente e volontariamente in ritardo alla Messa.<\/li>\n\n\n\n<li>Uscire dalla Messa prima della fine senza giusta causa.<\/li>\n\n\n\n<li>Essere fisicamente presenti ma volontariamente distratti per disinteresse.<\/li>\n\n\n\n<li>Andare a Messa solo per pressione sociale o familiare, senza disposizione interiore.<\/li>\n\n\n\n<li>Partecipare a una Messa invalida per negligenza pur conoscendo la situazione.<\/li>\n<\/ul>\n\n\n\n<hr class=\"wp-block-separator has-alpha-channel-opacity\"\/>\n\n\n\n<h3 class=\"wp-block-heading\">3.2. Peccati contro la santificazione interiore della domenica<\/h3>\n\n\n\n<ul class=\"wp-block-list\">\n<li>Vivere la domenica come un giorno uguale agli altri.<\/li>\n\n\n\n<li>Non dedicare alcun tempo alla preghiera personale domenicale.<\/li>\n\n\n\n<li>Omettere ogni azione di grazie dopo la Messa.<\/li>\n\n\n\n<li>Trattare la domenica solo come giorno di consumo o di divertimento.<\/li>\n\n\n\n<li>Non preparare il cuore alla Messa (mancanza di raccoglimento previo).<\/li>\n\n\n\n<li>Disprezzare interiormente il valore spirituale della domenica.<\/li>\n<\/ul>\n\n\n\n<hr class=\"wp-block-separator has-alpha-channel-opacity\"\/>\n\n\n\n<h3 class=\"wp-block-heading\">3.3. Peccati contro il riposo domenicale<\/h3>\n\n\n\n<ul class=\"wp-block-list\">\n<li>Compiere lavori servili non necessari pur potendo evitarli.<\/li>\n\n\n\n<li>Imporre lavori inutili a dipendenti o subordinati.<\/li>\n\n\n\n<li>Lavorare per ambizione economica senza giusta causa.<\/li>\n\n\n\n<li>Giustificare lavori inutili con il consumismo.<\/li>\n\n\n\n<li>Svolgere lavori domestici pesanti senza reale necessit\u00e0.<\/li>\n\n\n\n<li>Non rispettare il riposo domenicale altrui.<\/li>\n<\/ul>\n\n\n\n<hr class=\"wp-block-separator has-alpha-channel-opacity\"\/>\n\n\n\n<h3 class=\"wp-block-heading\">3.4. Peccati legati al commercio e al consumo<\/h3>\n\n\n\n<ul class=\"wp-block-list\">\n<li>Fare acquisti non necessari favorendo il lavoro domenicale.<\/li>\n\n\n\n<li>Aprire attivit\u00e0 commerciali senza grave necessit\u00e0.<\/li>\n\n\n\n<li>Dare priorit\u00e0 agli acquisti rispetto alla Messa.<\/li>\n\n\n\n<li>Favorire una mentalit\u00e0 consumistica della domenica.<\/li>\n<\/ul>\n\n\n\n<hr class=\"wp-block-separator has-alpha-channel-opacity\"\/>\n\n\n\n<h3 class=\"wp-block-heading\">3.5. Peccati contro la vita familiare e la carit\u00e0<\/h3>\n\n\n\n<ul class=\"wp-block-list\">\n<li>Non dedicare tempo alla famiglia a causa di svaghi individualisti.<\/li>\n\n\n\n<li>Generare conflitti familiari inutili la domenica.<\/li>\n\n\n\n<li>Trascurare malati o anziani pur potendo aiutarli.<\/li>\n\n\n\n<li>Rifiutare opere di carit\u00e0 per comodit\u00e0.<\/li>\n<\/ul>\n\n\n\n<hr class=\"wp-block-separator has-alpha-channel-opacity\"\/>\n\n\n\n<h3 class=\"wp-block-heading\">3.6. Peccati di scandalo contro il Terzo Comandamento<\/h3>\n\n\n\n<ul class=\"wp-block-list\">\n<li>Ridicolizzare l\u2019obbligo domenicale.<\/li>\n\n\n\n<li>Insegnare agli altri che la Messa non \u00e8 necessaria.<\/li>\n\n\n\n<li>Dare cattivo esempio a figli o subordinati.<\/li>\n\n\n\n<li>Giustificare pubblicamente l\u2019omissione della Messa.<\/li>\n<\/ul>\n\n\n\n<hr class=\"wp-block-separator has-alpha-channel-opacity\"\/>\n\n\n\n<h3 class=\"wp-block-heading\">3.7. Peccati per ignoranza colpevole o negligenza<\/h3>\n\n\n\n<ul class=\"wp-block-list\">\n<li>Non informarsi sui giorni di precetto.<\/li>\n\n\n\n<li>Non insegnare ai figli la santificazione della domenica.<\/li>\n\n\n\n<li>Non correggere errori noti nel proprio comportamento.<\/li>\n<\/ul>\n\n\n\n<hr class=\"wp-block-separator has-alpha-channel-opacity\"\/>\n\n\n\n<h2 class=\"wp-block-heading\">4. Guida spirituale per vivere bene il Terzo Comandamento<\/h2>\n\n\n\n<ul class=\"wp-block-list\">\n<li>Preparare la domenica a partire dal sabato.<\/li>\n\n\n\n<li>Scegliere la Messa come centro della giornata.<\/li>\n\n\n\n<li>Vestirsi con dignit\u00e0 per il culto.<\/li>\n\n\n\n<li>Dedicare tempo alla famiglia e al silenzio.<\/li>\n\n\n\n<li>Leggere il Vangelo del giorno.<\/li>\n\n\n\n<li>Compiere un\u2019opera di carit\u00e0.<\/li>\n<\/ul>\n\n\n\n<hr class=\"wp-block-separator has-alpha-channel-opacity\"\/>\n\n\n\n<h2 class=\"wp-block-heading\">5. Conclusione: la domenica, anticipo del Cielo<\/h2>\n\n\n\n<p>Il Terzo Comandamento non \u00e8 un peso, ma una <strong>profezia del riposo eterno<\/strong>. Ogni domenica vissuta fedelmente \u00e8 un piccolo passo verso il Cielo.<\/p>\n\n\n\n<p>Santificare la domenica significa <strong>riordinare la propria vita<\/strong>, restituire a Dio il suo giusto posto e ricordare che non siamo schiavi del lavoro n\u00e9 del mondo, ma <strong>figli di Dio chiamati all\u2019eternit\u00e0<\/strong>.<\/p>\n\n\n\n<blockquote class=\"wp-block-quote is-layout-flow wp-block-quote-is-layout-flow\">\n<p>\u00abLa domenica \u00e8 il giorno in cui il cristiano ricorda chi \u00e8 e verso dove cammina\u00bb.<\/p>\n<\/blockquote>\n\n\n\n<p>Che questo esame di coscienza aiuti a una Confessione pi\u00f9 profonda, pi\u00f9 umile e pi\u00f9 fruttuosa.<\/p>\n","protected":false},"excerpt":{"rendered":"<p>\u00abRic\u00f2rdati del giorno del Signore per santificarlo\u00bb (Es 20,8) Introduzione: un comandamento dimenticato\u2026 eppure attualissimo In una societ\u00e0 accelerata, segnata dalla produttivit\u00e0, dal consumo e dall\u2019iperconnessione, il Terzo Comandamento appare a molti come qualcosa di secondario, persino facoltativo. Tuttavia, per la tradizione cattolica \u2014 e in modo particolare per la spiritualit\u00e0 cattolica tradizionale \u2014 questo &hellip;<\/p>\n","protected":false},"author":3,"featured_media":4804,"comment_status":"closed","ping_status":"closed","sticky":false,"template":"","format":"standard","meta":{"_seopress_robots_primary_cat":"","_seopress_titles_title":"","_seopress_titles_desc":"","_seopress_robots_index":"","footnotes":""},"categories":[37,47],"tags":[274,1792],"class_list":["post-4803","post","type-post","status-publish","format-standard","has-post-thumbnail","","category-dottrina-e-fede","category-i-comandamenti","tag-peccati","tag-terzo-comandamento"],"_links":{"self":[{"href":"https:\/\/catholicus.eu\/it\/wp-json\/wp\/v2\/posts\/4803","targetHints":{"allow":["GET"]}}],"collection":[{"href":"https:\/\/catholicus.eu\/it\/wp-json\/wp\/v2\/posts"}],"about":[{"href":"https:\/\/catholicus.eu\/it\/wp-json\/wp\/v2\/types\/post"}],"author":[{"embeddable":true,"href":"https:\/\/catholicus.eu\/it\/wp-json\/wp\/v2\/users\/3"}],"replies":[{"embeddable":true,"href":"https:\/\/catholicus.eu\/it\/wp-json\/wp\/v2\/comments?post=4803"}],"version-history":[{"count":1,"href":"https:\/\/catholicus.eu\/it\/wp-json\/wp\/v2\/posts\/4803\/revisions"}],"predecessor-version":[{"id":4805,"href":"https:\/\/catholicus.eu\/it\/wp-json\/wp\/v2\/posts\/4803\/revisions\/4805"}],"wp:featuredmedia":[{"embeddable":true,"href":"https:\/\/catholicus.eu\/it\/wp-json\/wp\/v2\/media\/4804"}],"wp:attachment":[{"href":"https:\/\/catholicus.eu\/it\/wp-json\/wp\/v2\/media?parent=4803"}],"wp:term":[{"taxonomy":"category","embeddable":true,"href":"https:\/\/catholicus.eu\/it\/wp-json\/wp\/v2\/categories?post=4803"},{"taxonomy":"post_tag","embeddable":true,"href":"https:\/\/catholicus.eu\/it\/wp-json\/wp\/v2\/tags?post=4803"}],"curies":[{"name":"wp","href":"https:\/\/api.w.org\/{rel}","templated":true}]}}