{"id":4800,"date":"2026-01-27T21:52:07","date_gmt":"2026-01-27T20:52:07","guid":{"rendered":"https:\/\/catholicus.eu\/it\/?p=4800"},"modified":"2026-01-27T21:52:07","modified_gmt":"2026-01-27T20:52:07","slug":"peccati-contro-il-secondo-comandamento","status":"publish","type":"post","link":"https:\/\/catholicus.eu\/it\/peccati-contro-il-secondo-comandamento\/","title":{"rendered":"Peccati contro il Secondo Comandamento"},"content":{"rendered":"\n<h2 class=\"wp-block-heading\">\u00abNon pronuncerai il Nome del Signore Dio tuo invano\u00bb (Es 20,7)<\/h2>\n\n\n\n<p class=\"wp-block-paragraph\">Parlare dei peccati contro il Secondo Comandamento non significa affrontare una questione marginale o meramente \u201clinguistica\u201d. In un\u2019epoca segnata dalla banalizzazione del sacro, questo comandamento si rivela profondamente attuale e necessario. Dio ci ha affidato il Suo Nome, che non \u00e8 una semplice parola, ma l\u2019espressione del Suo Mistero, della Sua Presenza viva e del Suo Amore fedele.<\/p>\n\n\n\n<p class=\"wp-block-paragraph\">Il Secondo Comandamento custodisce la santit\u00e0 del Nome di Dio e, con essa, il modo in cui ci relazioniamo con Lui, con la verit\u00e0, con la parola data e con tutto ci\u00f2 che \u00e8 sacro. Educare la lingua e il cuore significa, in profondit\u00e0, educare l\u2019anima.<\/p>\n\n\n\n<p class=\"wp-block-paragraph\">Questo articolo desidera aiutarti a comprendere questo comandamento in tutta la sua profondit\u00e0 e, in modo molto concreto, offrirti una <strong>guida ampia e precisa per l\u2019esame di coscienza<\/strong>, pensata in modo particolare per un cattolico tradizionale che desidera accostarsi alla confessione con sincerit\u00e0 e rettitudine.<\/p>\n\n\n\n<hr class=\"wp-block-separator has-alpha-channel-opacity\"\/>\n\n\n\n<h2 class=\"wp-block-heading\">1. Il significato teologico del Nome di Dio<\/h2>\n\n\n\n<p class=\"wp-block-paragraph\">Nella Sacra Scrittura il nome non \u00e8 un semplice segno distintivo. Rivelare il nome significa rivelare l\u2019identit\u00e0. Quando Dio si fa conoscere a Mos\u00e8 come <em>\u00abIo sono Colui che sono\u00bb<\/em> (Es 3,14), manifesta la Sua eternit\u00e0, la Sua fedelt\u00e0 e la Sua vicinanza.<\/p>\n\n\n\n<p class=\"wp-block-paragraph\">Per questo il Catechismo insegna:<\/p>\n\n\n\n<blockquote class=\"wp-block-quote is-layout-flow wp-block-quote-is-layout-flow\">\n<p class=\"wp-block-paragraph\">\u00abIl Nome del Signore \u00e8 santo. Perci\u00f2 l\u2019uomo non deve abusarne\u00bb (CCC 2142).<\/p>\n<\/blockquote>\n\n\n\n<p class=\"wp-block-paragraph\">Rispettare il Nome di Dio significa rispettare Dio stesso. Profanarlo, banalizzarlo o usarlo con leggerezza ferisce il nostro rapporto con Lui e impoverisce la nostra vita spirituale.<\/p>\n\n\n\n<hr class=\"wp-block-separator has-alpha-channel-opacity\"\/>\n\n\n\n<h2 class=\"wp-block-heading\">2. Che cosa comanda e che cosa proibisce il Secondo Comandamento?<\/h2>\n\n\n\n<h3 class=\"wp-block-heading\">Ci\u00f2 che <strong>comanda<\/strong>:<\/h3>\n\n\n\n<ul class=\"wp-block-list\">\n<li>Rispettare il Nome di Dio.<\/li>\n\n\n\n<li>Usarlo solo per benedire, lodare, pregare e glorificare.<\/li>\n\n\n\n<li>Vivere in modo coerente con la fede che professiamo.<\/li>\n\n\n\n<li>Restare fedeli ai giuramenti e alle promesse fatte a Dio.<\/li>\n<\/ul>\n\n\n\n<h3 class=\"wp-block-heading\">Ci\u00f2 che <strong>proibisce<\/strong>:<\/h3>\n\n\n\n<ul class=\"wp-block-list\">\n<li>L\u2019uso irriverente del Nome di Dio.<\/li>\n\n\n\n<li>La bestemmia.<\/li>\n\n\n\n<li>I giuramenti falsi o inutili.<\/li>\n\n\n\n<li>Invocare Dio per giustificare il peccato, la menzogna o l\u2019ingiustizia.<\/li>\n<\/ul>\n\n\n\n<hr class=\"wp-block-separator has-alpha-channel-opacity\"\/>\n\n\n\n<h2 class=\"wp-block-heading\">3. Peccati concreti contro il Secondo Comandamento<\/h2>\n\n\n\n<p class=\"wp-block-paragraph\">Di seguito troverai una <strong>lista ampia, dettagliata e minuziosa<\/strong>, pensata esplicitamente per aiutarti nell\u2019esame di coscienza.<\/p>\n\n\n\n<p class=\"wp-block-paragraph\">Non si tratta di scrupolosit\u00e0, ma di imparare a guardare con verit\u00e0 il nostro rapporto con Dio e con la nostra parola.<\/p>\n\n\n\n<hr class=\"wp-block-separator has-alpha-channel-opacity\"\/>\n\n\n\n<h2 class=\"wp-block-heading\">A. Bestemmia (peccato grave)<\/h2>\n\n\n\n<p class=\"wp-block-paragraph\">La bestemmia consiste nel pronunciare parole di odio, rimprovero, scherno o disprezzo contro Dio, la Vergine Maria, i santi o le cose sacre.<\/p>\n\n\n\n<p class=\"wp-block-paragraph\"><strong>Esame di coscienza:<\/strong><\/p>\n\n\n\n<ul class=\"wp-block-list\">\n<li>Ho insultato o maledetto Dio consapevolmente?<\/li>\n\n\n\n<li>Ho pronunciato espressioni offensive contro Dio in momenti di ira, dolore o frustrazione?<\/li>\n\n\n\n<li>Ho bestemmiato per abitudine, senza cercare di correggermi?<\/li>\n\n\n\n<li>Ho tollerato bestemmie senza correggerle quando avrei potuto farlo con prudenza?<\/li>\n\n\n\n<li>Ho fatto battute irriverenti su Dio, la Vergine Maria, i santi o i sacramenti?<\/li>\n\n\n\n<li>Ho condiviso o riso di barzellette, meme o commenti che deridono ci\u00f2 che \u00e8 sacro?<\/li>\n<\/ul>\n\n\n\n<hr class=\"wp-block-separator has-alpha-channel-opacity\"\/>\n\n\n\n<h2 class=\"wp-block-heading\">B. Uso vano o irriverente del Nome di Dio<\/h2>\n\n\n\n<p class=\"wp-block-paragraph\">Non ogni mancanza \u00e8 una bestemmia formale, ma anche l\u2019uso leggero del Nome di Dio \u00e8 peccato.<\/p>\n\n\n\n<p class=\"wp-block-paragraph\"><strong>Esame di coscienza:<\/strong><\/p>\n\n\n\n<ul class=\"wp-block-list\">\n<li>Ho detto \u00abDio mio\u00bb, \u00abGes\u00f9\u00bb, \u00abGes\u00f9 Cristo\u00bb o espressioni simili senza intenzione di preghiera n\u00e9 di rispetto?<\/li>\n\n\n\n<li>Uso il Nome di Dio come una semplice esclamazione automatica?<\/li>\n\n\n\n<li>Ho perso il senso del rispetto ripetendo queste espressioni senza consapevolezza?<\/li>\n\n\n\n<li>Ho insegnato con il mio esempio ad altri a trattare il Nome di Dio con leggerezza?<\/li>\n<\/ul>\n\n\n\n<hr class=\"wp-block-separator has-alpha-channel-opacity\"\/>\n\n\n\n<h2 class=\"wp-block-heading\">C. Giuramenti indebiti<\/h2>\n\n\n\n<p class=\"wp-block-paragraph\">Dio \u00e8 la Verit\u00e0. Invocarlo come testimone di una menzogna \u00e8 una grave profanazione.<\/p>\n\n\n\n<h3 class=\"wp-block-heading\">1. Giuramenti falsi<\/h3>\n\n\n\n<p class=\"wp-block-paragraph\"><strong>Esame di coscienza:<\/strong><\/p>\n\n\n\n<ul class=\"wp-block-list\">\n<li>Ho giurato nel Nome di Dio sapendo di mentire?<\/li>\n\n\n\n<li>Ho detto \u00ablo giuro davanti a Dio\u00bb senza avere l\u2019intenzione di mantenere ci\u00f2 che promettevo?<\/li>\n\n\n\n<li>Ho posto Dio come garante di una falsit\u00e0?<\/li>\n<\/ul>\n\n\n\n<h3 class=\"wp-block-heading\">2. Giuramenti inutili o frivoli<\/h3>\n\n\n\n<p class=\"wp-block-paragraph\"><strong>Esame di coscienza:<\/strong><\/p>\n\n\n\n<ul class=\"wp-block-list\">\n<li>Giuro frequentemente senza necessit\u00e0?<\/li>\n\n\n\n<li>Uso i giuramenti per dare maggior peso a parole che dovrebbero essere vere di per s\u00e9?<\/li>\n\n\n\n<li>Ho banalizzato i giuramenti trasformandoli in semplici tic linguistici?<\/li>\n<\/ul>\n\n\n\n<hr class=\"wp-block-separator has-alpha-channel-opacity\"\/>\n\n\n\n<h2 class=\"wp-block-heading\">D. Promesse e voti non mantenuti<\/h2>\n\n\n\n<p class=\"wp-block-paragraph\">Promettere qualcosa a Dio \u00e8 un atto serio di culto.<\/p>\n\n\n\n<p class=\"wp-block-paragraph\"><strong>Esame di coscienza:<\/strong><\/p>\n\n\n\n<ul class=\"wp-block-list\">\n<li>Ho fatto promesse a Dio in momenti di bisogno e poi le ho dimenticate?<\/li>\n\n\n\n<li>Ho volontariamente mancato all\u2019adempimento di un voto legittimo?<\/li>\n\n\n\n<li>Ho promesso di pregare, di cambiare vita o di compiere un\u2019opera buona senza poi impegnarmi seriamente?<\/li>\n\n\n\n<li>Ho trattato con leggerezza le promesse fatte davanti a Dio?<\/li>\n<\/ul>\n\n\n\n<hr class=\"wp-block-separator has-alpha-channel-opacity\"\/>\n\n\n\n<h2 class=\"wp-block-heading\">E. Sacrilegio verbale e spirituale<\/h2>\n\n\n\n<p class=\"wp-block-paragraph\">Il sacrilegio non \u00e8 solo materiale; pu\u00f2 essere anche verbale o interiore.<\/p>\n\n\n\n<p class=\"wp-block-paragraph\"><strong>Esame di coscienza:<\/strong><\/p>\n\n\n\n<ul class=\"wp-block-list\">\n<li>Ho parlato con disprezzo dei sacramenti?<\/li>\n\n\n\n<li>Ho deriso la confessione, l\u2019Eucaristia o la Santa Messa?<\/li>\n\n\n\n<li>Ho usato un linguaggio volgare riferendomi a realt\u00e0 sacre?<\/li>\n\n\n\n<li>Ho insegnato errori o fatto scherno della fede usando il Nome di Dio?<\/li>\n<\/ul>\n\n\n\n<hr class=\"wp-block-separator has-alpha-channel-opacity\"\/>\n\n\n\n<h2 class=\"wp-block-heading\">F. Ipocrisia e falsa testimonianza religiosa<\/h2>\n\n\n\n<p class=\"wp-block-paragraph\">Prendere il Nome di Dio invano significa anche usarlo per coprire una vita contraria al Vangelo.<\/p>\n\n\n\n<p class=\"wp-block-paragraph\"><strong>Esame di coscienza:<\/strong><\/p>\n\n\n\n<ul class=\"wp-block-list\">\n<li>Ho parlato nel Nome di Dio per giustificare i miei peccati?<\/li>\n\n\n\n<li>Ho dato scandalo usando un linguaggio religioso mentre vivevo in modo incoerente?<\/li>\n\n\n\n<li>Ho usato Dio per manipolare gli altri?<\/li>\n\n\n\n<li>Ho presentato un\u2019immagine falsa di Dio che giustifica il male?<\/li>\n<\/ul>\n\n\n\n<hr class=\"wp-block-separator has-alpha-channel-opacity\"\/>\n\n\n\n<h2 class=\"wp-block-heading\">G. Magia, superstizione e uso indebito del sacro<\/h2>\n\n\n\n<p class=\"wp-block-paragraph\">Invocare il Nome di Dio al di fuori della vera fede lo profana ugualmente.<\/p>\n\n\n\n<p class=\"wp-block-paragraph\"><strong>Esame di coscienza:<\/strong><\/p>\n\n\n\n<ul class=\"wp-block-list\">\n<li>Ho usato il Nome di Dio in rituali superstiziosi?<\/li>\n\n\n\n<li>Ho mescolato preghiere cristiane con pratiche magiche?<\/li>\n\n\n\n<li>Ho trattato benedizioni o sacramentali come amuleti?<\/li>\n\n\n\n<li>Ho fatto ricorso a guaritori, alla divinazione o a pratiche esoteriche invocando Dio?<\/li>\n<\/ul>\n\n\n\n<hr class=\"wp-block-separator has-alpha-channel-opacity\"\/>\n\n\n\n<h2 class=\"wp-block-heading\">H. Mancanza di riverenza nella preghiera<\/h2>\n\n\n\n<p class=\"wp-block-paragraph\">Persino la preghiera pu\u00f2 diventare un uso vano se \u00e8 fatta senza fede n\u00e9 rispetto.<\/p>\n\n\n\n<p class=\"wp-block-paragraph\"><strong>Esame di coscienza:<\/strong><\/p>\n\n\n\n<ul class=\"wp-block-list\">\n<li>Prego in modo meccanico, senza attenzione n\u00e9 riverenza?<\/li>\n\n\n\n<li>Pronuncio il Nome di Dio senza consapevolezza di Colui al quale mi rivolgo?<\/li>\n\n\n\n<li>Prego in modo derisorio o provocatorio?<\/li>\n<\/ul>\n\n\n\n<hr class=\"wp-block-separator has-alpha-channel-opacity\"\/>\n\n\n\n<h2 class=\"wp-block-heading\">4. Il Secondo Comandamento nel mondo attuale<\/h2>\n\n\n\n<p class=\"wp-block-paragraph\">Viviamo circondati da un linguaggio triviale, dai social network, da battute virali e da espressioni vuote. Difendere oggi il Nome di Dio \u00e8 un atto di resistenza spirituale.<\/p>\n\n\n\n<p class=\"wp-block-paragraph\">Rispettarlo:<\/p>\n\n\n\n<ul class=\"wp-block-list\">\n<li>Purifica il linguaggio.<\/li>\n\n\n\n<li>Educa il cuore.<\/li>\n\n\n\n<li>Rafforza la fede.<\/li>\n\n\n\n<li>Offre una testimonianza silenziosa in mezzo al mondo.<\/li>\n<\/ul>\n\n\n\n<p class=\"wp-block-paragraph\">Un cattolico che custodisce le proprie parole annuncia Dio anche quando tace.<\/p>\n\n\n\n<hr class=\"wp-block-separator has-alpha-channel-opacity\"\/>\n\n\n\n<h2 class=\"wp-block-heading\">5. Cammino di guarigione e di crescita spirituale<\/h2>\n\n\n\n<p class=\"wp-block-paragraph\">Se riconosci mancanze contro questo comandamento, non scoraggiarti. Dio non si scandalizza della nostra miseria: la guarisce.<\/p>\n\n\n\n<p class=\"wp-block-paragraph\"><strong>Consigli pratici:<\/strong><\/p>\n\n\n\n<ul class=\"wp-block-list\">\n<li>Benedici invece di maledire.<\/li>\n\n\n\n<li>Invoca il Nome di Ges\u00f9 con amore.<\/li>\n\n\n\n<li>Ripara le bestemmie con atti di lode.<\/li>\n\n\n\n<li>Educa poco a poco il tuo linguaggio.<\/li>\n\n\n\n<li>Confessati con sincerit\u00e0 e fiducia.<\/li>\n<\/ul>\n\n\n\n<hr class=\"wp-block-separator has-alpha-channel-opacity\"\/>\n\n\n\n<h2 class=\"wp-block-heading\">Conclusione<\/h2>\n\n\n\n<p class=\"wp-block-paragraph\">Il Secondo Comandamento ci ricorda che Dio si \u00e8 messo nelle nostre mani attraverso il Suo Nome. Usarlo bene \u00e8 un atto d\u2019amore; profanarlo \u00e8 una ferita nella relazione.<\/p>\n\n\n\n<p class=\"wp-block-paragraph\">Che questo esame di coscienza non sia una lista fredda, ma un invito ad <strong>amare di pi\u00f9 Dio anche con le parole<\/strong> e a lasciare che il nostro linguaggio rifletta la santit\u00e0 di Colui che chiamiamo Padre.<\/p>\n\n\n\n<blockquote class=\"wp-block-quote is-layout-flow wp-block-quote-is-layout-flow\">\n<p class=\"wp-block-paragraph\">\u00abSignore, poni una custodia alla mia bocca, veglia sulla porta delle mie labbra\u00bb (Sal 141,3).<\/p>\n<\/blockquote>\n","protected":false},"excerpt":{"rendered":"<p>\u00abNon pronuncerai il Nome del Signore Dio tuo invano\u00bb (Es 20,7) Parlare dei peccati contro il Secondo Comandamento non significa affrontare una questione marginale o meramente \u201clinguistica\u201d. In un\u2019epoca segnata dalla banalizzazione del sacro, questo comandamento si rivela profondamente attuale e necessario. Dio ci ha affidato il Suo Nome, che non \u00e8 una semplice parola, &hellip;<\/p>\n","protected":false},"author":3,"featured_media":4801,"comment_status":"closed","ping_status":"closed","sticky":false,"template":"","format":"standard","meta":{"_seopress_titles_title":"","_seopress_titles_desc":"","_seopress_robots_index":"","_seopress_robots_follow":"","_seopress_robots_imageindex":"","_seopress_robots_snippet":"","_seopress_robots_primary_cat":"","_seopress_robots_breadcrumbs":"","_seopress_robots_freeze_modified_date":"","_seopress_robots_custom_modified_date":"","_seopress_robots_canonical":"","_seopress_social_fb_title":"","_seopress_social_fb_desc":"","_seopress_social_fb_img":"","_seopress_social_fb_img_attachment_id":0,"_seopress_social_fb_img_width":0,"_seopress_social_fb_img_height":0,"_seopress_social_twitter_title":"","_seopress_social_twitter_desc":"","_seopress_social_twitter_img":"","_seopress_social_twitter_img_attachment_id":0,"_seopress_social_twitter_img_width":0,"_seopress_social_twitter_img_height":0,"_seopress_redirections_value":"","_seopress_redirections_enabled":"","_seopress_redirections_enabled_regex":"","_seopress_redirections_logged_status":"","_seopress_redirections_param":"","_seopress_redirections_type":0,"_seopress_analysis_target_kw":"","footnotes":""},"categories":[37,47],"tags":[274,1791],"class_list":["post-4800","post","type-post","status-publish","format-standard","has-post-thumbnail","","category-dottrina-e-fede","category-i-comandamenti","tag-peccati","tag-secondo-comandamento"],"_links":{"self":[{"href":"https:\/\/catholicus.eu\/it\/wp-json\/wp\/v2\/posts\/4800","targetHints":{"allow":["GET"]}}],"collection":[{"href":"https:\/\/catholicus.eu\/it\/wp-json\/wp\/v2\/posts"}],"about":[{"href":"https:\/\/catholicus.eu\/it\/wp-json\/wp\/v2\/types\/post"}],"author":[{"embeddable":true,"href":"https:\/\/catholicus.eu\/it\/wp-json\/wp\/v2\/users\/3"}],"replies":[{"embeddable":true,"href":"https:\/\/catholicus.eu\/it\/wp-json\/wp\/v2\/comments?post=4800"}],"version-history":[{"count":1,"href":"https:\/\/catholicus.eu\/it\/wp-json\/wp\/v2\/posts\/4800\/revisions"}],"predecessor-version":[{"id":4802,"href":"https:\/\/catholicus.eu\/it\/wp-json\/wp\/v2\/posts\/4800\/revisions\/4802"}],"wp:featuredmedia":[{"embeddable":true,"href":"https:\/\/catholicus.eu\/it\/wp-json\/wp\/v2\/media\/4801"}],"wp:attachment":[{"href":"https:\/\/catholicus.eu\/it\/wp-json\/wp\/v2\/media?parent=4800"}],"wp:term":[{"taxonomy":"category","embeddable":true,"href":"https:\/\/catholicus.eu\/it\/wp-json\/wp\/v2\/categories?post=4800"},{"taxonomy":"post_tag","embeddable":true,"href":"https:\/\/catholicus.eu\/it\/wp-json\/wp\/v2\/tags?post=4800"}],"curies":[{"name":"wp","href":"https:\/\/api.w.org\/{rel}","templated":true}]}}