{"id":4765,"date":"2025-11-25T22:07:45","date_gmt":"2025-11-25T21:07:45","guid":{"rendered":"https:\/\/catholicus.eu\/it\/?p=4765"},"modified":"2025-11-25T22:07:45","modified_gmt":"2025-11-25T21:07:45","slug":"la-chiesa-sinodale-rinnovamento-o-deviazione","status":"publish","type":"post","link":"https:\/\/catholicus.eu\/it\/la-chiesa-sinodale-rinnovamento-o-deviazione\/","title":{"rendered":"La Chiesa Sinodale: Rinnovamento o Deviazione?"},"content":{"rendered":"\n<p><em>Perch\u00e9 molti fedeli percepiscono che la Chiesa sinodale \u00e8 sempre meno cattolica<\/em><\/p>\n\n\n\n<h2 class=\"wp-block-heading\"><strong>Introduzione<\/strong><\/h2>\n\n\n\n<p>Negli ultimi anni, il termine <em>sinodalit\u00e0<\/em> \u00e8 diventato la parola pi\u00f9 ripetuta nei corridoi ecclesiali. Documenti, assemblee, consultazioni, gruppi di ascolto, votazioni e nuove strutture promettono una Chiesa \u201cpi\u00f9 partecipativa\u201d, \u201cpi\u00f9 orizzontale\u201d e \u201cpi\u00f9 democratica\u201d. Tuttavia, molti cattolici che amano la Tradizione, che vivono la fede con profondit\u00e0 e che riconoscono l\u2019autorit\u00e0 del Magistero per ci\u00f2 che \u00e8 \u2013 una realt\u00e0 divina, non sociologica \u2013 si chiedono con crescente inquietudine:<\/p>\n\n\n\n<p><strong>La Chiesa Sinodale \u00e8 un vero rinnovamento o sta scivolando verso una deviazione che la allontana dalla sua identit\u00e0 cattolica?<\/strong><\/p>\n\n\n\n<p>In questo articolo analizziamo la questione in modo ampio, sereno, teologico e pastorale.<\/p>\n\n\n\n<hr class=\"wp-block-separator has-alpha-channel-opacity\"\/>\n\n\n\n<h1 class=\"wp-block-heading\"><strong>1. Che cos\u2019\u00e8 veramente la sinodalit\u00e0?<\/strong><\/h1>\n\n\n\n<p>La parola \u201csinodo\u201d significa <em>camminare insieme<\/em>. \u00c8 un concetto antico e legittimo nella vita della Chiesa: i concili, i sinodi dei vescovi, le riunioni locali, tutto ci\u00f2 appartiene alla Tradizione.<\/p>\n\n\n\n<p>Il problema nasce quando la sinodalit\u00e0 \u2013 che \u00e8 un mezzo \u2013 diventa un fine. E, peggio ancora, quando viene reinterpretata come:<\/p>\n\n\n\n<ul class=\"wp-block-list\">\n<li>democratizzazione della Chiesa,<\/li>\n\n\n\n<li>relativizzazione della dottrina,<\/li>\n\n\n\n<li>riduzione del Magistero ad opinione,<\/li>\n\n\n\n<li>invenzione di nuovi \u201ccammini pastorali\u201d che contraddicono l\u2019insegnamento perenne.<\/li>\n<\/ul>\n\n\n\n<p>Questa deriva non fa parte della Tradizione: \u00e8 una novit\u00e0 teologica senza radici nei Padri, nel Magistero solido, n\u00e9 nel diritto canonico classico.<\/p>\n\n\n\n<hr class=\"wp-block-separator has-alpha-channel-opacity\"\/>\n\n\n\n<h1 class=\"wp-block-heading\"><strong>2. Un pericolo antico: quando il popolo diventa criterio<\/strong><\/h1>\n\n\n\n<p>Nella Bibbia vediamo pi\u00f9 volte che quando Israele ascolta la voce del popolo invece che quella di Dio, cade nell\u2019idolatria.<\/p>\n\n\n\n<p>Ricordiamo l\u2019episodio del vitello d\u2019oro:<\/p>\n\n\n\n<blockquote class=\"wp-block-quote is-layout-flow wp-block-quote-is-layout-flow\">\n<p>\u201cIl popolo si radun\u00f2 contro Aronne e gli disse: \u2018Facci un dio che cammini davanti a noi\u2019.\u201d<br>(Esodo 32,1)<\/p>\n<\/blockquote>\n\n\n\n<p>Un sinodo orientato fondamentalmente ad ascoltare <em>le opinioni<\/em> rischia di ripetere lo stesso errore: confondere la volont\u00e0 del popolo con la volont\u00e0 di Dio.<\/p>\n\n\n\n<p>La Chiesa non \u00e8 un parlamento, n\u00e9 un\u2019assemblea condizionata da pressioni sociali. \u00c8 il Corpo Mistico di Cristo.<\/p>\n\n\n\n<hr class=\"wp-block-separator has-alpha-channel-opacity\"\/>\n\n\n\n<h1 class=\"wp-block-heading\"><strong>3. Dove nasce l\u2019impressione che la Chiesa sinodale sia meno cattolica?<\/strong><\/h1>\n\n\n\n<p>Molti fedeli avvertono una crescente confusione per vari motivi:<\/p>\n\n\n\n<h3 class=\"wp-block-heading\"><strong>\u2022 Si d\u00e0 voce a gruppi apertamente contrari alla dottrina cattolica<\/strong><\/h3>\n\n\n\n<p>Gruppi che promuovono pratiche contrarie alla morale, che chiedono \u201cbenedizioni\u201d impossibili o che vogliono cambiare l\u2019antropologia cristiana.<\/p>\n\n\n\n<h3 class=\"wp-block-heading\"><strong>\u2022 Si parla molto di ascoltare e poco di conversione<\/strong><\/h3>\n\n\n\n<p>Il Vangelo non dice \u201ccammina come sei\u201d, ma:<\/p>\n\n\n\n<blockquote class=\"wp-block-quote is-layout-flow wp-block-quote-is-layout-flow\">\n<p>\u201cConvertitevi e credete al Vangelo.\u201d<br>(Marco 1,15)<\/p>\n<\/blockquote>\n\n\n\n<h3 class=\"wp-block-heading\"><strong>\u2022 La Tradizione sembra essere percepita come un ostacolo<\/strong><\/h3>\n\n\n\n<p>Invece la Tradizione \u00e8 una ricchezza viva, non un peso morto.<\/p>\n\n\n\n<h3 class=\"wp-block-heading\"><strong>\u2022 Si generano aspettative impossibili<\/strong><\/h3>\n\n\n\n<p>Molti credono che la Chiesa cambier\u00e0 dottrina.<br>Ma la dottrina non appartiene n\u00e9 ai vescovi n\u00e9 al popolo: appartiene a Cristo.<\/p>\n\n\n\n<hr class=\"wp-block-separator has-alpha-channel-opacity\"\/>\n\n\n\n<h1 class=\"wp-block-heading\"><strong>4. La teologia della Chiesa: verticalit\u00e0, non orizzontalit\u00e0<\/strong><\/h1>\n\n\n\n<p>La Chiesa \u00e8 gerarchica per volont\u00e0 di Cristo.<br>Ges\u00f9 non fond\u00f2 comunit\u00e0 autogestite, ma consegn\u00f2 le chiavi a Pietro:<\/p>\n\n\n\n<blockquote class=\"wp-block-quote is-layout-flow wp-block-quote-is-layout-flow\">\n<p>\u201cTu sei Pietro, e su questa pietra edificher\u00f2 la mia Chiesa.\u201d<br>(Matteo 16,18)<\/p>\n<\/blockquote>\n\n\n\n<p>Ogni struttura ecclesiale che:<\/p>\n\n\n\n<ul class=\"wp-block-list\">\n<li>indebolisce l\u2019autorit\u00e0 dei pastori,<\/li>\n\n\n\n<li>diluisce il ruolo del Magistero,<\/li>\n\n\n\n<li>riduce la verit\u00e0 rivelata a consenso umano,<\/li>\n<\/ul>\n\n\n\n<p>si allontana dal modello istituito da Cristo.<\/p>\n\n\n\n<hr class=\"wp-block-separator has-alpha-channel-opacity\"\/>\n\n\n\n<h1 class=\"wp-block-heading\"><strong>5. La sinodalit\u00e0 autentica: quando \u00e8 buona e fruttuosa<\/strong><\/h1>\n\n\n\n<p>Non tutto \u00e8 negativo: la sinodalit\u00e0 autentica esiste, ed \u00e8 buona quando:<\/p>\n\n\n\n<ul class=\"wp-block-list\">\n<li>rafforza la comunione,<\/li>\n\n\n\n<li>aiuta i vescovi a governare meglio,<\/li>\n\n\n\n<li>favorisce l\u2019ascolto dei laici in ci\u00f2 che riguarda il loro carisma,<\/li>\n\n\n\n<li>non contraddice la dottrina,<\/li>\n\n\n\n<li>non cerca di sostituire il Magistero.<\/li>\n<\/ul>\n\n\n\n<p>La sinodalit\u00e0 \u00e8 autentica <strong>quando porta a Cristo<\/strong>, non quando porta all\u2019opinione pubblica.<\/p>\n\n\n\n<hr class=\"wp-block-separator has-alpha-channel-opacity\"\/>\n\n\n\n<h1 class=\"wp-block-heading\"><strong>6. Guida pratica teologica e pastorale<\/strong><\/h1>\n\n\n\n<p><strong>Come pu\u00f2 un cattolico vivere questo tempo con fermezza e pace?<\/strong><\/p>\n\n\n\n<h3 class=\"wp-block-heading\"><strong>1. Tornare alla preghiera profonda<\/strong><\/h3>\n\n\n\n<p>La confusione esterna si supera con la luce interiore.<br>Recita quotidianamente:<\/p>\n\n\n\n<ul class=\"wp-block-list\">\n<li>Rosario<\/li>\n\n\n\n<li>meditazione evangelica<\/li>\n\n\n\n<li>adorazione eucaristica<\/li>\n<\/ul>\n\n\n\n<h3 class=\"wp-block-heading\"><strong>2. Formarsi seriamente<\/strong><\/h3>\n\n\n\n<p>Leggi buoni autori:<\/p>\n\n\n\n<ul class=\"wp-block-list\">\n<li>Catechismo della Chiesa Cattolica<\/li>\n\n\n\n<li>Documenti dei concili<\/li>\n\n\n\n<li>Padri della Chiesa<\/li>\n\n\n\n<li>San Tommaso<\/li>\n\n\n\n<li>Magistero pre-conciliare e post-conciliare solido<\/li>\n<\/ul>\n\n\n\n<h3 class=\"wp-block-heading\"><strong>3. Non lasciarti trascinare dalle mode<\/strong><\/h3>\n\n\n\n<p>Le mode passano. La verit\u00e0 rimane.<\/p>\n\n\n\n<h3 class=\"wp-block-heading\"><strong>4. Difendi la Tradizione con carit\u00e0 e fermezza<\/strong><\/h3>\n\n\n\n<p>Essere fedeli non \u00e8 essere \u201crigidi\u201d: \u00e8 amare Dio sopra tutto.<\/p>\n\n\n\n<h3 class=\"wp-block-heading\"><strong>5. Obbedienza s\u00ec, ma nella verit\u00e0<\/strong><\/h3>\n\n\n\n<p>San Paolo ammonisce anche san Pietro quando c\u2019\u00e8 confusione (Galati 2,11).<br>L\u2019obbedienza non \u00e8 cieca: \u00e8 radicata nella fede, non nella paura.<\/p>\n\n\n\n<h3 class=\"wp-block-heading\"><strong>6. Vivere i sacramenti con pi\u00f9 devozione<\/strong><\/h3>\n\n\n\n<ul class=\"wp-block-list\">\n<li>Confessione frequente<\/li>\n\n\n\n<li>Messa vissuta come sacrificio<\/li>\n\n\n\n<li>Comunione ricevuta con riverenza<\/li>\n<\/ul>\n\n\n\n<h3 class=\"wp-block-heading\"><strong>7. Sostenere sacerdoti fedeli e coraggiosi<\/strong><\/h3>\n\n\n\n<p>Molti pastori ortodossi si sentono soli: sostienili con parole, preghiera e rispetto.<\/p>\n\n\n\n<hr class=\"wp-block-separator has-alpha-channel-opacity\"\/>\n\n\n\n<h1 class=\"wp-block-heading\"><strong>Conclusione<\/strong><\/h1>\n\n\n\n<p>La Chiesa Sinodale potrebbe essere un cammino di rinnovamento se rimanesse ancorata alla Tradizione.<br>Ma quando si lascia sedurre da idee sociologiche, ideologie moderne o tentazioni democratiche, allora smette di essere cattolica nell\u2019essenza.<\/p>\n\n\n\n<p>Il credente, in mezzo alla tempesta, deve ricordare:<\/p>\n\n\n\n<p><strong>Cristo \u00e8 nella barca.<br>Cristo \u00e8 il Capo della Chiesa.<br>Cristo non abbandona mai il suo popolo.<\/strong><\/p>\n\n\n\n<p>Con questa certezza, puoi camminare con pace, fermezza e cuore ardente.<\/p>\n","protected":false},"excerpt":{"rendered":"<p>Perch\u00e9 molti fedeli percepiscono che la Chiesa sinodale \u00e8 sempre meno cattolica Introduzione Negli ultimi anni, il termine sinodalit\u00e0 \u00e8 diventato la parola pi\u00f9 ripetuta nei corridoi ecclesiali. Documenti, assemblee, consultazioni, gruppi di ascolto, votazioni e nuove strutture promettono una Chiesa \u201cpi\u00f9 partecipativa\u201d, \u201cpi\u00f9 orizzontale\u201d e \u201cpi\u00f9 democratica\u201d. Tuttavia, molti cattolici che amano la Tradizione, &hellip;<\/p>\n","protected":false},"author":3,"featured_media":4766,"comment_status":"open","ping_status":"open","sticky":false,"template":"","format":"standard","meta":{"_seopress_robots_primary_cat":"","_seopress_titles_title":"","_seopress_titles_desc":"","_seopress_robots_index":"","footnotes":""},"categories":[66,41],"tags":[1781],"class_list":["post-4765","post","type-post","status-publish","format-standard","has-post-thumbnail","","category-cultura-popolare-e-cattolicesimo","category-fede-e-cultura","tag-chiesa-sinodale"],"_links":{"self":[{"href":"https:\/\/catholicus.eu\/it\/wp-json\/wp\/v2\/posts\/4765","targetHints":{"allow":["GET"]}}],"collection":[{"href":"https:\/\/catholicus.eu\/it\/wp-json\/wp\/v2\/posts"}],"about":[{"href":"https:\/\/catholicus.eu\/it\/wp-json\/wp\/v2\/types\/post"}],"author":[{"embeddable":true,"href":"https:\/\/catholicus.eu\/it\/wp-json\/wp\/v2\/users\/3"}],"replies":[{"embeddable":true,"href":"https:\/\/catholicus.eu\/it\/wp-json\/wp\/v2\/comments?post=4765"}],"version-history":[{"count":1,"href":"https:\/\/catholicus.eu\/it\/wp-json\/wp\/v2\/posts\/4765\/revisions"}],"predecessor-version":[{"id":4767,"href":"https:\/\/catholicus.eu\/it\/wp-json\/wp\/v2\/posts\/4765\/revisions\/4767"}],"wp:featuredmedia":[{"embeddable":true,"href":"https:\/\/catholicus.eu\/it\/wp-json\/wp\/v2\/media\/4766"}],"wp:attachment":[{"href":"https:\/\/catholicus.eu\/it\/wp-json\/wp\/v2\/media?parent=4765"}],"wp:term":[{"taxonomy":"category","embeddable":true,"href":"https:\/\/catholicus.eu\/it\/wp-json\/wp\/v2\/categories?post=4765"},{"taxonomy":"post_tag","embeddable":true,"href":"https:\/\/catholicus.eu\/it\/wp-json\/wp\/v2\/tags?post=4765"}],"curies":[{"name":"wp","href":"https:\/\/api.w.org\/{rel}","templated":true}]}}