{"id":4762,"date":"2025-11-21T22:09:36","date_gmt":"2025-11-21T21:09:36","guid":{"rendered":"https:\/\/catholicus.eu\/it\/?p=4762"},"modified":"2025-11-21T22:09:37","modified_gmt":"2025-11-21T21:09:37","slug":"la-credenza-liturgica-il-luogo-nascosto-dove-lamore-prepara-il-miracolo","status":"publish","type":"post","link":"https:\/\/catholicus.eu\/it\/la-credenza-liturgica-il-luogo-nascosto-dove-lamore-prepara-il-miracolo\/","title":{"rendered":"La credenza liturgica: il luogo nascosto dove l\u2019amore prepara il miracolo"},"content":{"rendered":"\n<p>In ogni Messa, grande o piccola, solenne o feriale, visibile o quasi invisibile agli occhi dei fedeli, c\u2019\u00e8 un luogo in cui nasce il servizio, la precisione e l\u2019amore che rendono possibile ci\u00f2 che avviene sull\u2019altare: <strong>la credenza liturgica<\/strong>.<br>Un mobile semplice, discreto, quasi sempre ignorato\u2026 e tuttavia essenziale.<br>Uno spazio umile che ricorda una grande verit\u00e0 della vita cristiana: <strong>la santit\u00e0 si prepara nel silenzio<\/strong>.<\/p>\n\n\n\n<p>Questo articolo vuole essere una guida completa, profonda e accessibile per riscoprire la credenza: la sua storia, il suo significato teologico, il suo valore spirituale e il suo uso corretto nella liturgia cattolica.<\/p>\n\n\n\n<hr class=\"wp-block-separator has-alpha-channel-opacity\"\/>\n\n\n\n<h1 class=\"wp-block-heading\"><strong>1. Che cos\u2019\u00e8 la credenza? L\u2019umile \u201cdietro le quinte\u201d della liturgia<\/strong><\/h1>\n\n\n\n<p>La <strong>credenza liturgica<\/strong> \u00e8 un mobile o tavolo situato nel presbiterio o nella sacrestia, dove vengono preparati e collocati gli oggetti sacri prima, durante e dopo la Messa.<br>Su di essa riposano:<\/p>\n\n\n\n<ul class=\"wp-block-list\">\n<li>il calice<\/li>\n\n\n\n<li>la patena<\/li>\n\n\n\n<li>la pisside<\/li>\n\n\n\n<li>il purificatoio, palla e velo<\/li>\n\n\n\n<li>la croce d\u2019altare in alcuni riti<\/li>\n\n\n\n<li>l\u2019ampollina dell\u2019acqua e del vino<\/li>\n\n\n\n<li>il lavabo<\/li>\n\n\n\n<li>il manutergio<\/li>\n\n\n\n<li>la navicella e l\u2019incensiere (quando si usa l\u2019incenso)<\/li>\n\n\n\n<li>i vasetti degli oli sacri, se richiesti<\/li>\n<\/ul>\n\n\n\n<p>In altre parole: <strong>sulla credenza si prepara tutto ci\u00f2 che verr\u00e0 toccato dal Mistero<\/strong>.<\/p>\n\n\n\n<p>Non \u00e8 un ripiano qualsiasi.<br>\u00c8 il \u201claboratorio del sacro\u201d, la soglia tra il mondo e il santuario.<\/p>\n\n\n\n<hr class=\"wp-block-separator has-alpha-channel-opacity\"\/>\n\n\n\n<h1 class=\"wp-block-heading\"><strong>2. Origini storiche: quando la credenza nacque dal bisogno di ordine e venerazione<\/strong><\/h1>\n\n\n\n<p>Nei primi secoli, la liturgia cristiana si celebrava nelle case o nelle prime basiliche, dove gli oggetti sacri venivano conservati in armadi o sacristie primitive. Con il passare del tempo, l\u2019accresciuta solennit\u00e0 del culto richiese uno spazio dedicato alla preparazione dei vasi sacri.<\/p>\n\n\n\n<p>Nel Medioevo, soprattutto nelle abbazie benedettine e cistercensi, la credenza divenne un elemento stabile. A volte era una piccola nicchia murata; altre volte un tavolo in pietra o in legno situato vicino all\u2019altare, chiamato <strong>\u201cpresso altare\u201d<\/strong>.<\/p>\n\n\n\n<p>Con la codificazione della liturgia romana dopo il Concilio di Trento, la credenza acquist\u00f2 un ruolo chiaro e definito. Il Rituale Romano la menziona come parte normale della sacrestia e del presbiterio.<\/p>\n\n\n\n<p>Nella tradizione tridentina, la credenza \u00e8 ancora oggi un punto chiave: <strong>da l\u00ec parte la processione offertoriale del pane e del vino<\/strong>, e l\u00ec si custodisce ci\u00f2 che toccher\u00e0 l\u2019Eucaristia.<\/p>\n\n\n\n<hr class=\"wp-block-separator has-alpha-channel-opacity\"\/>\n\n\n\n<h1 class=\"wp-block-heading\"><strong>3. Significato teologico: la credenza come icona del servizio<\/strong><\/h1>\n\n\n\n<p>Per comprendere la credenza, non basta pensare all\u2019ordine.<br>Occorre leggere il suo senso spirituale: <strong>\u00e8 il luogo del servizio silenzioso<\/strong>.<\/p>\n\n\n\n<p>\u00c8 simbolo di:<\/p>\n\n\n\n<h3 class=\"wp-block-heading\"><strong>1. Preparazione<\/strong><\/h3>\n\n\n\n<p>Niente nella liturgia \u00e8 improvvisato.<br>La credenza ricorda che tutto ci\u00f2 che si offre a Dio deve essere prima preparato con amore.<\/p>\n\n\n\n<h3 class=\"wp-block-heading\"><strong>2. Umilt\u00e0<\/strong><\/h3>\n\n\n\n<p>Come Maria a Betlemme, la credenza opera nell\u2019ombra, ma rende possibile il miracolo.<\/p>\n\n\n\n<h3 class=\"wp-block-heading\"><strong>3. Sacrificio<\/strong><\/h3>\n\n\n\n<p>Essa contiene gli elementi che diventeranno il Corpo e il Sangue del Signore: anticipa e sostiene il sacrificio che si consumer\u00e0 sull\u2019altare.<\/p>\n\n\n\n<h3 class=\"wp-block-heading\"><strong>4. Diaconia<\/strong><\/h3>\n\n\n\n<p>\u00c8 il luogo \u201cdiaconale\u201d per eccellenza: il servizio reso a Dio attraverso il servizio dell\u2019uomo.<\/p>\n\n\n\n<p>Ricorda il versetto di san Paolo:<\/p>\n\n\n\n<p><strong>\u201cTutto si faccia con decoro e con ordine\u201d (1 Cor 14,40).<\/strong><br>La credenza \u00e8 il segno concreto di questo ordine sacro.<\/p>\n\n\n\n<hr class=\"wp-block-separator has-alpha-channel-opacity\"\/>\n\n\n\n<h1 class=\"wp-block-heading\"><strong>4. La credenza e la spiritualit\u00e0 del silenzio<\/strong><\/h1>\n\n\n\n<p>Una delle povert\u00e0 del nostro tempo \u00e8 la perdita del senso del silenzio. Eppure la liturgia fiorisce nella quiete.<br>La credenza non \u00e8 un altare, non \u00e8 una vetrina, non \u00e8 un deposito.<br>\u00c8 un <strong>luogo di silenzio operativo<\/strong>, quasi monastico.<\/p>\n\n\n\n<p>L\u00e0 si puliscono, si preparano e si dispongono gli oggetti sacri.<br>Ogni gesto \u00e8 un atto di amore verso il Signore che si render\u00e0 presente.<\/p>\n\n\n\n<p>Come Marta nel Vangelo, la credenza ci insegna il valore del servizio concreto. Ma come Maria, lo fa con discrezione, senza voler apparire.<\/p>\n\n\n\n<hr class=\"wp-block-separator has-alpha-channel-opacity\"\/>\n\n\n\n<h1 class=\"wp-block-heading\"><strong>5. Come deve essere una credenza liturgica? Guida estetica e pratica<\/strong><\/h1>\n\n\n\n<h3 class=\"wp-block-heading\"><strong>1. Discreta e bella<\/strong><\/h3>\n\n\n\n<p>Non deve attirare pi\u00f9 attenzione dell\u2019altare.<br>Materiali tradizionali: legno, marmo o metallo.<br>Colori sobri.<\/p>\n\n\n\n<h3 class=\"wp-block-heading\"><strong>2. Funzionale<\/strong><\/h3>\n\n\n\n<p>Spazio sufficiente per gli oggetti sacri, senza ammassarli.<br>Meglio pochi elementi ma ben disposti.<\/p>\n\n\n\n<h3 class=\"wp-block-heading\"><strong>3. Ordinata<\/strong><\/h3>\n\n\n\n<p>La credenza disordinata indica disordine spirituale.<br>Ogni oggetto deve avere un posto definito.<\/p>\n\n\n\n<h3 class=\"wp-block-heading\"><strong>4. Vicina all\u2019altare<\/strong><\/h3>\n\n\n\n<p>Non troppo lontana, per evitare movimenti confusi o disordinati.<\/p>\n\n\n\n<h3 class=\"wp-block-heading\"><strong>5. Pulita e dignitosa<\/strong><\/h3>\n\n\n\n<p>\u00c8 inaccettabile che assomigli a un magazzino.<br>Deve riflettere la dignit\u00e0 del Mistero che serve.<\/p>\n\n\n\n<hr class=\"wp-block-separator has-alpha-channel-opacity\"\/>\n\n\n\n<h1 class=\"wp-block-heading\"><strong>6. Uso liturgico corretto: una guida rigorosa e pastorale<\/strong><\/h1>\n\n\n\n<p>Ecco una <strong>guida pratica<\/strong>, teologica e pastorale, per l\u2019uso perfetto della credenza.<\/p>\n\n\n\n<hr class=\"wp-block-separator has-alpha-channel-opacity\"\/>\n\n\n\n<h2 class=\"wp-block-heading\"><strong>A. Prima della Messa<\/strong><\/h2>\n\n\n\n<ol class=\"wp-block-list\">\n<li><strong>Preparare il calice<\/strong>\n<ul class=\"wp-block-list\">\n<li>Con purificatoio, palla e velo.<\/li>\n\n\n\n<li>Mai lasciato scoperto senza motivo.<\/li>\n<\/ul>\n<\/li>\n\n\n\n<li><strong>Disporre le ampolline<\/strong>\n<ul class=\"wp-block-list\">\n<li>Vino e acqua.<\/li>\n\n\n\n<li>Ampollina del vino sempre a destra.<\/li>\n<\/ul>\n<\/li>\n\n\n\n<li><strong>Preparare il lavabo<\/strong>\n<ul class=\"wp-block-list\">\n<li>Brocca, piattino e manutergio.<\/li>\n<\/ul>\n<\/li>\n\n\n\n<li><strong>Controllare la presina della Comunione<\/strong>\n<ul class=\"wp-block-list\">\n<li>Se serve portare l\u2019Eucaristia ai malati, deve essere pronta e coperta.<\/li>\n<\/ul>\n<\/li>\n\n\n\n<li><strong>Incenso (se previsto)<\/strong>\n<ul class=\"wp-block-list\">\n<li>Carboncino acceso in tempo utile.<\/li>\n\n\n\n<li>Navicella con sufficiente incenso ben disposto.<\/li>\n<\/ul>\n<\/li>\n\n\n\n<li><strong>Tutto pulito e pronto almeno 10 minuti prima della Messa.<\/strong><\/li>\n<\/ol>\n\n\n\n<hr class=\"wp-block-separator has-alpha-channel-opacity\"\/>\n\n\n\n<h2 class=\"wp-block-heading\"><strong>B. Durante la Messa<\/strong><\/h2>\n\n\n\n<ol class=\"wp-block-list\">\n<li><strong>Gli oggetti non utilizzati rimangono coperti o ben disposti.<\/strong><\/li>\n\n\n\n<li><strong>L\u2019offertorio parte dalla credenza<\/strong>, non da un ripiano casuale.<\/li>\n\n\n\n<li><strong>Il sacerdote o il ministro deve trovare tutto pronto<\/strong>, evitando movimenti inutili che disturbino la sacralit\u00e0.<\/li>\n<\/ol>\n\n\n\n<hr class=\"wp-block-separator has-alpha-channel-opacity\"\/>\n\n\n\n<h2 class=\"wp-block-heading\"><strong>C. Dopo la Messa<\/strong><\/h2>\n\n\n\n<ol class=\"wp-block-list\">\n<li><strong>Pulire il calice e le ampolline con riverenza.<\/strong><\/li>\n\n\n\n<li><strong>Riporre tutto in modo ordinato.<\/strong><\/li>\n\n\n\n<li><strong>Mai lasciare frammenti del Corpo del Signore o gocce del Sangue.<\/strong><\/li>\n\n\n\n<li><strong>Controllare che nulla sia stato trascurato, come segno di amore per l\u2019Eucaristia.<\/strong><\/li>\n<\/ol>\n\n\n\n<hr class=\"wp-block-separator has-alpha-channel-opacity\"\/>\n\n\n\n<h1 class=\"wp-block-heading\"><strong>7. La credenza nella vita spirituale del fedele<\/strong><\/h1>\n\n\n\n<p>Cosa possiamo imparare noi da questo mobile apparentemente insignificante?<\/p>\n\n\n\n<h3 class=\"wp-block-heading\"><strong>1. Preparare il cuore<\/strong><\/h3>\n\n\n\n<p>Come la credenza prepara l\u2019altare, cos\u00ec il cristiano deve preparare l\u2019anima alla grazia.<\/p>\n\n\n\n<h3 class=\"wp-block-heading\"><strong>2. Servire in silenzio<\/strong><\/h3>\n\n\n\n<p>Dio vede tutto, anche ci\u00f2 che gli altri non vedono.<\/p>\n\n\n\n<h3 class=\"wp-block-heading\"><strong>3. Amare i dettagli<\/strong><\/h3>\n\n\n\n<p>Nella Messa, come nella vita, l\u2019amore si dimostra nei piccoli gesti.<\/p>\n\n\n\n<h3 class=\"wp-block-heading\"><strong>4. Offrire ci\u00f2 che siamo<\/strong><\/h3>\n\n\n\n<p>La credenza presenta pane, vino, acqua, incenso\u2026<br>Il cristiano offre s\u00e9 stesso.<\/p>\n\n\n\n<hr class=\"wp-block-separator has-alpha-channel-opacity\"\/>\n\n\n\n<h1 class=\"wp-block-heading\"><strong>8. Conclusione: la credenza, la piccola scuola dell\u2019amore<\/strong><\/h1>\n\n\n\n<p>In un\u2019epoca in cui tutto vuole essere immediato e visibile, la credenza liturgica ci rimette davanti una verit\u00e0 evangelica:<\/p>\n\n\n\n<p><strong>Il vero amore prepara, serve e scompare.<\/strong><\/p>\n\n\n\n<p>Ogni Messa \u00e8 un incontro tra cielo e terra.<br>E quell\u2019incontro inizia molto prima dell\u2019altare, in un angolo silenzioso dove le mani umane preparano ci\u00f2 che Dio trasformer\u00e0.<\/p>\n\n\n\n<p>La credenza ci invita a una fede pi\u00f9 attenta, pi\u00f9 ordinata, pi\u00f9 amorosa.<br>Una fede che cura ogni dettaglio per onorare Colui che si dona totalmente.<\/p>\n\n\n\n<p>Che ogni credenza, in ogni chiesa, continui a essere <strong>il piccolo laboratorio del miracolo<\/strong>.<\/p>\n","protected":false},"excerpt":{"rendered":"<p>In ogni Messa, grande o piccola, solenne o feriale, visibile o quasi invisibile agli occhi dei fedeli, c\u2019\u00e8 un luogo in cui nasce il servizio, la precisione e l\u2019amore che rendono possibile ci\u00f2 che avviene sull\u2019altare: la credenza liturgica.Un mobile semplice, discreto, quasi sempre ignorato\u2026 e tuttavia essenziale.Uno spazio umile che ricorda una grande verit\u00e0 &hellip;<\/p>\n","protected":false},"author":3,"featured_media":4763,"comment_status":"open","ping_status":"open","sticky":false,"template":"","format":"standard","meta":{"_seopress_robots_primary_cat":"","_seopress_titles_title":"","_seopress_titles_desc":"","_seopress_robots_index":"","footnotes":""},"categories":[52,38],"tags":[1780],"class_list":["post-4762","post","type-post","status-publish","format-standard","has-post-thumbnail","","category-liturgia-e-anno-liturgico","category-storia-e-tradizione","tag-credenza"],"_links":{"self":[{"href":"https:\/\/catholicus.eu\/it\/wp-json\/wp\/v2\/posts\/4762","targetHints":{"allow":["GET"]}}],"collection":[{"href":"https:\/\/catholicus.eu\/it\/wp-json\/wp\/v2\/posts"}],"about":[{"href":"https:\/\/catholicus.eu\/it\/wp-json\/wp\/v2\/types\/post"}],"author":[{"embeddable":true,"href":"https:\/\/catholicus.eu\/it\/wp-json\/wp\/v2\/users\/3"}],"replies":[{"embeddable":true,"href":"https:\/\/catholicus.eu\/it\/wp-json\/wp\/v2\/comments?post=4762"}],"version-history":[{"count":1,"href":"https:\/\/catholicus.eu\/it\/wp-json\/wp\/v2\/posts\/4762\/revisions"}],"predecessor-version":[{"id":4764,"href":"https:\/\/catholicus.eu\/it\/wp-json\/wp\/v2\/posts\/4762\/revisions\/4764"}],"wp:featuredmedia":[{"embeddable":true,"href":"https:\/\/catholicus.eu\/it\/wp-json\/wp\/v2\/media\/4763"}],"wp:attachment":[{"href":"https:\/\/catholicus.eu\/it\/wp-json\/wp\/v2\/media?parent=4762"}],"wp:term":[{"taxonomy":"category","embeddable":true,"href":"https:\/\/catholicus.eu\/it\/wp-json\/wp\/v2\/categories?post=4762"},{"taxonomy":"post_tag","embeddable":true,"href":"https:\/\/catholicus.eu\/it\/wp-json\/wp\/v2\/tags?post=4762"}],"curies":[{"name":"wp","href":"https:\/\/api.w.org\/{rel}","templated":true}]}}