{"id":4749,"date":"2025-11-06T22:53:34","date_gmt":"2025-11-06T21:53:34","guid":{"rendered":"https:\/\/catholicus.eu\/it\/?p=4749"},"modified":"2025-11-06T22:53:35","modified_gmt":"2025-11-06T21:53:35","slug":"maria-corredentrice-e-mediatrice-la-madre-che-condivide-la-croce-e-distribuisce-la-grazia","status":"publish","type":"post","link":"https:\/\/catholicus.eu\/it\/maria-corredentrice-e-mediatrice-la-madre-che-condivide-la-croce-e-distribuisce-la-grazia\/","title":{"rendered":"Maria, Corredentrice e Mediatrice: La Madre che condivide la Croce e distribuisce la Grazia"},"content":{"rendered":"\n<h3 class=\"wp-block-heading\"><strong>Introduzione: Il mistero che il mondo non comprende<\/strong><\/h3>\n\n\n\n<p>In un\u2019epoca che esalta l\u2019autonomia, l\u2019autosufficienza e l\u2019oblio di Dio, parlare della Vergine Maria come <em>Corredentrice e Mediatrice di tutte le Grazie<\/em> sembra quasi una provocazione.<br>Molti si chiedono: \u201cPerch\u00e9 tanto parlare di Maria? Non basta Cristo?\u201d<br>Ma questa domanda \u2013 pur comprensibile \u2013 nasce da un equivoco: l\u2019idea che onorare Maria significhi togliere gloria a Cristo.<br>In realt\u00e0 \u00e8 vero l\u2019opposto: <strong>Maria non toglie, moltiplica; non oscura, riflette; non compete, coopera.<\/strong><br>Ella \u00e8 la creatura che pi\u00f9 perfettamente ha partecipato al piano salvifico di Dio, e la sua missione materna continua oggi nella vita di ogni credente.<\/p>\n\n\n\n<hr class=\"wp-block-separator has-alpha-channel-opacity\"\/>\n\n\n\n<h2 class=\"wp-block-heading\"><strong>1. L\u2019origine dei titoli: storia e dottrina<\/strong><\/h2>\n\n\n\n<p>Fin dai primi secoli la Chiesa ha riconosciuto in Maria un ruolo unico nell\u2019opera della Redenzione. I Padri della Chiesa la chiamavano <em>la nuova Eva<\/em>, perch\u00e9 come la prima donna cooper\u00f2 alla caduta dell\u2019uomo, <strong>cos\u00ec la Vergine Maria cooper\u00f2 alla sua salvezza.<\/strong><br>San Ireneo di Lione (II secolo) scrisse:<\/p>\n\n\n\n<blockquote class=\"wp-block-quote is-layout-flow wp-block-quote-is-layout-flow\">\n<p>\u201cCome per la disobbedienza di una donna l\u2019uomo cadde, cos\u00ec per l\u2019obbedienza di un\u2019altra donna l\u2019uomo fu redento.\u201d<\/p>\n<\/blockquote>\n\n\n\n<p>Questo principio teologico \u00e8 la radice della dottrina di Maria come <em>Corredentrice<\/em>: non perch\u00e9 sia uguale a Cristo, ma perch\u00e9, <strong>in modo subordinato<\/strong>, partecipa all\u2019opera che Cristo solo compie come Redentore.<\/p>\n\n\n\n<p>Nel Medioevo, santi come <strong>Bernardo di Chiaravalle<\/strong>, <strong>Bonaventura<\/strong> e <strong>Alfonso Maria de\u2019 Liguori<\/strong> approfondirono questa dottrina, comprendendo che il \u201cs\u00ec\u201d di Maria non fu una parola passiva, ma una totale donazione al piano di Dio \u2013 una partecipazione consapevole e dolorosa alla Redenzione.<\/p>\n\n\n\n<p>San <strong>Giovanni Paolo II<\/strong> parl\u00f2 pi\u00f9 volte di Maria come \u201cCorredentrice\u201d, spiegando che la sua cooperazione \u201csi manifest\u00f2 in modo speciale sotto la Croce, dove Cristo port\u00f2 a compimento la redenzione del mondo\u201d (<em>Discorso dell\u20198 settembre 1982<\/em>).<\/p>\n\n\n\n<hr class=\"wp-block-separator has-alpha-channel-opacity\"\/>\n\n\n\n<h2 class=\"wp-block-heading\"><strong>2. Maria sotto la Croce: il cuore trafitto<\/strong><\/h2>\n\n\n\n<p>Il vertice dell\u2019opera corredentrice di Maria \u00e8 <strong>il Calvario<\/strong>.<br>L\u00ec, ai piedi della Croce, non c\u2019\u00e8 ribellione n\u00e9 disperazione, ma un\u2019unione mistica di dolore e amore.<br>San Giovanni lo narra con una semplicit\u00e0 e profondit\u00e0 commoventi:<\/p>\n\n\n\n<blockquote class=\"wp-block-quote is-layout-flow wp-block-quote-is-layout-flow\">\n<p>\u201cStavano presso la croce di Ges\u00f9 sua madre, la sorella di sua madre, Maria di Cl\u00e8ofa e Maria di M\u00e0gdala.\u201d (Gv 19,25)<\/p>\n<\/blockquote>\n\n\n\n<p>Nessuna parola umana pu\u00f2 esprimere ci\u00f2 che signific\u00f2 per una madre vedere morire il proprio Figlio innocente.<br>Eppure Maria <strong>non fugge, non si lamenta, non si ribella<\/strong>: rimane, unisce il dolore del suo cuore al sacrificio del Figlio.<\/p>\n\n\n\n<p>Quando Ges\u00f9 dice:<\/p>\n\n\n\n<blockquote class=\"wp-block-quote is-layout-flow wp-block-quote-is-layout-flow\">\n<p>\u201cDonna, ecco tuo figlio\u201d (Gv 19,26)<br>e al discepolo:<br>\u201cEcco tua madre\u201d (Gv 19,27),<br>istituisce Maria come <strong>Madre di tutti i redenti<\/strong>.<br>In quell\u2019istante il dolore si trasforma in maternit\u00e0 universale: Maria partecipa non solo con compassione, ma anche con un vero e proprio atto di cooperazione al mistero della salvezza.<\/p>\n<\/blockquote>\n\n\n\n<hr class=\"wp-block-separator has-alpha-channel-opacity\"\/>\n\n\n\n<h2 class=\"wp-block-heading\"><strong>3. Corredentrice, s\u00ec \u2013 ma sempre dipendente da Cristo<\/strong><\/h2>\n\n\n\n<p>Il titolo <em>Corredentrice<\/em> non significa che Maria redima con forza propria, ma che <strong>collabora liberamente con Cristo Redentore<\/strong>.<br>Egli \u00e8 l\u2019unica causa principale della salvezza; lei \u00e8 la causa subordinata e strumentale, unita a Lui per pura grazia.<\/p>\n\n\n\n<p>La <em>Corredenzione<\/em> di Maria non \u00e8 una seconda redenzione, ma la pi\u00f9 alta partecipazione di una creatura all\u2019unica Redenzione.<br>San <strong>Pio X<\/strong> lo espresse chiaramente:<\/p>\n\n\n\n<blockquote class=\"wp-block-quote is-layout-flow wp-block-quote-is-layout-flow\">\n<p>\u201cMaria, unita con Cristo nell\u2019opera della salvezza, fu con Lui e per Lui la Corredentrice del genere umano.\u201d<\/p>\n<\/blockquote>\n\n\n\n<p>Questo titolo non diminuisce la gloria di Cristo, perch\u00e9 <strong>la mediazione di Maria \u00e8 completamente subordinata alla Sua<\/strong>.<br>Maria non si pone tra Dio e gli uomini per sostituirsi a Cristo; al contrario, <strong>ci conduce a Lui con tenerezza e potenza materna<\/strong>.<\/p>\n\n\n\n<hr class=\"wp-block-separator has-alpha-channel-opacity\"\/>\n\n\n\n<h2 class=\"wp-block-heading\"><strong>4. Maria, Mediatrice di tutte le Grazie<\/strong><\/h2>\n\n\n\n<p>Se Maria partecip\u00f2 alla Redenzione sul Calvario, partecipa ora in Cielo alla distribuzione delle grazie.<br>Per questo la Chiesa la chiama <em>Mediatrice di tutte le Grazie<\/em>.<\/p>\n\n\n\n<p>Cristo \u00e8 l\u2019unico Mediatore tra Dio e gli uomini (1Tm 2,5).<br>Ma, come i santi intercedono per noi, Maria lo fa in modo eminente, poich\u00e9 \u00e8 <strong>la Madre del Mediatore<\/strong>.<br>La sua mediazione non si aggiunge a quella di Cristo, ma <strong>ne scaturisce<\/strong>, e conduce sempre a Lui.<\/p>\n\n\n\n<p>San <strong>Luigi Maria Grignion de Montfort<\/strong> lo spieg\u00f2 con parole mirabili:<\/p>\n\n\n\n<blockquote class=\"wp-block-quote is-layout-flow wp-block-quote-is-layout-flow\">\n<p>\u201cDio Padre ha raccolto tutte le acque e le ha chiamate mare; ha raccolto tutte le grazie e le ha chiamate Maria.\u201d<\/p>\n<\/blockquote>\n\n\n\n<p>Tutto ci\u00f2 che riceviamo da Dio passa per le mani di Maria.<br>Non perch\u00e9 Egli non possa donarci direttamente la grazia, ma perch\u00e9 <strong>ha voluto onorarla facendola canale universale della Sua misericordia.<\/strong><\/p>\n\n\n\n<hr class=\"wp-block-separator has-alpha-channel-opacity\"\/>\n\n\n\n<h2 class=\"wp-block-heading\"><strong>5. Attualit\u00e0 del messaggio: Maria davanti al neopaganesimo moderno<\/strong><\/h2>\n\n\n\n<p>In un mondo che rifiuta la Croce e adora l\u2019ego, <strong>Maria diventa l\u2019antidoto all\u2019orgoglio contemporaneo.<\/strong><br>Il suo <em>fiat<\/em> \u2013 \u201cAvvenga di me secondo la tua parola\u201d \u2013 \u00e8 la risposta che l\u2019umanit\u00e0 di oggi ha pi\u00f9 bisogno di ascoltare.<br>Ella ci insegna che la salvezza non sta nell\u2019autonomia, ma nell\u2019obbedienza amorosa; non nella potenza, ma nell\u2019abbandono; non nel rumore, ma nel silenzio fecondo dell\u2019anima.<\/p>\n\n\n\n<p>Il mondo postmoderno, che idolatra l\u2019indipendenza, deve tornare a guardare la Donna che <strong>non si impone, ma si dona<\/strong>.<br>Maria ci ricorda che solo chi si unisce a Cristo sulla Croce partecipa veramente alla salvezza degli altri.<\/p>\n\n\n\n<hr class=\"wp-block-separator has-alpha-channel-opacity\"\/>\n\n\n\n<h2 class=\"wp-block-heading\"><strong>6. Pratica teologico-pastorale: vivere oggi la Corredenzione<\/strong><\/h2>\n\n\n\n<p>Credere in Maria come Corredentrice e Mediatrice non \u00e8 una teoria astratta, ma un invito a <strong>partecipare personalmente all\u2019opera redentrice di Cristo<\/strong>.<\/p>\n\n\n\n<p>Ecco una guida spirituale per vivere questa dottrina nella vita quotidiana:<\/p>\n\n\n\n<h3 class=\"wp-block-heading\"><strong>1. Offrire le proprie sofferenze<\/strong><\/h3>\n\n\n\n<p>Ogni dolore, ogni difficolt\u00e0 pu\u00f2 essere unita alle sofferenze di Cristo e di Maria.<br>D\u00ec ogni mattina:<\/p>\n\n\n\n<blockquote class=\"wp-block-quote is-layout-flow wp-block-quote-is-layout-flow\">\n<p>\u201cMadre, offro con te le mie pene per la salvezza delle anime.\u201d<br>Cos\u00ec il dolore non \u00e8 pi\u00f9 inutile, ma diventa strumento di grazia.<\/p>\n<\/blockquote>\n\n\n\n<h3 class=\"wp-block-heading\"><strong>2. Recitare il Rosario con intenzione redentrice<\/strong><\/h3>\n\n\n\n<p>Il Rosario non \u00e8 solo una pia pratica, ma una vera <em>scuola di corredenzione<\/em>.<br>Ogni Ave Maria \u00e8 una partecipazione all\u2019opera salvifica del Figlio.<br>Recitalo offrendo ogni mistero per la conversione del mondo.<\/p>\n\n\n\n<h3 class=\"wp-block-heading\"><strong>3. Esercitare la mediazione mariana<\/strong><\/h3>\n\n\n\n<p>Imita Maria diventando un mediatore di pace e di grazia nel tuo ambiente.<br>Sii un ponte tra Dio e gli uomini: nella famiglia, sul lavoro, nella comunit\u00e0.<br>Ogni volta che consoli, perdoni, intercedi, <strong>partecipi alla sua mediazione materna.<\/strong><\/p>\n\n\n\n<h3 class=\"wp-block-heading\"><strong>4. Consacrarsi a Maria<\/strong><\/h3>\n\n\n\n<p>La consacrazione mariana \u2013 come insegn\u00f2 San Luigi Maria Grignion de Montfort \u2013 \u00e8 la via pi\u00f9 perfetta per unirsi a Cristo.<br>Donarsi a Maria significa lasciarsi guidare dalla Madre del Redentore per partecipare pi\u00f9 pienamente alla sua missione salvifica.<\/p>\n\n\n\n<h3 class=\"wp-block-heading\"><strong>5. Promuovere la devozione mariana<\/strong><\/h3>\n\n\n\n<p>In tempi di confusione dottrinale e tiepidezza spirituale, \u00e8 un atto di vero amore pastorale diffondere la devozione alla Vergine.<br>Parlare di Maria \u00e8 parlare del Vangelo stesso, perch\u00e9 <strong>Maria porta sempre a Ges\u00f9.<\/strong><\/p>\n\n\n\n<hr class=\"wp-block-separator has-alpha-channel-opacity\"\/>\n\n\n\n<h2 class=\"wp-block-heading\"><strong>7. Conclusione: Maria, il volto materno della Redenzione<\/strong><\/h2>\n\n\n\n<p>Maria non \u00e8 un accessorio del cristianesimo: <strong>\u00e8 parte essenziale del piano di salvezza.<\/strong><br>La sua presenza nella storia della Chiesa \u00e8 quella di una Madre che soffre, intercede e accompagna.<br>Ogni volta che diciamo <em>\u201cPrega per noi peccatori\u201d<\/em>, riconosciamo la sua mediazione amorosa;<br>e ogni volta che contempliamo il Crocifisso accanto a Lei, comprendiamo che la corredenzione non \u00e8 solo un privilegio, ma anche una chiamata condivisa.<\/p>\n\n\n\n<p>Cristo ci redime; Maria ci insegna a cooperare alla Redenzione.<br>Cos\u00ec l\u2019anima mariana \u2013 umile, disponibile, orante \u2013 diventa specchio della grazia redentrice del Figlio.<\/p>\n\n\n\n<blockquote class=\"wp-block-quote is-layout-flow wp-block-quote-is-layout-flow\">\n<p>\u201cE da quell\u2019ora il discepolo la prese con s\u00e9.\u201d (Gv 19,27)<br>Accogliere Maria nella propria casa significa accoglierla nella propria vita, nell\u2019anima, nelle lotte quotidiane.<br>Dove entra Lei, <strong>entra la Grazia<\/strong>, perch\u00e9 continua la sua missione:<br>condurci sempre e soltanto a Ges\u00f9.<\/p>\n<\/blockquote>\n","protected":false},"excerpt":{"rendered":"<p>Introduzione: Il mistero che il mondo non comprende In un\u2019epoca che esalta l\u2019autonomia, l\u2019autosufficienza e l\u2019oblio di Dio, parlare della Vergine Maria come Corredentrice e Mediatrice di tutte le Grazie sembra quasi una provocazione.Molti si chiedono: \u201cPerch\u00e9 tanto parlare di Maria? Non basta Cristo?\u201dMa questa domanda \u2013 pur comprensibile \u2013 nasce da un equivoco: l\u2019idea &hellip;<\/p>\n","protected":false},"author":3,"featured_media":4750,"comment_status":"open","ping_status":"open","sticky":false,"template":"","format":"standard","meta":{"_seopress_robots_primary_cat":"","_seopress_titles_title":"","_seopress_titles_desc":"","_seopress_robots_index":"","footnotes":""},"categories":[60,40],"tags":[1776,288,1777],"class_list":["post-4749","post","type-post","status-publish","format-standard","has-post-thumbnail","","category-devozioni-mariane","category-preghiera-e-spiritualita","tag-corredentrice","tag-maria","tag-mediatrice"],"_links":{"self":[{"href":"https:\/\/catholicus.eu\/it\/wp-json\/wp\/v2\/posts\/4749","targetHints":{"allow":["GET"]}}],"collection":[{"href":"https:\/\/catholicus.eu\/it\/wp-json\/wp\/v2\/posts"}],"about":[{"href":"https:\/\/catholicus.eu\/it\/wp-json\/wp\/v2\/types\/post"}],"author":[{"embeddable":true,"href":"https:\/\/catholicus.eu\/it\/wp-json\/wp\/v2\/users\/3"}],"replies":[{"embeddable":true,"href":"https:\/\/catholicus.eu\/it\/wp-json\/wp\/v2\/comments?post=4749"}],"version-history":[{"count":1,"href":"https:\/\/catholicus.eu\/it\/wp-json\/wp\/v2\/posts\/4749\/revisions"}],"predecessor-version":[{"id":4751,"href":"https:\/\/catholicus.eu\/it\/wp-json\/wp\/v2\/posts\/4749\/revisions\/4751"}],"wp:featuredmedia":[{"embeddable":true,"href":"https:\/\/catholicus.eu\/it\/wp-json\/wp\/v2\/media\/4750"}],"wp:attachment":[{"href":"https:\/\/catholicus.eu\/it\/wp-json\/wp\/v2\/media?parent=4749"}],"wp:term":[{"taxonomy":"category","embeddable":true,"href":"https:\/\/catholicus.eu\/it\/wp-json\/wp\/v2\/categories?post=4749"},{"taxonomy":"post_tag","embeddable":true,"href":"https:\/\/catholicus.eu\/it\/wp-json\/wp\/v2\/tags?post=4749"}],"curies":[{"name":"wp","href":"https:\/\/api.w.org\/{rel}","templated":true}]}}