{"id":4736,"date":"2025-09-14T22:21:28","date_gmt":"2025-09-14T20:21:28","guid":{"rendered":"https:\/\/catholicus.eu\/it\/?p=4736"},"modified":"2025-09-14T22:21:29","modified_gmt":"2025-09-14T20:21:29","slug":"la-croce-che-da-vita-riscoprire-lesaltazione-della-santa-croce-nel-mondo-di-oggi","status":"publish","type":"post","link":"https:\/\/catholicus.eu\/it\/la-croce-che-da-vita-riscoprire-lesaltazione-della-santa-croce-nel-mondo-di-oggi\/","title":{"rendered":"La Croce che d\u00e0 Vita: Riscoprire l\u2019Esaltazione della Santa Croce nel mondo di oggi"},"content":{"rendered":"\n<p>Ogni 14 settembre, la Chiesa cattolica celebra solennemente <strong>l\u2019Esaltazione della Santa Croce<\/strong>. A prima vista, pu\u00f2 sembrare strano che i cristiani celebrino uno strumento di tortura, un patibolo romano che rappresentava umiliazione e morte. Tuttavia, per i credenti, la Croce non \u00e8 sconfitta, ma un <strong>trono di gloria, una fonte di vita e un segno di speranza<\/strong>. Su di essa, Cristo ha vinto il peccato e la morte, trasformando l\u2019orrore in salvezza.<\/p>\n\n\n\n<p>Questo articolo vuole essere molto pi\u00f9 di una spiegazione: intende essere una guida spirituale per riscoprire il senso profondo della Croce nella nostra vita, nella storia della Chiesa e nell\u2019attualit\u00e0 di un mondo che spesso fugge dalla sofferenza, ma che allo stesso tempo anela alla redenzione.<\/p>\n\n\n\n<hr class=\"wp-block-separator has-alpha-channel-opacity\"\/>\n\n\n\n<h2 class=\"wp-block-heading\">\ud83d\udcd6 Origini e storia della festa<\/h2>\n\n\n\n<p>L\u2019<strong>Esaltazione della Santa Croce<\/strong> ha un affascinante retroterra storico. Risale al IV secolo, quando <strong>sant\u2019Elena<\/strong>, madre dell\u2019imperatore Costantino, si rec\u00f2 a Gerusalemme e trov\u00f2 la vera Croce di Cristo sul Monte Calvario. Poco dopo, nell\u2019anno 335, l\u2019imperatore Costantino dedic\u00f2 la <strong>Basilica del Santo Sepolcro<\/strong>, e fu istituita una celebrazione per commemorare quella scoperta e, soprattutto, per ricordare il trionfo di Cristo sulla morte.<\/p>\n\n\n\n<p>Successivamente, nell\u2019anno 628, l\u2019imperatore bizantino Eraclio recuper\u00f2 la reliquia della Croce che era stata rubata dai Persiani. Quando la restitu\u00ec a Gerusalemme, la Chiesa rafforz\u00f2 la celebrazione, sottolineandone il carattere di vittoria spirituale. Da allora, ogni 14 settembre la liturgia ci invita a <strong>guardare alla Croce non come a un fallimento, ma come al segno supremo dell\u2019amore di Dio<\/strong>.<\/p>\n\n\n\n<hr class=\"wp-block-separator has-alpha-channel-opacity\"\/>\n\n\n\n<h2 class=\"wp-block-heading\">\u2728 La Croce: mistero di amore e di salvezza<\/h2>\n\n\n\n<p>Il cuore di questa festa non \u00e8 il legno in s\u00e9, ma ci\u00f2 che rappresenta: l\u2019<strong>atto supremo del dono di s\u00e9 di Cristo<\/strong>. Come dice san Paolo:<\/p>\n\n\n\n<p>\ud83d\udc49 <em>\u00abNoi predichiamo Cristo crocifisso: scandalo per i Giudei e stoltezza per i pagani; ma per coloro che sono chiamati, sia Giudei che Greci, Cristo \u00e8 potenza di Dio e sapienza di Dio\u00bb<\/em> (1 Cor 1,23-24).<\/p>\n\n\n\n<p>La Croce \u00e8 il punto d\u2019incontro tra la miseria umana e la misericordia divina. \u00c8 l\u00ec che si rivela che l\u2019amore di Dio non \u00e8 teorico n\u00e9 sentimentale, ma <strong>un amore che si dona fino allo spargimento del sangue<\/strong>.<\/p>\n\n\n\n<p>Dal punto di vista teologico:<\/p>\n\n\n\n<ul class=\"wp-block-list\">\n<li><strong>La Croce \u00e8 altare e sacrificio<\/strong>: su di essa Cristo, Sommo Sacerdote eterno, offre la sua vita come vittima perfetta.<\/li>\n\n\n\n<li><strong>La Croce \u00e8 vittoria<\/strong>: non \u00e8 la morte a trionfare, ma Cristo che vince il peccato e apre la porta della vita eterna.<\/li>\n\n\n\n<li><strong>La Croce \u00e8 scuola<\/strong>: ci insegna la via dell\u2019umilt\u00e0, dell\u2019obbedienza e della fiducia in Dio.<\/li>\n<\/ul>\n\n\n\n<hr class=\"wp-block-separator has-alpha-channel-opacity\"\/>\n\n\n\n<h2 class=\"wp-block-heading\">\ud83d\ude4f La Croce nella vita quotidiana: una guida pratica<\/h2>\n\n\n\n<p>Celebrare l\u2019Esaltazione della Croce non pu\u00f2 ridursi a un ricordo storico o a una Messa solenne. La Croce ci invita a <strong>vivere in un modo nuovo<\/strong>. Ecco una guida pratica, da una prospettiva teologica e pastorale, per applicarla nella vita quotidiana:<\/p>\n\n\n\n<h3 class=\"wp-block-heading\">1. <strong>Imparare ad abbracciare la propria croce<\/strong><\/h3>\n\n\n\n<p>Ogni persona porta croci: problemi familiari, malattie, solitudine, difficolt\u00e0 economiche, lotte interiori. Il cristiano non le nega e non fugge, ma le offre unite a Cristo. Non si tratta di cercare la sofferenza, ma di <strong>trasformarla in offerta e cammino di redenzione<\/strong>.<\/p>\n\n\n\n<h3 class=\"wp-block-heading\">2. <strong>Contemplare il crocifisso ogni giorno<\/strong><\/h3>\n\n\n\n<p>Un crocifisso non \u00e8 un ornamento; \u00e8 un ricordo vivo dell\u2019amore di Dio. Dedica ogni giorno qualche minuto per guardarlo in silenzio, pregando: <em>\u00abSignore, insegnami ad amare come Tu ami\u00bb.<\/em><\/p>\n\n\n\n<h3 class=\"wp-block-heading\">3. <strong>Vivere il segno della croce con fede<\/strong><\/h3>\n\n\n\n<p>Farsi il segno della croce non \u00e8 un gesto meccanico. Ogni volta che lo tracciamo sul nostro corpo proclamiamo: <em>\u00abCredo nella Trinit\u00e0, appartengo a Cristo e voglio portare la mia croce con Lui\u00bb.<\/em> Fallo lentamente, con riverenza.<\/p>\n\n\n\n<h3 class=\"wp-block-heading\">4. <strong>Trasformare le prove in servizio<\/strong><\/h3>\n\n\n\n<p>La croce non \u00e8 una scusa per un lamento perpetuo, ma una forza per amare di pi\u00f9. Hai difficolt\u00e0? Offrile per un malato, per la conversione di una persona cara, per la pace nel mondo. <strong>Una croce condivisa diventa feconda<\/strong>.<\/p>\n\n\n\n<h3 class=\"wp-block-heading\">5. <strong>Celebrare la Messa con uno sguardo crocifisso<\/strong><\/h3>\n\n\n\n<p>Ogni Eucaristia \u00e8 l\u2019attualizzazione del sacrificio della Croce. Partecipare con fede significa mettersi ai piedi del Calvario accanto a Maria, offrendo la nostra vita con Cristo.<\/p>\n\n\n\n<hr class=\"wp-block-separator has-alpha-channel-opacity\"\/>\n\n\n\n<h2 class=\"wp-block-heading\">\ud83c\udf0d La Croce nel mondo attuale<\/h2>\n\n\n\n<p>Viviamo in una societ\u00e0 che fugge dal sacrificio, che cerca comodit\u00e0 e piacere immediato. Per questo, parlare della Croce sembra provocatorio. Eppure, <strong>solo la Croce d\u00e0 risposte alle ferite pi\u00f9 profonde del cuore umano<\/strong>.<\/p>\n\n\n\n<ul class=\"wp-block-list\">\n<li>Di fronte alla cultura dello scarto, la Croce proclama il valore infinito di ogni vita.<\/li>\n\n\n\n<li>Di fronte alla violenza e all\u2019odio, la Croce insegna perdono e riconciliazione.<\/li>\n\n\n\n<li>Di fronte alla disperazione, la Croce apre un orizzonte di risurrezione.<\/li>\n<\/ul>\n\n\n\n<p>Oggi pi\u00f9 che mai abbiamo bisogno di cristiani che portino la Croce non come un simbolo vuoto, ma come <strong>uno stile di vita<\/strong>: amare fino a dare la vita, servire senza aspettare ricompensa, rimanere saldi nella fede in mezzo alle tenebre.<\/p>\n\n\n\n<hr class=\"wp-block-separator has-alpha-channel-opacity\"\/>\n\n\n\n<h2 class=\"wp-block-heading\">\ud83d\udcc5 Quando si celebra?<\/h2>\n\n\n\n<p>L\u2019<strong>Esaltazione della Santa Croce<\/strong> si celebra ogni <strong>14 settembre<\/strong>, subito dopo la festa della Nativit\u00e0 della Vergine Maria (8 settembre). La vicinanza di queste date non \u00e8 casuale: ci ricorda che Maria fu intimamente unita alla Croce del Figlio, diventando la prima a vivere il glorioso paradosso secondo cui dalla sofferenza nasce la vita.<\/p>\n\n\n\n<hr class=\"wp-block-separator has-alpha-channel-opacity\"\/>\n\n\n\n<h2 class=\"wp-block-heading\">\ud83d\udd11 Conclusione: la Croce, bussola per vivere<\/h2>\n\n\n\n<p>La Croce non \u00e8 un segno del passato, ma <strong>la bussola che orienta la vita cristiana nel presente<\/strong>. Chi si aggrappa alla Croce non si perde mai. Non si tratta di amare il dolore, ma di amare il Dio che sulla Croce ci ha amati fino all\u2019estremo.<\/p>\n\n\n\n<p>L\u2019invito di questa festa \u00e8 chiaro:<\/p>\n\n\n\n<ul class=\"wp-block-list\">\n<li><strong>Guarda la Croce con fede.<\/strong><\/li>\n\n\n\n<li><strong>Portala con speranza.<\/strong><\/li>\n\n\n\n<li><strong>Vivila con amore.<\/strong><\/li>\n<\/ul>\n\n\n\n<p>Perch\u00e9, come proclama il Vangelo:<br>\ud83d\udc49 <em>\u00abDio ha tanto amato il mondo da dare il suo Figlio unigenito, perch\u00e9 chiunque crede in lui non muoia, ma abbia la vita eterna\u00bb<\/em> (Gv 3,16).<\/p>\n\n\n\n<p>E questo dono culmin\u00f2 sulla Croce\u2026 esaltata, gloriosa, luminosa.<\/p>\n","protected":false},"excerpt":{"rendered":"<p>Ogni 14 settembre, la Chiesa cattolica celebra solennemente l\u2019Esaltazione della Santa Croce. A prima vista, pu\u00f2 sembrare strano che i cristiani celebrino uno strumento di tortura, un patibolo romano che rappresentava umiliazione e morte. Tuttavia, per i credenti, la Croce non \u00e8 sconfitta, ma un trono di gloria, una fonte di vita e un segno &hellip;<\/p>\n","protected":false},"author":3,"featured_media":4737,"comment_status":"open","ping_status":"open","sticky":false,"template":"","format":"standard","meta":{"_seopress_robots_primary_cat":"","_seopress_titles_title":"","_seopress_titles_desc":"","_seopress_robots_index":"","footnotes":""},"categories":[52,38],"tags":[1772],"class_list":["post-4736","post","type-post","status-publish","format-standard","has-post-thumbnail","","category-liturgia-e-anno-liturgico","category-storia-e-tradizione","tag-lesaltazione-della-santa-croce"],"_links":{"self":[{"href":"https:\/\/catholicus.eu\/it\/wp-json\/wp\/v2\/posts\/4736","targetHints":{"allow":["GET"]}}],"collection":[{"href":"https:\/\/catholicus.eu\/it\/wp-json\/wp\/v2\/posts"}],"about":[{"href":"https:\/\/catholicus.eu\/it\/wp-json\/wp\/v2\/types\/post"}],"author":[{"embeddable":true,"href":"https:\/\/catholicus.eu\/it\/wp-json\/wp\/v2\/users\/3"}],"replies":[{"embeddable":true,"href":"https:\/\/catholicus.eu\/it\/wp-json\/wp\/v2\/comments?post=4736"}],"version-history":[{"count":1,"href":"https:\/\/catholicus.eu\/it\/wp-json\/wp\/v2\/posts\/4736\/revisions"}],"predecessor-version":[{"id":4738,"href":"https:\/\/catholicus.eu\/it\/wp-json\/wp\/v2\/posts\/4736\/revisions\/4738"}],"wp:featuredmedia":[{"embeddable":true,"href":"https:\/\/catholicus.eu\/it\/wp-json\/wp\/v2\/media\/4737"}],"wp:attachment":[{"href":"https:\/\/catholicus.eu\/it\/wp-json\/wp\/v2\/media?parent=4736"}],"wp:term":[{"taxonomy":"category","embeddable":true,"href":"https:\/\/catholicus.eu\/it\/wp-json\/wp\/v2\/categories?post=4736"},{"taxonomy":"post_tag","embeddable":true,"href":"https:\/\/catholicus.eu\/it\/wp-json\/wp\/v2\/tags?post=4736"}],"curies":[{"name":"wp","href":"https:\/\/api.w.org\/{rel}","templated":true}]}}