{"id":4726,"date":"2025-08-24T08:40:01","date_gmt":"2025-08-24T06:40:01","guid":{"rendered":"https:\/\/catholicus.eu\/it\/?p=4726"},"modified":"2025-08-24T08:40:02","modified_gmt":"2025-08-24T06:40:02","slug":"santa-rosa-da-lima-il-fiore-sbocciato-nel-deserto-del-mondo","status":"publish","type":"post","link":"https:\/\/catholicus.eu\/it\/santa-rosa-da-lima-il-fiore-sbocciato-nel-deserto-del-mondo\/","title":{"rendered":"Santa Rosa da Lima: il fiore sbocciato nel deserto del mondo"},"content":{"rendered":"\n<p>Quando pensiamo ai santi, spesso li immaginiamo come figure lontane, quasi irraggiungibili, che hanno vissuto in tempi diversi e affrontato sfide molto differenti dalle nostre. Ma se guardiamo attentamente alla vita di <strong>Santa Rosa da Lima<\/strong> (1586\u20131617), patrona delle Americhe, delle Filippine e del Per\u00f9, scopriamo una verit\u00e0 luminosa: <strong>la santit\u00e0 \u00e8 possibile oggi<\/strong>, in mezzo a un mondo ferito dall\u2019egoismo, dal materialismo e dalla superficialit\u00e0.<\/p>\n\n\n\n<p>Rosa \u2014il cui vero nome era Isabel Flores de Oliva\u2014 fu una giovane donna meticcia, semplice e profondamente innamorata di Cristo. In lei si comp\u00ec ci\u00f2 che dice il Cantico dei Cantici: <em>\u00abIo sono la rosa di Saron, il giglio delle valli\u00bb<\/em> (Ct 2,1). La sua vita fu una fioritura inattesa in una terra segnata dalla conquista, dalle tensioni sociali e dalle ingiustizie. Eppure, quella giovane lime\u00f1a insegn\u00f2 che <strong>l\u2019amore e la preghiera possono trasformare il mondo pi\u00f9 di qualsiasi potere umano<\/strong>.<\/p>\n\n\n\n<hr class=\"wp-block-separator has-alpha-channel-opacity\"\/>\n\n\n\n<h2 class=\"wp-block-heading\">\ud83c\udf3a Una storia fiorita nell\u2019umilt\u00e0<\/h2>\n\n\n\n<p>Santa Rosa nacque a Lima nel 1586, in una famiglia modesta. Fin da bambina mostr\u00f2 un amore profondo per la preghiera e una sensibilit\u00e0 speciale verso la sofferenza altrui. I suoi genitori sognavano per lei un buon matrimonio, ma Rosa comprese molto presto che il suo Sposo sarebbe stato Cristo.<\/p>\n\n\n\n<p>Adott\u00f2 il nome di \u201cRosa\u201d perch\u00e9, secondo la tradizione, una domestica vide un giorno il suo volto trasfigurato nella forma di una rosa splendente. Quella visione non era solo un segno estetico: simboleggiava la bellezza dell\u2019anima che cerca Dio sopra ogni cosa.<\/p>\n\n\n\n<p>Rosa si consacr\u00f2 come terziaria domenicana, cio\u00e8 visse da laica associata alla spiritualit\u00e0 di san Domenico. Non entr\u00f2 in convento, ma <strong>santific\u00f2 la propria casa e la vita ordinaria<\/strong>, mostrando che la santit\u00e0 non \u00e8 riservata ai chiostri, ma pu\u00f2 sbocciare in qualsiasi angolo della societ\u00e0.<\/p>\n\n\n\n<hr class=\"wp-block-separator has-alpha-channel-opacity\"\/>\n\n\n\n<h2 class=\"wp-block-heading\">\u271d\ufe0f La teologia della Croce in Santa Rosa<\/h2>\n\n\n\n<p>Santa Rosa da Lima comprese in modo radicale ci\u00f2 che insegnava san Paolo: <em>\u00abOra io sono lieto nelle sofferenze che sopporto per voi, e do compimento a ci\u00f2 che, dei patimenti di Cristo, manca nella mia carne, a favore del suo corpo che \u00e8 la Chiesa\u00bb<\/em> (Col 1,24).<\/p>\n\n\n\n<p>Ella non concepiva la penitenza come disprezzo del corpo, ma come partecipazione reale al mistero della Passione. In un\u2019epoca in cui l\u2019edonismo e il consumismo governano molte vite, Rosa ci ricorda che <strong>la vera gioia non si trova nel piacere immediato, ma nell\u2019unione con il Crocifisso<\/strong>.<\/p>\n\n\n\n<p>Rosa si offriva come vittima per la salvezza delle anime e per la conversione del suo popolo. La sua austerit\u00e0 radicale pu\u00f2 oggi sembrarci scioccante, ma \u00e8 un invito a rivedere le nostre comodit\u00e0, a non vivere schiavi del materiale e a riscoprire la forza redentrice del sacrificio unito a Cristo.<\/p>\n\n\n\n<hr class=\"wp-block-separator has-alpha-channel-opacity\"\/>\n\n\n\n<h2 class=\"wp-block-heading\">\ud83c\udf0e Una santa per le Americhe\u2026 e per il nostro tempo<\/h2>\n\n\n\n<p>Papa Clemente X la canonizz\u00f2 nel 1671, facendone la <strong>prima santa delle Americhe<\/strong>. La sua figura \u00e8 un faro per tutti i popoli del continente, perch\u00e9 in lei si riflette la sintesi delle culture e la speranza di un cristianesimo autentico nel Nuovo Mondo.<\/p>\n\n\n\n<p>Oggi, in un mondo che cerca identit\u00e0 e radici, Santa Rosa ci ricorda che la vera grandezza dell\u2019America Latina non risiede nelle sue ricchezze naturali n\u00e9 nei suoi sistemi politici, ma nella sua <strong>vocazione alla santit\u00e0<\/strong>.<\/p>\n\n\n\n<hr class=\"wp-block-separator has-alpha-channel-opacity\"\/>\n\n\n\n<h2 class=\"wp-block-heading\">\ud83d\udcd6 Applicazioni pratiche: come vivere come Santa Rosa da Lima oggi<\/h2>\n\n\n\n<p>La vita di Santa Rosa non deve restare una statua o un ricordo pittoresco della Lima coloniale. Al contrario: il suo esempio \u00e8 una guida pastorale e teologica per la vita quotidiana.<\/p>\n\n\n\n<h3 class=\"wp-block-heading\">1. <strong>Fare della preghiera il centro<\/strong><\/h3>\n\n\n\n<p>Rosa passava lunghe ore in preghiera, non come evasione, ma come fonte di forza per servire.<br>\ud83d\udc49 <em>Pratica<\/em>: dedica ogni giorno un momento al silenzio e al dialogo con Dio, anche solo 10 minuti. La preghiera trasformer\u00e0 la tua giornata.<\/p>\n\n\n\n<h3 class=\"wp-block-heading\">2. <strong>Riscoprire il valore del sacrificio<\/strong><\/h3>\n\n\n\n<p>Il sacrificio non significa autodistruzione, ma offerta volontaria di rinunce per amore.<br>\ud83d\udc49 <em>Pratica<\/em>: offri piccoli sacrifici (digiuno, limitare le distrazioni, dedicare tempo a chi ha bisogno) come offerta per la Chiesa, i malati e i pi\u00f9 lontani dalla fede.<\/p>\n\n\n\n<h3 class=\"wp-block-heading\">3. <strong>Servire i poveri e i malati con gioia<\/strong><\/h3>\n\n\n\n<p>Rosa trasform\u00f2 la sua casa in un piccolo ospedale, curando i pi\u00f9 bisognosi.<br>\ud83d\udc49 <em>Pratica<\/em>: scegli un\u2019opera concreta di carit\u00e0: visitare i malati, collaborare con la Caritas, o semplicemente ascoltare e accompagnare chi \u00e8 solo.<\/p>\n\n\n\n<h3 class=\"wp-block-heading\">4. <strong>La modestia e la purezza come cammino di libert\u00e0<\/strong><\/h3>\n\n\n\n<p>In un tempo ipersessualizzato, Rosa insegna che il corpo \u00e8 tempio dello Spirito Santo.<br>\ud83d\udc49 <em>Pratica<\/em>: rivedi le tue abitudini di consumo (moda, social network, intrattenimento) e chiediti se riflettono la tua dignit\u00e0 cristiana.<\/p>\n\n\n\n<h3 class=\"wp-block-heading\">5. <strong>Offrire la vita quotidiana come altare<\/strong><\/h3>\n\n\n\n<p>Rosa santific\u00f2 la vita ordinaria.<br>\ud83d\udc49 <em>Pratica<\/em>: lavora, studia e vivi la vita familiare con amore, offrendo tutto a Dio. Fai di ogni giorno una liturgia invisibile.<\/p>\n\n\n\n<hr class=\"wp-block-separator has-alpha-channel-opacity\"\/>\n\n\n\n<h2 class=\"wp-block-heading\">\ud83d\ude4f Una guida pastorale ispirata a Santa Rosa da Lima<\/h2>\n\n\n\n<ul class=\"wp-block-list\">\n<li><strong>Per i giovani<\/strong>: non avere paura di andare controcorrente. La vera libert\u00e0 non consiste nel \u201cfare ci\u00f2 che fanno tutti\u201d, ma nello scegliere ci\u00f2 che Dio sogna per te.<\/li>\n\n\n\n<li><strong>Per le famiglie<\/strong>: la santit\u00e0 comincia in casa. Insegna ai tuoi figli la preghiera, il servizio e il valore della purezza.<\/li>\n\n\n\n<li><strong>Per i consacrati e i sacerdoti<\/strong>: Rosa ricorda l\u2019importanza della radicalit\u00e0 evangelica e dell\u2019offerta della vita per la salvezza delle anime.<\/li>\n\n\n\n<li><strong>Per tutti i cristiani<\/strong>: non importa il tuo stato di vita, la tua et\u00e0 o la tua cultura: la santit\u00e0 \u00e8 alla tua portata se vivi nella grazia di Dio e nell\u2019amore.<\/li>\n<\/ul>\n\n\n\n<hr class=\"wp-block-separator has-alpha-channel-opacity\"\/>\n\n\n\n<h2 class=\"wp-block-heading\">\ud83c\udf39 Conclusione: La rosa che non appassisce<\/h2>\n\n\n\n<p>Santa Rosa da Lima rimane attuale perch\u00e9 ci mostra che la santit\u00e0 non \u00e8 un privilegio, ma una chiamata universale. In un mondo segnato dalla superficialit\u00e0, ella insegna che <strong>la bellezza pi\u00f9 grande \u00e8 quella di un\u2019anima unita a Cristo<\/strong>.<\/p>\n\n\n\n<p>Come disse lo stesso Ges\u00f9: <em>\u00abChi rimane in me, e io in lui, porta molto frutto\u00bb<\/em> (Gv 15,5). Santa Rosa rimase in Cristo, e la sua vita fu un\u2019esplosione di frutti che ancora oggi nutrono le Americhe e il mondo intero.<\/p>\n\n\n\n<p>Che la sua intercessione ci aiuti a scoprire che anche noi possiamo fiorire come rose in mezzo al deserto di questo tempo.<\/p>\n","protected":false},"excerpt":{"rendered":"<p>Quando pensiamo ai santi, spesso li immaginiamo come figure lontane, quasi irraggiungibili, che hanno vissuto in tempi diversi e affrontato sfide molto differenti dalle nostre. Ma se guardiamo attentamente alla vita di Santa Rosa da Lima (1586\u20131617), patrona delle Americhe, delle Filippine e del Per\u00f9, scopriamo una verit\u00e0 luminosa: la santit\u00e0 \u00e8 possibile oggi, in &hellip;<\/p>\n","protected":false},"author":3,"featured_media":4727,"comment_status":"open","ping_status":"open","sticky":false,"template":"","format":"standard","meta":{"_seopress_robots_primary_cat":"","_seopress_titles_title":"","_seopress_titles_desc":"","_seopress_robots_index":"","footnotes":""},"categories":[40,61],"tags":[1769],"class_list":["post-4726","post","type-post","status-publish","format-standard","has-post-thumbnail","","category-preghiera-e-spiritualita","category-santi-e-calendario-liturgico","tag-santa-rosa-da-lima"],"_links":{"self":[{"href":"https:\/\/catholicus.eu\/it\/wp-json\/wp\/v2\/posts\/4726","targetHints":{"allow":["GET"]}}],"collection":[{"href":"https:\/\/catholicus.eu\/it\/wp-json\/wp\/v2\/posts"}],"about":[{"href":"https:\/\/catholicus.eu\/it\/wp-json\/wp\/v2\/types\/post"}],"author":[{"embeddable":true,"href":"https:\/\/catholicus.eu\/it\/wp-json\/wp\/v2\/users\/3"}],"replies":[{"embeddable":true,"href":"https:\/\/catholicus.eu\/it\/wp-json\/wp\/v2\/comments?post=4726"}],"version-history":[{"count":1,"href":"https:\/\/catholicus.eu\/it\/wp-json\/wp\/v2\/posts\/4726\/revisions"}],"predecessor-version":[{"id":4728,"href":"https:\/\/catholicus.eu\/it\/wp-json\/wp\/v2\/posts\/4726\/revisions\/4728"}],"wp:featuredmedia":[{"embeddable":true,"href":"https:\/\/catholicus.eu\/it\/wp-json\/wp\/v2\/media\/4727"}],"wp:attachment":[{"href":"https:\/\/catholicus.eu\/it\/wp-json\/wp\/v2\/media?parent=4726"}],"wp:term":[{"taxonomy":"category","embeddable":true,"href":"https:\/\/catholicus.eu\/it\/wp-json\/wp\/v2\/categories?post=4726"},{"taxonomy":"post_tag","embeddable":true,"href":"https:\/\/catholicus.eu\/it\/wp-json\/wp\/v2\/tags?post=4726"}],"curies":[{"name":"wp","href":"https:\/\/api.w.org\/{rel}","templated":true}]}}