{"id":4723,"date":"2025-08-20T22:41:57","date_gmt":"2025-08-20T20:41:57","guid":{"rendered":"https:\/\/catholicus.eu\/it\/?p=4723"},"modified":"2025-08-20T22:41:57","modified_gmt":"2025-08-20T20:41:57","slug":"il-gloria-della-messa-un-canto-celeste-che-rivela-la-gloria-di-dio","status":"publish","type":"post","link":"https:\/\/catholicus.eu\/it\/il-gloria-della-messa-un-canto-celeste-che-rivela-la-gloria-di-dio\/","title":{"rendered":"Il Gloria della Messa: Un Canto Celeste che Rivela la Gloria di Dio"},"content":{"rendered":"\n<h2 class=\"wp-block-heading\">Introduzione: pi\u00f9 di un semplice canto<\/h2>\n\n\n\n<p>Ogni domenica, quando la Chiesa celebra la Santa Messa, dopo l\u2019atto penitenziale, si eleva un inno che sembra trasportarci gi\u00e0 nel cielo: <strong>il Gloria<\/strong>. Forse ci siamo abituati alle sue parole, forse lo recitiamo distrattamente, ma il Gloria non \u00e8 una preghiera qualsiasi. \u00c8 uno dei testi pi\u00f9 antichi e solenni della liturgia, un <strong>inno trinitario<\/strong> che ci mette in comunione con gli angeli che lodarono Dio la notte della nascita di Ges\u00f9 a Betlemme: <em>\u00abGloria a Dio nel pi\u00f9 alto dei cieli e pace in terra agli uomini che egli ama\u00bb<\/em> (Lc 2,14).<\/p>\n\n\n\n<p>Capire e pregare bene il Gloria non solo arricchisce la nostra partecipazione alla Messa, ma diventa anche una <strong>scuola di vita spirituale<\/strong>: ci insegna a lodare, a ringraziare e a vivere in pace.<\/p>\n\n\n\n<hr class=\"wp-block-separator has-alpha-channel-opacity\"\/>\n\n\n\n<h2 class=\"wp-block-heading\">1. Origini storiche del Gloria<\/h2>\n\n\n\n<p>Il Gloria, chiamato anche <em>\u201cinno angelico\u201d<\/em>, ha radici antichissime. In principio era una preghiera mattutina usata nei monasteri dell\u2019Oriente cristiano gi\u00e0 nel IV secolo. Da l\u00ec si diffuse a Roma, dove papa Simmaco (498-514) ne autorizz\u00f2 l\u2019uso, inizialmente solo nella Messa di Natale e celebrata dai vescovi. Pi\u00f9 tardi, si estese a tutte le domeniche e solennit\u00e0, diventando parte stabile dell\u2019<strong>Ordinario della Messa<\/strong>.<\/p>\n\n\n\n<p>La sua struttura ci ricorda i Salmi di lode: inizia con l\u2019esultanza celeste, poi enumera attributi divini, si rivolge al Figlio e infine allo Spirito Santo. \u00c8, in qualche modo, un piccolo <strong>credo cantato<\/strong>, ma non in forma di definizione dottrinale, bens\u00ec di adorazione.<\/p>\n\n\n\n<hr class=\"wp-block-separator has-alpha-channel-opacity\"\/>\n\n\n\n<h2 class=\"wp-block-heading\">2. Struttura e teologia del Gloria<\/h2>\n\n\n\n<p>Il Gloria non \u00e8 una semplice formula: \u00e8 un\u2019esplosione di gioia che segue il perdono ricevuto nell\u2019atto penitenziale. La logica liturgica \u00e8 chiara: riconosciamo i nostri peccati, imploriamo misericordia\u2026 e subito dopo siamo invitati a lodare Dio che ci ha salvato.<\/p>\n\n\n\n<p>I passaggi principali del Gloria sono:<\/p>\n\n\n\n<ol class=\"wp-block-list\">\n<li><strong>Gloria a Dio nell\u2019alto dei cieli e pace in terra<\/strong> \u2192 \u00e8 il canto degli angeli a Betlemme.<\/li>\n\n\n\n<li><strong>Ti lodiamo, ti benediciamo, ti adoriamo, ti glorifichiamo, ti rendiamo grazie<\/strong> \u2192 una cascata di verbi che esprimono adorazione e gratitudine.<\/li>\n\n\n\n<li><strong>Signore Dio, Re del cielo, Dio Padre onnipotente<\/strong> \u2192 rivolgiamo la lode al Padre.<\/li>\n\n\n\n<li><strong>Signore, Figlio unigenito, Ges\u00f9 Cristo<\/strong> \u2192 passiamo al Figlio, riconosciuto come l\u2019Agnello che toglie i peccati del mondo.<\/li>\n\n\n\n<li><strong>Tu che siedi alla destra del Padre, abbi piet\u00e0 di noi<\/strong> \u2192 imploriamo la misericordia di Cristo glorificato.<\/li>\n\n\n\n<li><strong>Perch\u00e9 tu solo il Santo, tu solo il Signore, tu solo l\u2019Altissimo<\/strong> \u2192 proclamazione cristologica che sfocia nella Trinit\u00e0.<\/li>\n\n\n\n<li><strong>Con lo Spirito Santo nella gloria di Dio Padre<\/strong> \u2192 culmine trinitario.<\/li>\n<\/ol>\n\n\n\n<hr class=\"wp-block-separator has-alpha-channel-opacity\"\/>\n\n\n\n<h2 class=\"wp-block-heading\">3. La profondit\u00e0 teologica del Gloria<\/h2>\n\n\n\n<p>Questo inno non \u00e8 solo una preghiera poetica: racchiude un\u2019intera <strong>teologia della salvezza<\/strong>.<\/p>\n\n\n\n<ul class=\"wp-block-list\">\n<li>\u00c8 <strong>trinitario<\/strong>: Padre, Figlio e Spirito Santo sono nominati e lodati.<\/li>\n\n\n\n<li>\u00c8 <strong>cristologico<\/strong>: Ges\u00f9 \u00e8 presentato come Signore, Figlio, Agnello e Altissimo.<\/li>\n\n\n\n<li>\u00c8 <strong>soteriologico<\/strong>: proclama la salvezza, poich\u00e9 Cristo toglie i peccati del mondo.<\/li>\n\n\n\n<li>\u00c8 <strong>escatologico<\/strong>: ci orienta verso la pace definitiva che solo Dio pu\u00f2 dare.<\/li>\n<\/ul>\n\n\n\n<p>San Paolo ci ricorda: <em>\u00abSia dunque che mangiate, sia che beviate, sia che facciate qualsiasi altra cosa, fate tutto per la gloria di Dio\u00bb<\/em> (1Cor 10,31). Questo inno \u00e8 la realizzazione liturgica di quel comando: un\u2019esistenza che diventa lode.<\/p>\n\n\n\n<hr class=\"wp-block-separator has-alpha-channel-opacity\"\/>\n\n\n\n<h2 class=\"wp-block-heading\">4. Come pregare il Gloria nella Messa<\/h2>\n\n\n\n<p>Molte volte lo recitiamo meccanicamente, ma il Gloria merita <strong>coscienza e fervore<\/strong>. Alcuni consigli pratici:<\/p>\n\n\n\n<ul class=\"wp-block-list\">\n<li><strong>Ascolta il ritmo del testo<\/strong>: \u00e8 un inno che cresce, quasi una sinfonia di verbi e titoli divini.<\/li>\n\n\n\n<li><strong>Unisciti agli angeli<\/strong>: immagina di cantare insieme a loro, come nella notte di Natale.<\/li>\n\n\n\n<li><strong>Fallo tuo<\/strong>: non ripetere soltanto parole, ma trasforma il Gloria in un atto personale di lode.<\/li>\n\n\n\n<li><strong>Collegalo alla tua vita<\/strong>: se durante la settimana sei caduto nel peccato, il Gloria ti ricorda che Dio \u00e8 pi\u00f9 grande delle tue cadute.<\/li>\n<\/ul>\n\n\n\n<hr class=\"wp-block-separator has-alpha-channel-opacity\"\/>\n\n\n\n<h2 class=\"wp-block-heading\">5. Applicazioni spirituali nella vita quotidiana<\/h2>\n\n\n\n<p>Il Gloria non deve rimanere chiuso dentro la chiesa: pu\u00f2 ispirare la nostra vita quotidiana.<\/p>\n\n\n\n<ul class=\"wp-block-list\">\n<li><strong>Alzati ogni mattina lodando<\/strong>: invece di iniziare il giorno con l\u2019ansia, d\u00ec: \u201cGloria a Dio nell\u2019alto dei cieli\u201d.<\/li>\n\n\n\n<li><strong>Cerca la pace<\/strong>: se il Gloria proclama pace agli uomini, allora vivi da costruttore di pace nelle tue relazioni.<\/li>\n\n\n\n<li><strong>Ringrazia<\/strong>: abituati a ringraziare Dio per le piccole cose; il Gloria \u00e8 una scuola di gratitudine.<\/li>\n\n\n\n<li><strong>Riconosci la Trinit\u00e0<\/strong>: fai spesso il segno della croce come atto di fede trinitaria.<\/li>\n<\/ul>\n\n\n\n<hr class=\"wp-block-separator has-alpha-channel-opacity\"\/>\n\n\n\n<h2 class=\"wp-block-heading\">6. Una guida pratica teologico-pastorale<\/h2>\n\n\n\n<p>Per rendere ancora pi\u00f9 concreta la forza del Gloria, ecco una piccola guida:<\/p>\n\n\n\n<ol class=\"wp-block-list\">\n<li><strong>Lettura orante<\/strong>: recita il Gloria lentamente a casa, meditando ogni frase.<\/li>\n\n\n\n<li><strong>Memorizzazione<\/strong>: impara il testo a memoria, in modo che diventi parte del tuo cuore.<\/li>\n\n\n\n<li><strong>Preghiera familiare<\/strong>: introduci il Gloria come preghiera della domenica in famiglia.<\/li>\n\n\n\n<li><strong>Atto di pace<\/strong>: riconcilia le tue relazioni personali prima di cantarlo: non puoi proclamare la pace se serbi rancore.<\/li>\n\n\n\n<li><strong>Silenzio adorante<\/strong>: dopo averlo recitato, resta un attimo in silenzio per lasciarti avvolgere dalla gloria di Dio.<\/li>\n<\/ol>\n\n\n\n<hr class=\"wp-block-separator has-alpha-channel-opacity\"\/>\n\n\n\n<h2 class=\"wp-block-heading\">Conclusione: il Gloria come anticipazione del cielo<\/h2>\n\n\n\n<p>Il Gloria non \u00e8 un dettaglio liturgico secondario. \u00c8 un <strong>anticipo della liturgia celeste<\/strong>, dove i redenti canteranno in eterno: <em>\u00abA colui che siede sul trono e all\u2019Agnello, la benedizione, l\u2019onore, la gloria e la potenza nei secoli dei secoli\u00bb<\/em> (Ap 5,13).<\/p>\n\n\n\n<p>Pregandolo con fede, la nostra vita si orienta verso il suo fine ultimo: <strong>la gloria di Dio e la pace degli uomini<\/strong>.<\/p>\n\n\n\n<p>Che ogni domenica, quando lo proclamiamo, il nostro cuore si unisca veramente al coro degli angeli e dei santi, e impariamo a vivere ogni giorno con la gioia di chi gi\u00e0 canta, in anticipo, il canto eterno.<\/p>\n\n\n\n<hr class=\"wp-block-separator has-alpha-channel-opacity\"\/>\n\n\n\n<p>\ud83d\ude4f <strong>\u201cGloria a Dio nell\u2019alto dei cieli e pace in terra agli uomini che egli ama.\u201d<\/strong><\/p>\n\n\n\n<p><\/p>\n","protected":false},"excerpt":{"rendered":"<p>Introduzione: pi\u00f9 di un semplice canto Ogni domenica, quando la Chiesa celebra la Santa Messa, dopo l\u2019atto penitenziale, si eleva un inno che sembra trasportarci gi\u00e0 nel cielo: il Gloria. Forse ci siamo abituati alle sue parole, forse lo recitiamo distrattamente, ma il Gloria non \u00e8 una preghiera qualsiasi. \u00c8 uno dei testi pi\u00f9 antichi &hellip;<\/p>\n","protected":false},"author":3,"featured_media":4724,"comment_status":"open","ping_status":"open","sticky":false,"template":"","format":"standard","meta":{"_seopress_robots_primary_cat":"","_seopress_titles_title":"","_seopress_titles_desc":"","_seopress_robots_index":"","footnotes":""},"categories":[59,40],"tags":[1768],"class_list":["post-4723","post","type-post","status-publish","format-standard","has-post-thumbnail","","category-eucaristia-e-adorazione","category-preghiera-e-spiritualita","tag-gloria"],"_links":{"self":[{"href":"https:\/\/catholicus.eu\/it\/wp-json\/wp\/v2\/posts\/4723","targetHints":{"allow":["GET"]}}],"collection":[{"href":"https:\/\/catholicus.eu\/it\/wp-json\/wp\/v2\/posts"}],"about":[{"href":"https:\/\/catholicus.eu\/it\/wp-json\/wp\/v2\/types\/post"}],"author":[{"embeddable":true,"href":"https:\/\/catholicus.eu\/it\/wp-json\/wp\/v2\/users\/3"}],"replies":[{"embeddable":true,"href":"https:\/\/catholicus.eu\/it\/wp-json\/wp\/v2\/comments?post=4723"}],"version-history":[{"count":1,"href":"https:\/\/catholicus.eu\/it\/wp-json\/wp\/v2\/posts\/4723\/revisions"}],"predecessor-version":[{"id":4725,"href":"https:\/\/catholicus.eu\/it\/wp-json\/wp\/v2\/posts\/4723\/revisions\/4725"}],"wp:featuredmedia":[{"embeddable":true,"href":"https:\/\/catholicus.eu\/it\/wp-json\/wp\/v2\/media\/4724"}],"wp:attachment":[{"href":"https:\/\/catholicus.eu\/it\/wp-json\/wp\/v2\/media?parent=4723"}],"wp:term":[{"taxonomy":"category","embeddable":true,"href":"https:\/\/catholicus.eu\/it\/wp-json\/wp\/v2\/categories?post=4723"},{"taxonomy":"post_tag","embeddable":true,"href":"https:\/\/catholicus.eu\/it\/wp-json\/wp\/v2\/tags?post=4723"}],"curies":[{"name":"wp","href":"https:\/\/api.w.org\/{rel}","templated":true}]}}