{"id":4688,"date":"2025-08-13T22:01:10","date_gmt":"2025-08-13T20:01:10","guid":{"rendered":"https:\/\/catholicus.eu\/it\/?p=4688"},"modified":"2025-08-13T22:01:10","modified_gmt":"2025-08-13T20:01:10","slug":"lassunzione-della-vergine-trionfo-dellamore-e-vittoria-della-speranza","status":"publish","type":"post","link":"https:\/\/catholicus.eu\/it\/lassunzione-della-vergine-trionfo-dellamore-e-vittoria-della-speranza\/","title":{"rendered":"L\u2019Assunzione della Vergine: Trionfo dell\u2019Amore e Vittoria della Speranza"},"content":{"rendered":"\n<p>Il <strong>15 agosto<\/strong> tutta la Chiesa si veste a festa per celebrare uno dei misteri pi\u00f9 luminosi della nostra fede: <strong>l\u2019Assunzione della Santissima Vergine Maria<\/strong>. In questa solennit\u00e0 proclamiamo con gioia che Maria, al termine della sua vita terrena, \u00e8 stata assunta in corpo e anima nella gloria del cielo. Questa verit\u00e0, che brilla come una gemma nella corona della fede cattolica, non \u00e8 solo un dogma astratto, ma una fonte viva di speranza per tutti noi.<\/p>\n\n\n\n<hr class=\"wp-block-separator has-alpha-channel-opacity\"\/>\n\n\n\n<h3 class=\"wp-block-heading\">1. <strong>Un dogma nato dalla fede viva della Chiesa<\/strong><\/h3>\n\n\n\n<p>La credenza nell\u2019Assunzione non \u00e8 un\u2019invenzione recente. Fin dai primi secoli, la tradizione cristiana ha venerato il transito di Maria come un mistero glorioso. Sebbene la Scrittura non narri esplicitamente il momento della sua Assunzione, troviamo nella Bibbia i semi di questa verit\u00e0. Il salmista proclama:<\/p>\n\n\n\n<blockquote class=\"wp-block-quote is-layout-flow wp-block-quote-is-layout-flow\">\n<p><em>\u00ab Alla tua destra la regina, ornata d\u2019oro di Ofir \u00bb<\/em> (Sal 45,10).<\/p>\n<\/blockquote>\n\n\n\n<p>L\u2019immagine della Regina accanto al trono del Re anticipa la glorificazione di Maria, inseparabile dalla vittoria di suo Figlio. Anche nell\u2019Apocalisse, Giovanni contempla <em>\u00ab una donna vestita di sole, con la luna sotto i suoi piedi e sul suo capo una corona di dodici stelle \u00bb<\/em> (Ap 12,1), simbolo che la tradizione ha riconosciuto come riferimento alla Madre gloriosa.<\/p>\n\n\n\n<p>Il <strong>1\u00ba novembre 1950<\/strong>, Papa Pio XII defin\u00ec solennemente il dogma nella costituzione apostolica <em>Munificentissimus Deus<\/em>:<\/p>\n\n\n\n<blockquote class=\"wp-block-quote is-layout-flow wp-block-quote-is-layout-flow\">\n<p><em>\u00ab L\u2019Immacolata Madre di Dio, la sempre Vergine Maria, terminato il corso della sua vita terrena, fu assunta alla gloria celeste in corpo e anima. \u00bb<\/em><\/p>\n<\/blockquote>\n\n\n\n<p>Con questo atto, il Papa non cre\u00f2 una nuova credenza, ma conferm\u00f2 con autorit\u00e0 ci\u00f2 che il popolo fedele aveva professato per secoli.<\/p>\n\n\n\n<hr class=\"wp-block-separator has-alpha-channel-opacity\"\/>\n\n\n\n<h3 class=\"wp-block-heading\">2. <strong>Rilevanza teologica: Maria, segno della nostra speranza<\/strong><\/h3>\n\n\n\n<p>L\u2019Assunzione non \u00e8 un privilegio isolato. Maria partecipa in modo unico alla vittoria di Cristo sul peccato e sulla morte. Come Madre del Redentore, preservata dal peccato originale fin dal momento della sua concezione, non poteva essere soggetta alla corruzione del sepolcro.<\/p>\n\n\n\n<p>Nell\u2019Assunzione si compie in Maria ci\u00f2 che tutti i cristiani attendono: <strong>la risurrezione e la glorificazione del nostro stesso corpo<\/strong>. San Paolo ci ricorda:<\/p>\n\n\n\n<blockquote class=\"wp-block-quote is-layout-flow wp-block-quote-is-layout-flow\">\n<p><em>\u00ab Quando questo corpo corruttibile si sar\u00e0 vestito di incorruttibilit\u00e0 e questo corpo mortale si sar\u00e0 vestito di immortalit\u00e0, allora si compir\u00e0 la parola che sta scritta: La morte \u00e8 stata inghiottita per la vittoria \u00bb<\/em> (1 Cor 15,54).<\/p>\n<\/blockquote>\n\n\n\n<p>Maria \u00e8 l\u2019anticipazione di questa promessa. In lei vediamo realizzato ci\u00f2 che attendiamo nell\u2019ultimo giorno.<\/p>\n\n\n\n<hr class=\"wp-block-separator has-alpha-channel-opacity\"\/>\n\n\n\n<h3 class=\"wp-block-heading\">3. <strong>Dimensione pastorale: Maria, modello di fede e di dono di s\u00e9<\/strong><\/h3>\n\n\n\n<p>L\u2019Assunzione non \u00e8 soltanto un mistero da ammirare; \u00e8 un\u2019<strong>invito a vivere come lei ha vissuto<\/strong>. Maria giunse alla gloria perch\u00e9 sulla terra rimase fedele a Dio in tutto:<\/p>\n\n\n\n<ul class=\"wp-block-list\">\n<li><strong>Ascolt\u00f2 la Parola<\/strong> e la custod\u00ec nel suo cuore.<\/li>\n\n\n\n<li><strong>Accett\u00f2 la volont\u00e0 di Dio<\/strong> anche nell\u2019oscurit\u00e0 della croce.<\/li>\n\n\n\n<li><strong>Visse per gli altri<\/strong>, dal suo servizio a Elisabetta fino alla sua cura degli apostoli a Pentecoste.<\/li>\n<\/ul>\n\n\n\n<p>In un mondo che esalta il successo immediato, il potere e il piacere, Maria ci ricorda che la vera vittoria si trova nell\u2019umilt\u00e0, nella purezza e nella fedelt\u00e0 a Dio.<\/p>\n\n\n\n<hr class=\"wp-block-separator has-alpha-channel-opacity\"\/>\n\n\n\n<h3 class=\"wp-block-heading\">4. <strong>Applicazioni pratiche per la vita quotidiana<\/strong><\/h3>\n\n\n\n<p>Celebrare l\u2019Assunzione non deve limitarsi ad assistere alla Messa del 15 agosto. Possiamo <strong>fare di questo mistero un faro per la nostra vita di ogni giorno<\/strong>:<\/p>\n\n\n\n<ol class=\"wp-block-list\">\n<li><strong>Vivere con lo sguardo rivolto al cielo<\/strong><br>La vita cristiana non si riduce al \u201csopravvivere\u201d sulla terra; abbiamo un destino eterno. Ogni giorno \u00e8 un\u2019occasione per preparare il nostro cuore alla gloria.<\/li>\n\n\n\n<li><strong>Custodire la purezza dell\u2019anima e del corpo<\/strong><br>Come Maria \u00e8 stata assunta tutta intera in cielo, anche noi siamo chiamati a onorare il corpo come tempio dello Spirito Santo.<\/li>\n\n\n\n<li><strong>Dire \u201cs\u00ec\u201d a Dio nelle cose piccole e in quelle grandi<\/strong><br>La gloria di Maria \u00e8 frutto della sua docilit\u00e0. Ogni atto di obbedienza e ogni rinuncia per amore di Dio sono semi di eternit\u00e0.<\/li>\n\n\n\n<li><strong>Ricorrere a Maria come Madre e Regina<\/strong><br>Non \u00e8 lontana da noi perch\u00e9 \u00e8 in cielo; al contrario, da l\u00ec intercede senza sosta per i suoi figli.<\/li>\n<\/ol>\n\n\n\n<hr class=\"wp-block-separator has-alpha-channel-opacity\"\/>\n\n\n\n<h3 class=\"wp-block-heading\">5. <strong>L\u2019Assunzione e il mondo di oggi<\/strong><\/h3>\n\n\n\n<p>In tempi segnati dal materialismo e dalla mancanza di speranza, l\u2019Assunzione \u00e8 un <strong>messaggio controcorrente<\/strong>: la vita non finisce nella tomba. La morte non ha l\u2019ultima parola. Il corpo umano non \u00e8 un oggetto usa e getta, ma parte della nostra identit\u00e0 eterna.<\/p>\n\n\n\n<p>In Maria vediamo che la fede vale la pena, che Dio mantiene le sue promesse e che l\u2019amore vince sul peccato e sulla morte. La sua Assunzione \u00e8 come un <strong>raggio di luce<\/strong> che attraversa la nebbia del nostro tempo e ci ricorda che il cielo \u00e8 reale, e che l\u00ec ci attende una Madre.<\/p>\n\n\n\n<hr class=\"wp-block-separator has-alpha-channel-opacity\"\/>\n\n\n\n<h3 class=\"wp-block-heading\">6. <strong>Conclusione: vivere come chi sa dove sta andando<\/strong><\/h3>\n\n\n\n<p>Il 15 agosto non \u00e8 solo un giorno per guardare verso l\u2019alto e ammirare la gloria di Maria. \u00c8 un giorno per guardare dentro di noi e chiederci: <em>Sto vivendo come qualcuno che \u00e8 in cammino verso la casa del Padre?<\/em><\/p>\n\n\n\n<p>L\u2019Assunzione ci invita a vivere con <strong>una speranza attiva<\/strong>. Speranza che prega, che ama, che si sacrifica. Speranza che non si rassegna di fronte all\u2019ingiustizia n\u00e9 si paralizza davanti alla prova. Perch\u00e9 se Maria \u00e8 in cielo, anche noi, uniti a Cristo, potremo essere l\u00ec.<\/p>\n\n\n\n<p>Che ogni 15 agosto sia un <strong>rinnovare il nostro impegno<\/strong> a seguire Cristo con la stessa fede e lo stesso dono di s\u00e9 con cui lo segu\u00ec sua Madre. E che, quando arriver\u00e0 la nostra ora, possiamo ascoltare Colui che ha esaltato Maria dirci:<\/p>\n\n\n\n<blockquote class=\"wp-block-quote is-layout-flow wp-block-quote-is-layout-flow\">\n<p><em>\u00ab Bene, servo buono e fedele\u2026 entra nella gioia del tuo Signore \u00bb<\/em> (Mt 25,23).<\/p>\n<\/blockquote>\n","protected":false},"excerpt":{"rendered":"<p>Il 15 agosto tutta la Chiesa si veste a festa per celebrare uno dei misteri pi\u00f9 luminosi della nostra fede: l\u2019Assunzione della Santissima Vergine Maria. In questa solennit\u00e0 proclamiamo con gioia che Maria, al termine della sua vita terrena, \u00e8 stata assunta in corpo e anima nella gloria del cielo. Questa verit\u00e0, che brilla come &hellip;<\/p>\n","protected":false},"author":3,"featured_media":4689,"comment_status":"open","ping_status":"open","sticky":false,"template":"","format":"standard","meta":{"_seopress_robots_primary_cat":"","_seopress_titles_title":"","_seopress_titles_desc":"","_seopress_robots_index":"","footnotes":""},"categories":[60,40],"tags":[1762],"class_list":["post-4688","post","type-post","status-publish","format-standard","has-post-thumbnail","","category-devozioni-mariane","category-preghiera-e-spiritualita","tag-assunzione-della-santissima-vergine-maria"],"_links":{"self":[{"href":"https:\/\/catholicus.eu\/it\/wp-json\/wp\/v2\/posts\/4688","targetHints":{"allow":["GET"]}}],"collection":[{"href":"https:\/\/catholicus.eu\/it\/wp-json\/wp\/v2\/posts"}],"about":[{"href":"https:\/\/catholicus.eu\/it\/wp-json\/wp\/v2\/types\/post"}],"author":[{"embeddable":true,"href":"https:\/\/catholicus.eu\/it\/wp-json\/wp\/v2\/users\/3"}],"replies":[{"embeddable":true,"href":"https:\/\/catholicus.eu\/it\/wp-json\/wp\/v2\/comments?post=4688"}],"version-history":[{"count":1,"href":"https:\/\/catholicus.eu\/it\/wp-json\/wp\/v2\/posts\/4688\/revisions"}],"predecessor-version":[{"id":4690,"href":"https:\/\/catholicus.eu\/it\/wp-json\/wp\/v2\/posts\/4688\/revisions\/4690"}],"wp:featuredmedia":[{"embeddable":true,"href":"https:\/\/catholicus.eu\/it\/wp-json\/wp\/v2\/media\/4689"}],"wp:attachment":[{"href":"https:\/\/catholicus.eu\/it\/wp-json\/wp\/v2\/media?parent=4688"}],"wp:term":[{"taxonomy":"category","embeddable":true,"href":"https:\/\/catholicus.eu\/it\/wp-json\/wp\/v2\/categories?post=4688"},{"taxonomy":"post_tag","embeddable":true,"href":"https:\/\/catholicus.eu\/it\/wp-json\/wp\/v2\/tags?post=4688"}],"curies":[{"name":"wp","href":"https:\/\/api.w.org\/{rel}","templated":true}]}}