{"id":4626,"date":"2025-07-28T23:42:45","date_gmt":"2025-07-28T21:42:45","guid":{"rendered":"https:\/\/catholicus.eu\/it\/?p=4626"},"modified":"2025-07-28T23:42:46","modified_gmt":"2025-07-28T21:42:46","slug":"rituale-dimenticato-il-significato-della-lettera-tau-%cf%84-che-il-sacerdote-traccia-con-lacqua-benedetta","status":"publish","type":"post","link":"https:\/\/catholicus.eu\/it\/rituale-dimenticato-il-significato-della-lettera-tau-%cf%84-che-il-sacerdote-traccia-con-lacqua-benedetta\/","title":{"rendered":"Rituale dimenticato: Il significato della &#8220;lettera tau&#8221; (\u03c4) che il sacerdote traccia con l&#8217;acqua benedetta"},"content":{"rendered":"\n<p class=\"wp-block-paragraph\"><em>Un simbolo escatologico di protezione e appartenenza ai redenti<\/em><\/p>\n\n\n\n<hr class=\"wp-block-separator has-alpha-channel-opacity\"\/>\n\n\n\n<h3 class=\"wp-block-heading\">Introduzione: La forza dei segni nella vita cristiana<\/h3>\n\n\n\n<p class=\"wp-block-paragraph\">Nella tradizione cattolica, i segni e i simboli non sono semplici ornamenti rituali o formule vuote. Sono espressioni vive del mistero divino \u2014 realt\u00e0 visibili che ci comunicano l\u2019invisibile. Tra questi segni, ve n\u2019\u00e8 uno caduto nell\u2019oblio per molti fedeli, sebbene nella sua discrezione racchiuda una profonda forza spirituale: <strong>la lettera tau (\u03c4)<\/strong> che il sacerdote, spesso quasi impercettibilmente, traccia con l\u2019acqua benedetta sulle porte, sui fedeli o sugli oggetti sacri.<\/p>\n\n\n\n<p class=\"wp-block-paragraph\">Che cosa significa questo gesto? Da dove proviene? Perch\u00e9 \u00e8 importante riscoprirlo oggi, in un mondo segnato dal relativismo e dalla confusione spirituale? Questo articolo desidera portarti nel cuore di questo antico segno, la cui teologia affonda le radici nella Scrittura, nella storia della Chiesa e nella speranza escatologica del popolo redento.<\/p>\n\n\n\n<hr class=\"wp-block-separator has-alpha-channel-opacity\"\/>\n\n\n\n<h3 class=\"wp-block-heading\">1. Origine biblica del segno del tau: il sigillo degli eletti<\/h3>\n\n\n\n<p class=\"wp-block-paragraph\">La prima e pi\u00f9 potente menzione del <strong>segno tau (\u03a4)<\/strong> si trova nell\u2019<strong>Antico Testamento<\/strong>, nel libro del profeta <strong>Ezechiele<\/strong>:<\/p>\n\n\n\n<blockquote class=\"wp-block-quote is-layout-flow wp-block-quote-is-layout-flow\">\n<p class=\"wp-block-paragraph\">\u201cIl Signore gli disse: <em>Passa in mezzo alla citt\u00e0, in mezzo a Gerusalemme, e segna un tau sulla fronte degli uomini che gemono e piangono per tutte le abominazioni che vi si compiono.<\/em>\u201d (Ez 9,4)<\/p>\n<\/blockquote>\n\n\n\n<p class=\"wp-block-paragraph\">Nel testo ebraico originale, il \u201csegno\u201d di cui si parla \u00e8 proprio la lettera <strong>\u201ctav\u201d (\u05ea)<\/strong>, che nella forma paleo-ebraica aveva l\u2019aspetto di una croce o di una \u201cX\u201d. Questa lettera, che in greco corrisponde alla <strong>tau (\u03a4)<\/strong>, era utilizzata come <strong>segno di protezione divina<\/strong>: coloro che portavano questo segno venivano <strong>risparmiati dal castigo<\/strong> che stava per abbattersi sulla citt\u00e0 a causa dei suoi peccati.<\/p>\n\n\n\n<p class=\"wp-block-paragraph\">Questo passo fu interpretato molto presto dai Padri della Chiesa come <strong>annuncio profetico del segno della croce<\/strong>, che sarebbe poi divenuto il simbolo centrale della redenzione cristiana.<\/p>\n\n\n\n<hr class=\"wp-block-separator has-alpha-channel-opacity\"\/>\n\n\n\n<h3 class=\"wp-block-heading\">2. La tau come simbolo cristiano primitivo<\/h3>\n\n\n\n<p class=\"wp-block-paragraph\">Nei primi secoli del cristianesimo, la lettera tau divenne un segno di identit\u00e0 cristiana. Era una forma abbreviata di professare la fede nel Crocifisso senza usare parole. I cristiani la disegnavano nelle catacombe, sui loro oggetti, sui muri e persino su s\u00e9 stessi.<\/p>\n\n\n\n<p class=\"wp-block-paragraph\"><strong>San Girolamo<\/strong> scrisse:<\/p>\n\n\n\n<blockquote class=\"wp-block-quote is-layout-flow wp-block-quote-is-layout-flow\">\n<p class=\"wp-block-paragraph\">\u201cL\u2019ultima lettera dell\u2019alfabeto ebraico \u00e8 il tau, che ha la forma di una croce, e che fu posto sulla fronte degli uomini che gemevano e piangevano.\u201d<br>(<em>Commento a Ezechiele, 9,4<\/em>)<\/p>\n<\/blockquote>\n\n\n\n<p class=\"wp-block-paragraph\">Anche <strong>Tertulliano<\/strong>, alla fine del II secolo, afferma che i cristiani \u201cci segniamo la fronte con il segno della croce\u201d (<em>De Corona<\/em>, 3). Sebbene non menzioni esplicitamente la tau, il gesto \u00e8 strettamente connesso: <strong>la tau era gi\u00e0 considerata il prototipo della croce<\/strong>.<\/p>\n\n\n\n<p class=\"wp-block-paragraph\">Cos\u00ec, la tau, nella sua forma pi\u00f9 arcaica, <strong>divenne il segno dei redenti<\/strong>, di coloro che sono stati salvati dal sangue dell\u2019Agnello e camminano con speranza verso la vita eterna.<\/p>\n\n\n\n<hr class=\"wp-block-separator has-alpha-channel-opacity\"\/>\n\n\n\n<h3 class=\"wp-block-heading\">3. San Francesco d\u2019Assisi e la spiritualit\u00e0 del tau<\/h3>\n\n\n\n<p class=\"wp-block-paragraph\">Uno dei grandi promotori del simbolo del tau fu <strong>San Francesco d\u2019Assisi<\/strong>, che lo adott\u00f2 come sigillo spirituale personale. Lo scriveva nelle sue lettere, lo dipingeva sui muri delle celle, e lo firmava persino nei documenti ufficiali.<\/p>\n\n\n\n<p class=\"wp-block-paragraph\">Per Francesco, la tau non era solo una lettera o un ornamento: era <strong>un segno di conversione, povert\u00e0, umilt\u00e0 e obbedienza al Vangelo<\/strong>. Rappresentava la croce che ogni cristiano deve portare e, allo stesso tempo, la protezione divina che accompagna coloro che vivono secondo lo Spirito.<\/p>\n\n\n\n<p class=\"wp-block-paragraph\"><strong>Papa Innocenzo III<\/strong>, contemporaneo di Francesco, utilizz\u00f2 la tau in un discorso durante il <strong>IV Concilio Lateranense<\/strong> (1215), invitando i cristiani a \u201cmarcarsi con la tau\u201d mediante una vita di santit\u00e0. Questo impression\u00f2 profondamente il Poverello, che da allora lo adott\u00f2 come <strong>sigillo di appartenenza a Cristo crocifisso<\/strong>.<\/p>\n\n\n\n<hr class=\"wp-block-separator has-alpha-channel-opacity\"\/>\n\n\n\n<h3 class=\"wp-block-heading\">4. Il gesto del sacerdote: tracciare la tau con l\u2019acqua benedetta<\/h3>\n\n\n\n<p class=\"wp-block-paragraph\">Quando un sacerdote benedice con l\u2019acqua benedetta \u2014 che si tratti dei fedeli, di una casa o di un oggetto liturgico \u2014 <strong>spesso traccia una croce nell\u2019aria<\/strong>, ma in alcuni casi specifici (come anticamente nella consacrazione degli altari o delle porte delle chiese) <strong>traccia una tau<\/strong>, una croce priva della parte superiore, semplice e silenziosa, ma profondamente simbolica.<\/p>\n\n\n\n<p class=\"wp-block-paragraph\">Questo gesto ci ricorda che <strong>siamo segnati dalla benedizione di Dio<\/strong>, che <strong>siamo stati sigillati dallo Spirito Santo<\/strong> e che, come nel passo di Ezechiele, Dio <strong>distingue e protegge<\/strong> coloro che gridano per la giustizia e vivono nella fedelt\u00e0.<\/p>\n\n\n\n<p class=\"wp-block-paragraph\">Questo tracciamento invisibile con l\u2019acqua benedetta \u00e8 un <strong>rito di appartenenza<\/strong>, un rinnovamento del Battesimo, un\u2019attualizzazione del sigillo escatologico che ci ricorda che <strong>apparteniamo a Cristo<\/strong>.<\/p>\n\n\n\n<hr class=\"wp-block-separator has-alpha-channel-opacity\"\/>\n\n\n\n<h3 class=\"wp-block-heading\">5. Significato teologico ed escatologico della tau<\/h3>\n\n\n\n<h4 class=\"wp-block-heading\">a) Sigillo dei redenti<\/h4>\n\n\n\n<p class=\"wp-block-paragraph\">L\u2019Apocalisse riprende il tema del \u201csigillo sulla fronte\u201d:<\/p>\n\n\n\n<blockquote class=\"wp-block-quote is-layout-flow wp-block-quote-is-layout-flow\">\n<p class=\"wp-block-paragraph\">\u201cNon danneggiate la terra, n\u00e9 il mare n\u00e9 le piante, finch\u00e9 non avremo segnato sulla fronte i servi del nostro Dio.\u201d (Ap 7,3)<\/p>\n<\/blockquote>\n\n\n\n<p class=\"wp-block-paragraph\">La tau, come croce e simbolo di consacrazione, \u00e8 un\u2019anticipazione di quel sigillo invisibile che portano i santi. Nell\u2019escatologia cristiana, <strong>il sigillo distingue il popolo di Dio<\/strong> in mezzo al caos del mondo e lo protegge nella grande tribolazione.<\/p>\n\n\n\n<h4 class=\"wp-block-heading\">b) Protezione spirituale<\/h4>\n\n\n\n<p class=\"wp-block-paragraph\">In un\u2019epoca di confusione dottrinale, di lotte spirituali e di un mondo secolarizzato, <strong>il segno della tau riappare come scudo<\/strong>. Non uno scudo magico o superstizioso, ma <strong>una chiamata a vivere segnati dalla fede<\/strong>, consapevoli che Dio riconosce i suoi \u2014 coloro che portano la croce non solo sulla fronte, ma anche nell\u2019anima e nelle opere.<\/p>\n\n\n\n<h4 class=\"wp-block-heading\">c) Chiamata alla conversione<\/h4>\n\n\n\n<p class=\"wp-block-paragraph\">Il tracciamento della tau con l\u2019acqua benedetta non \u00e8 solo un gesto di protezione, ma <strong>un invito alla conversione quotidiana<\/strong>. \u00c8 un richiamo a vivere da \u201csegnati\u201d dall\u2019umilt\u00e0, dalla povert\u00e0 di spirito, dall\u2019amore per la verit\u00e0 e dalla fedelt\u00e0 alla Croce.<\/p>\n\n\n\n<hr class=\"wp-block-separator has-alpha-channel-opacity\"\/>\n\n\n\n<h3 class=\"wp-block-heading\">6. Applicazioni pratiche per la vita del fedele<\/h3>\n\n\n\n<p class=\"wp-block-paragraph\"><strong>Cosa pu\u00f2 fare un cristiano oggi con questa conoscenza?<\/strong><\/p>\n\n\n\n<ol class=\"wp-block-list\">\n<li><strong>Riscoprire i segni sacramentali.<\/strong> Valorizzare l\u2019acqua benedetta, usarla con fede entrando in casa, iniziando la giornata, proteggendo i figli. Non come amuleto, ma come segno di appartenenza a Cristo.<\/li>\n\n\n\n<li><strong>Tracciare la tau su s\u00e9 stessi.<\/strong> Quando preghi, fai il segno della croce sulla fronte in forma di tau, con intenzione, sapendo che stai reclamando la tua identit\u00e0 di redento.<\/li>\n\n\n\n<li><strong>Vivere da segnato.<\/strong> Fa\u2019 che la tua vita rifletta quel sigillo: sii coerente nella fede, rifiuta il peccato, lotta per la verit\u00e0, e sii luce nel buio.<\/li>\n\n\n\n<li><strong>Educare ai simboli cristiani.<\/strong> Insegna ai tuoi figli, nipoti o catecumeni il valore dei gesti liturgici e come il cristianesimo non sia solo idee, ma <strong>incarnazione del mistero nella quotidianit\u00e0<\/strong>.<\/li>\n\n\n\n<li><strong>Chiedere al sacerdote questa benedizione.<\/strong> In occasioni speciali (inizio dell\u2019anno scolastico, benedizione della casa, ritiro spirituale), chiedi al tuo parroco di tracciare su di te o sulla tua famiglia il segno della tau con l\u2019acqua benedetta, come gesto di consacrazione.<\/li>\n<\/ol>\n\n\n\n<hr class=\"wp-block-separator has-alpha-channel-opacity\"\/>\n\n\n\n<h3 class=\"wp-block-heading\">Conclusione: il ritorno di un segno potente<\/h3>\n\n\n\n<p class=\"wp-block-paragraph\">Viviamo tempi che ci spingono a dimenticare le nostre radici, ad abbandonare i segni sacri e a banalizzare ci\u00f2 che \u00e8 santo. Ma <strong>Dio non dimentica i suoi<\/strong>, e il suo sigillo rimane su coloro che, come ai tempi di Ezechiele, piangono e gemono per il peccato del mondo, e si aggrappano al Vangelo.<\/p>\n\n\n\n<p class=\"wp-block-paragraph\">La tau \u00e8 pi\u00f9 di una lettera: \u00e8 <strong>il segno dei redenti<\/strong>, lo scudo di chi crede, il marchio di coloro che camminano verso la Gerusalemme celeste. Recuperarla nella nostra vita spirituale non \u00e8 nostalgia: \u00e8 <strong>speranza attiva<\/strong>, \u00e8 vivere da segnati dalla croce, sigillati dall\u2019amore e consacrati all\u2019Agnello.<\/p>\n\n\n\n<blockquote class=\"wp-block-quote is-layout-flow wp-block-quote-is-layout-flow\">\n<p class=\"wp-block-paragraph\">\u201cD\u2019ora innanzi nessuno mi procuri fastidi: io porto le stigmate di Ges\u00f9 sul mio corpo.\u201d (Gal 6,17)<\/p>\n<\/blockquote>\n\n\n\n<p class=\"wp-block-paragraph\">Quando vedi quella piccola croce, quel segno antico e potente, <strong>ricorda chi sei<\/strong> e a Chi appartieni.<\/p>\n","protected":false},"excerpt":{"rendered":"<p>Un simbolo escatologico di protezione e appartenenza ai redenti Introduzione: La forza dei segni nella vita cristiana Nella tradizione cattolica, i segni e i simboli non sono semplici ornamenti rituali o formule vuote. Sono espressioni vive del mistero divino \u2014 realt\u00e0 visibili che ci comunicano l\u2019invisibile. Tra questi segni, ve n\u2019\u00e8 uno caduto nell\u2019oblio per &hellip;<\/p>\n","protected":false},"author":3,"featured_media":4627,"comment_status":"open","ping_status":"open","sticky":false,"template":"","format":"standard","meta":{"_seopress_titles_title":"","_seopress_titles_desc":"","_seopress_robots_index":"","_seopress_robots_follow":"","_seopress_robots_imageindex":"","_seopress_robots_snippet":"","_seopress_robots_primary_cat":"","_seopress_robots_breadcrumbs":"","_seopress_robots_freeze_modified_date":"","_seopress_robots_custom_modified_date":"","_seopress_robots_canonical":"","_seopress_social_fb_title":"","_seopress_social_fb_desc":"","_seopress_social_fb_img":"","_seopress_social_fb_img_attachment_id":0,"_seopress_social_fb_img_width":0,"_seopress_social_fb_img_height":0,"_seopress_social_twitter_title":"","_seopress_social_twitter_desc":"","_seopress_social_twitter_img":"","_seopress_social_twitter_img_attachment_id":0,"_seopress_social_twitter_img_width":0,"_seopress_social_twitter_img_height":0,"_seopress_redirections_value":"","_seopress_redirections_enabled":"","_seopress_redirections_enabled_regex":"","_seopress_redirections_logged_status":"","_seopress_redirections_param":"","_seopress_redirections_type":0,"_seopress_analysis_target_kw":"","footnotes":""},"categories":[40,62],"tags":[1739,1740],"class_list":["post-4626","post","type-post","status-publish","format-standard","has-post-thumbnail","","category-preghiera-e-spiritualita","category-sacramentali-e-pellegrinaggi","tag-tau","tag-1740"],"_links":{"self":[{"href":"https:\/\/catholicus.eu\/it\/wp-json\/wp\/v2\/posts\/4626","targetHints":{"allow":["GET"]}}],"collection":[{"href":"https:\/\/catholicus.eu\/it\/wp-json\/wp\/v2\/posts"}],"about":[{"href":"https:\/\/catholicus.eu\/it\/wp-json\/wp\/v2\/types\/post"}],"author":[{"embeddable":true,"href":"https:\/\/catholicus.eu\/it\/wp-json\/wp\/v2\/users\/3"}],"replies":[{"embeddable":true,"href":"https:\/\/catholicus.eu\/it\/wp-json\/wp\/v2\/comments?post=4626"}],"version-history":[{"count":1,"href":"https:\/\/catholicus.eu\/it\/wp-json\/wp\/v2\/posts\/4626\/revisions"}],"predecessor-version":[{"id":4628,"href":"https:\/\/catholicus.eu\/it\/wp-json\/wp\/v2\/posts\/4626\/revisions\/4628"}],"wp:featuredmedia":[{"embeddable":true,"href":"https:\/\/catholicus.eu\/it\/wp-json\/wp\/v2\/media\/4627"}],"wp:attachment":[{"href":"https:\/\/catholicus.eu\/it\/wp-json\/wp\/v2\/media?parent=4626"}],"wp:term":[{"taxonomy":"category","embeddable":true,"href":"https:\/\/catholicus.eu\/it\/wp-json\/wp\/v2\/categories?post=4626"},{"taxonomy":"post_tag","embeddable":true,"href":"https:\/\/catholicus.eu\/it\/wp-json\/wp\/v2\/tags?post=4626"}],"curies":[{"name":"wp","href":"https:\/\/api.w.org\/{rel}","templated":true}]}}