{"id":4520,"date":"2025-07-16T16:48:25","date_gmt":"2025-07-16T14:48:25","guid":{"rendered":"https:\/\/catholicus.eu\/it\/?p=4520"},"modified":"2025-07-16T16:48:26","modified_gmt":"2025-07-16T14:48:26","slug":"combattere-la-secolarizzazione-strategie-per-una-catechesi-controculturale","status":"publish","type":"post","link":"https:\/\/catholicus.eu\/it\/combattere-la-secolarizzazione-strategie-per-una-catechesi-controculturale\/","title":{"rendered":"Combattere la secolarizzazione: Strategie per una catechesi controculturale"},"content":{"rendered":"\n<h3 class=\"wp-block-heading\">Introduzione: Il campo di battaglia della fede<\/h3>\n\n\n\n<p class=\"wp-block-paragraph\">La secolarizzazione avanza come una marea silenziosa che penetra le coscienze, le famiglie e le istituzioni. Non viviamo pi\u00f9 in una \u201csociet\u00e0 cristiana\u201d, per quanto alcuni desiderino ancora crederlo. Quello che un tempo era cristianesimo culturale si \u00e8 dissolto nel giro di pochi decenni. Le chiese si svuotano, i sacramenti vengono abbandonati, la morale cattolica \u00e8 derisa, e le nuove generazioni crescono senza Dio.<\/p>\n\n\n\n<p class=\"wp-block-paragraph\">Di fronte a questo scenario oscuro, non basta lamentarsi o sperare in tempi migliori. Come Chiesa e come battezzati, siamo chiamati a <strong>combattere la secolarizzazione con una catechesi controculturale<\/strong>, audace, profonda, viva, fedele alla Tradizione e completamente centrata su Cristo. Questo articolo \u00e8 una guida teologica e pastorale per edificare quel baluardo spirituale di cui il mondo ha urgentemente bisogno.<\/p>\n\n\n\n<hr class=\"wp-block-separator has-alpha-channel-opacity\"\/>\n\n\n\n<h2 class=\"wp-block-heading\">1. <strong>Cos\u2019\u00e8 la secolarizzazione e perch\u00e9 \u00e8 pericolosa?<\/strong><\/h2>\n\n\n\n<p class=\"wp-block-paragraph\">La secolarizzazione non \u00e8 semplicemente una perdita di religiosit\u00e0. \u00c8 <strong>l\u2019esclusione progressiva di Dio dalla vita pubblica, culturale, intellettuale e infine personale<\/strong>. \u00c8 l\u2019idea che si possa organizzare la societ\u00e0 senza alcun riferimento al Creatore, senza una morale oggettiva n\u00e9 una verit\u00e0 rivelata. \u00c8, in definitiva, il trionfo dell\u2019autosufficienza umana sull\u2019umilt\u00e0 della fede.<\/p>\n\n\n\n<p class=\"wp-block-paragraph\">Dal Concilio Vaticano II \u2014 e in particolare dopo la rivoluzione culturale del 1968 \u2014 questa tendenza si \u00e8 intensificata. Benedetto XVI lo ha denunciato chiaramente: viviamo sotto una <strong>dittatura del relativismo<\/strong>, in cui tutte le credenze sono considerate valide, tranne quella che afferma di essere vera.<\/p>\n\n\n\n<p class=\"wp-block-paragraph\">Il problema di fondo non \u00e8 sociologico, ma <strong>teologico e spirituale<\/strong>: quando Dio viene escluso, l\u2019uomo finisce per autodistruggersi.<\/p>\n\n\n\n<hr class=\"wp-block-separator has-alpha-channel-opacity\"\/>\n\n\n\n<h2 class=\"wp-block-heading\">2. <strong>Catechesi controculturale: tornare al fuoco del Vangelo<\/strong><\/h2>\n\n\n\n<p class=\"wp-block-paragraph\">In un contesto ostile, la catechesi non pu\u00f2 essere una mera formazione dottrinale superficiale. Deve essere <strong>una vera iniziazione alla vita cristiana<\/strong>, una scuola di santit\u00e0, un\u2019armeria per il combattimento spirituale, una semina di fuoco. La catechesi controculturale \u00e8 radicale, non per ideologia, ma per fedelt\u00e0 al Vangelo.<\/p>\n\n\n\n<p class=\"wp-block-paragraph\">Come dice san Paolo:<\/p>\n\n\n\n<blockquote class=\"wp-block-quote is-layout-flow wp-block-quote-is-layout-flow\">\n<p class=\"wp-block-paragraph\"><em>\u00abNon conformatevi alla mentalit\u00e0 di questo secolo, ma trasformatevi rinnovando la vostra mente, per poter discernere la volont\u00e0 di Dio, ci\u00f2 che \u00e8 buono, a lui gradito e perfetto.\u00bb<\/em> (Romani 12,2)<\/p>\n<\/blockquote>\n\n\n\n<p class=\"wp-block-paragraph\">La catechesi deve insegnare a <strong>pensare come Cristo, vivere come Cristo, soffrire con Cristo e sperare con Cristo<\/strong>. Non forma cittadini del mondo, ma figli di Dio. Non produce consumatori religiosi, ma potenziali martiri.<\/p>\n\n\n\n<hr class=\"wp-block-separator has-alpha-channel-opacity\"\/>\n\n\n\n<h2 class=\"wp-block-heading\">3. <strong>Fondamenti teologici per una catechesi militante<\/strong><\/h2>\n\n\n\n<p class=\"wp-block-paragraph\">Una catechesi controculturale si basa su <strong>tre pilastri teologici fondamentali<\/strong>:<\/p>\n\n\n\n<h3 class=\"wp-block-heading\">a) <strong>Cristocentrismo assoluto<\/strong><\/h3>\n\n\n\n<p class=\"wp-block-paragraph\">Ges\u00f9 Cristo non \u00e8 solo un modello etico. \u00c8 <strong>l\u2019unico Salvatore, l\u2019Alfa e l\u2019Omega, il Signore del tempo e della storia<\/strong>. Ogni catechesi deve partire dalla persona di Cristo \u2014 la sua vita, la sua Croce, la sua Risurrezione e il suo regno glorioso.<\/p>\n\n\n\n<p class=\"wp-block-paragraph\">L\u2019insegnamento non pu\u00f2 ridursi a valori umani. Deve presentare Cristo come l\u2019unico Redentore:<br><strong>\u00abNessuno pu\u00f2 porre un fondamento diverso da quello gi\u00e0 posto, che \u00e8 Ges\u00f9 Cristo.\u00bb<\/strong> (1 Corinzi 3,11)<\/p>\n\n\n\n<h3 class=\"wp-block-heading\">b) <strong>Fedelt\u00e0 dottrinale senza compromessi<\/strong><\/h3>\n\n\n\n<p class=\"wp-block-paragraph\">Il deposito della fede non \u00e8 negoziabile. Il catechista non \u00e8 un creativo, ma un <strong>fedele trasmettitore della Rivelazione<\/strong>, che insegna in comunione con il Magistero e la Tradizione. La confusione dottrinale \u00e8 combustibile per la secolarizzazione.<\/p>\n\n\n\n<p class=\"wp-block-paragraph\">Come ammoniva san Pio X in <em>Pascendi<\/em>, il modernismo dissolve la fede dall\u2019interno. <strong>L\u2019unica risposta \u00e8 la chiarezza, la coerenza e il coraggio teologico<\/strong>.<\/p>\n\n\n\n<h3 class=\"wp-block-heading\">c) <strong>Ecclesialit\u00e0 e sacramentalit\u00e0<\/strong><\/h3>\n\n\n\n<p class=\"wp-block-paragraph\">La fede non \u00e8 privata n\u00e9 individualista. Si vive <strong>in comunione con la Chiesa<\/strong>, Corpo di Cristo, e si nutre dei sacramenti. Una catechesi controculturale deve radicare profondamente il catecumeno nella <strong>liturgia, nella preghiera, nella penitenza e nella carit\u00e0 attiva<\/strong>.<\/p>\n\n\n\n<hr class=\"wp-block-separator has-alpha-channel-opacity\"\/>\n\n\n\n<h2 class=\"wp-block-heading\">4. <strong>Strategie pratiche per una catechesi controculturale<\/strong><\/h2>\n\n\n\n<h3 class=\"wp-block-heading\">1. <strong>Catechisti formati e oranti<\/strong><\/h3>\n\n\n\n<p class=\"wp-block-paragraph\">La catechesi comincia con il catechista. La buona volont\u00e0 non basta. Serve <strong>una solida formazione teologica, una vita sacramentale intensa e una preghiera costante<\/strong>. Il catechista non informa, <strong>trasmette la vita<\/strong>. Solo chi vive nella grazia pu\u00f2 formare anime per l\u2019eternit\u00e0.<\/p>\n\n\n\n<h3 class=\"wp-block-heading\">2. <strong>Evangellizzare il linguaggio: parlare chiaro, con autorit\u00e0 e bellezza<\/strong><\/h3>\n\n\n\n<p class=\"wp-block-paragraph\">Non si tratta di \u201cadattarsi al linguaggio del mondo\u201d, ma di <strong>recuperare il linguaggio della Chiesa<\/strong>, rendendolo comprensibile senza sminuirne la forza. Le parole hanno peso: peccato, grazia, redenzione, inferno, santit\u00e0, croce, castit\u00e0\u2026 <strong>Non nascondiamole<\/strong>. Anzi, spieghiamole con amore e coraggio.<\/p>\n\n\n\n<h3 class=\"wp-block-heading\">3. <strong>Formazione alla resistenza<\/strong><\/h3>\n\n\n\n<p class=\"wp-block-paragraph\">I cristiani non possono essere ingenui. Fin dall\u2019infanzia devono sapere che <strong>seguire Cristo significa andare controcorrente<\/strong>. Bisogna preparare bambini, giovani e adulti a derisioni, pressioni, emarginazione e persino persecuzione.<\/p>\n\n\n\n<p class=\"wp-block-paragraph\">Come dice lo stesso Ges\u00f9:<\/p>\n\n\n\n<blockquote class=\"wp-block-quote is-layout-flow wp-block-quote-is-layout-flow\">\n<p class=\"wp-block-paragraph\"><em>\u00abSe il mondo vi odia, sappiate che prima di voi ha odiato me\u2026 Voi non siete del mondo, ed \u00e8 per questo che il mondo vi odia.\u00bb<\/em> (Giovanni 15,18-19)<\/p>\n<\/blockquote>\n\n\n\n<h3 class=\"wp-block-heading\">4. <strong>Uso dei media digitali con discernimento<\/strong><\/h3>\n\n\n\n<p class=\"wp-block-paragraph\">I social network, i film, le serie, la musica\u2026 sono <strong>spazi di formazione \u2014 o deformazione<\/strong>. La catechesi deve educare al discernimento mediatico e, allo stesso tempo, <strong>creare contenuti controculturali di qualit\u00e0<\/strong>: podcast, video, post, dibattiti. L\u2019evangelizzazione digitale \u00e8 un campo urgente.<\/p>\n\n\n\n<h3 class=\"wp-block-heading\">5. <strong>Recuperare la bellezza liturgica e l\u2019arte sacra<\/strong><\/h3>\n\n\n\n<p class=\"wp-block-paragraph\">Nulla forma l\u2019anima pi\u00f9 profondamente della <strong>bellezza impregnata di fede<\/strong>. Una catechesi che introduce alla messa tradizionale, al canto gregoriano, ai simboli sacri, al silenzio riverente\u2026 risveglia nell\u2019anima il senso del sacro e la prepara all\u2019adorazione.<\/p>\n\n\n\n<hr class=\"wp-block-separator has-alpha-channel-opacity\"\/>\n\n\n\n<h2 class=\"wp-block-heading\">5. <strong>Il ruolo della famiglia: la prima trincea dell\u2019anima<\/strong><\/h2>\n\n\n\n<p class=\"wp-block-paragraph\">La famiglia cristiana \u00e8 <strong>la prima Chiesa, la prima scuola, la prima trincea contro la secolarizzazione<\/strong>. Senza famiglie forti, nessuno sforzo catechetico porter\u00e0 frutto. \u00c8 urgente formare i genitori affinch\u00e9 siano <strong>pastori, profeti e sacerdoti nelle loro case<\/strong>.<\/p>\n\n\n\n<p class=\"wp-block-paragraph\">Un bambino che prega con i genitori, che vede il padre inginocchiarsi, che sente parlare di Dio a casa, sar\u00e0 pi\u00f9 preparato a resistere al veleno del mondo.<\/p>\n\n\n\n<hr class=\"wp-block-separator has-alpha-channel-opacity\"\/>\n\n\n\n<h2 class=\"wp-block-heading\">6. <strong>E i giovani? Evangelizzazione senza sconti<\/strong><\/h2>\n\n\n\n<p class=\"wp-block-paragraph\">I giovani non si conquistano con intrattenimento o musica \u201calla moda\u201d, ma con <strong>la verit\u00e0 piena del Vangelo, detta con amore e senza sconti<\/strong>. Vogliono motivi per vivere, e ancor pi\u00f9 per morire. Vogliono far parte di una grande causa, non di un club simpatico.<\/p>\n\n\n\n<p class=\"wp-block-paragraph\">Il giovane cattolico deve sapere che \u00e8 <strong>creato per la gloria di Dio, chiamato alla santit\u00e0 eroica, destinato al Cielo<\/strong>. Non possiamo offrirgli di meno.<\/p>\n\n\n\n<hr class=\"wp-block-separator has-alpha-channel-opacity\"\/>\n\n\n\n<h2 class=\"wp-block-heading\">7. <strong>Combattimento spirituale: la catechesi come milizia<\/strong><\/h2>\n\n\n\n<p class=\"wp-block-paragraph\">La fede non si conserva passivamente. Si combatte. San Paolo parla dell\u2019\u201carmatura di Dio\u201d (cfr. Efesini 6). Ogni catechesi dovrebbe includere:<\/p>\n\n\n\n<ul class=\"wp-block-list\">\n<li>Insegnamento sull\u2019esistenza del demonio e sulla realt\u00e0 del peccato<\/li>\n\n\n\n<li>Formazione alla preghiera personale e comunitaria<\/li>\n\n\n\n<li>Profondo amore per la Vergine Maria e il Rosario<\/li>\n\n\n\n<li>Confessione frequente come arma contro la tiepidezza<\/li>\n\n\n\n<li>Digiuno, mortificazione e sacrifici offerti con gioia<\/li>\n<\/ul>\n\n\n\n<hr class=\"wp-block-separator has-alpha-channel-opacity\"\/>\n\n\n\n<h2 class=\"wp-block-heading\">8. <strong>L\u2019obiettivo: formare santi, non clienti<\/strong><\/h2>\n\n\n\n<p class=\"wp-block-paragraph\">Il fine di ogni catechesi \u00e8 <strong>formare santi<\/strong>, non simpatizzanti. E questo \u00e8 possibile solo se i catechizzati <strong>sperimentano che Dio non \u00e8 un\u2019idea, ma una Persona viva<\/strong>. La catechesi controculturale cerca la conversione del cuore, non solo l\u2019informazione dell\u2019intelletto.<\/p>\n\n\n\n<p class=\"wp-block-paragraph\">Come ci ricorda il Catechismo:<\/p>\n\n\n\n<blockquote class=\"wp-block-quote is-layout-flow wp-block-quote-is-layout-flow\">\n<p class=\"wp-block-paragraph\"><em>\u00abIl fine definitivo della catechesi \u00e8 di mettere qualcuno non solamente in contatto, ma in comunione, in intimit\u00e0 con Ges\u00f9 Cristo.\u00bb<\/em> (CCC 426)<\/p>\n<\/blockquote>\n\n\n\n<hr class=\"wp-block-separator has-alpha-channel-opacity\"\/>\n\n\n\n<h2 class=\"wp-block-heading\">Conclusione: Accendere fuochi nella notte<\/h2>\n\n\n\n<p class=\"wp-block-paragraph\">Viviamo in un\u2019epoca di apostasia silenziosa. Ma anche in un <strong>tempo provvidenziale per la santit\u00e0<\/strong>. Dio sta suscitando apostoli coraggiosi, famiglie fedeli, catechisti santi, giovani determinati. E lo far\u00e0 anche con te, se glielo permetti.<\/p>\n\n\n\n<p class=\"wp-block-paragraph\">Non avere paura di formare cristiani diversi, strani per il mondo, ma luminosi per il Regno. <strong>La catechesi controculturale non \u00e8 una strategia di marketing; \u00e8 una profezia viva nel deserto.<\/strong><\/p>\n\n\n\n<p class=\"wp-block-paragraph\">Alza la tua voce. Forma un\u2019anima. Accendi una fiamma.<\/p>\n\n\n\n<hr class=\"wp-block-separator has-alpha-channel-opacity\"\/>\n\n\n\n<blockquote class=\"wp-block-quote is-layout-flow wp-block-quote-is-layout-flow\">\n<p class=\"wp-block-paragraph\"><em><strong>\u00abSiate sobri, vegliate. Il vostro avversario, il diavolo, come leone ruggente va in giro cercando chi divorare. Resistetegli saldi nella fede.\u00bb<\/strong><\/em> (1 Pietro 5,8-9)<\/p>\n<\/blockquote>\n","protected":false},"excerpt":{"rendered":"<p>Introduzione: Il campo di battaglia della fede La secolarizzazione avanza come una marea silenziosa che penetra le coscienze, le famiglie e le istituzioni. Non viviamo pi\u00f9 in una \u201csociet\u00e0 cristiana\u201d, per quanto alcuni desiderino ancora crederlo. Quello che un tempo era cristianesimo culturale si \u00e8 dissolto nel giro di pochi decenni. Le chiese si svuotano, &hellip;<\/p>\n","protected":false},"author":3,"featured_media":4521,"comment_status":"open","ping_status":"open","sticky":false,"template":"","format":"standard","meta":{"_seopress_titles_title":"","_seopress_titles_desc":"","_seopress_robots_index":"","_seopress_robots_follow":"","_seopress_robots_imageindex":"","_seopress_robots_snippet":"","_seopress_robots_primary_cat":"","_seopress_robots_breadcrumbs":"","_seopress_robots_freeze_modified_date":"","_seopress_robots_custom_modified_date":"","_seopress_robots_canonical":"","_seopress_social_fb_title":"","_seopress_social_fb_desc":"","_seopress_social_fb_img":"","_seopress_social_fb_img_attachment_id":0,"_seopress_social_fb_img_width":0,"_seopress_social_fb_img_height":0,"_seopress_social_twitter_title":"","_seopress_social_twitter_desc":"","_seopress_social_twitter_img":"","_seopress_social_twitter_img_attachment_id":0,"_seopress_social_twitter_img_width":0,"_seopress_social_twitter_img_height":0,"_seopress_redirections_value":"","_seopress_redirections_enabled":"","_seopress_redirections_enabled_regex":"","_seopress_redirections_logged_status":"","_seopress_redirections_param":"","_seopress_redirections_type":0,"_seopress_analysis_target_kw":"","footnotes":""},"categories":[43,37],"tags":[1683,1706],"class_list":["post-4520","post","type-post","status-publish","format-standard","has-post-thumbnail","","category-catechismo-della-chiesa-cattolica","category-dottrina-e-fede","tag-catechesi","tag-secolarizzazione"],"_links":{"self":[{"href":"https:\/\/catholicus.eu\/it\/wp-json\/wp\/v2\/posts\/4520","targetHints":{"allow":["GET"]}}],"collection":[{"href":"https:\/\/catholicus.eu\/it\/wp-json\/wp\/v2\/posts"}],"about":[{"href":"https:\/\/catholicus.eu\/it\/wp-json\/wp\/v2\/types\/post"}],"author":[{"embeddable":true,"href":"https:\/\/catholicus.eu\/it\/wp-json\/wp\/v2\/users\/3"}],"replies":[{"embeddable":true,"href":"https:\/\/catholicus.eu\/it\/wp-json\/wp\/v2\/comments?post=4520"}],"version-history":[{"count":1,"href":"https:\/\/catholicus.eu\/it\/wp-json\/wp\/v2\/posts\/4520\/revisions"}],"predecessor-version":[{"id":4522,"href":"https:\/\/catholicus.eu\/it\/wp-json\/wp\/v2\/posts\/4520\/revisions\/4522"}],"wp:featuredmedia":[{"embeddable":true,"href":"https:\/\/catholicus.eu\/it\/wp-json\/wp\/v2\/media\/4521"}],"wp:attachment":[{"href":"https:\/\/catholicus.eu\/it\/wp-json\/wp\/v2\/media?parent=4520"}],"wp:term":[{"taxonomy":"category","embeddable":true,"href":"https:\/\/catholicus.eu\/it\/wp-json\/wp\/v2\/categories?post=4520"},{"taxonomy":"post_tag","embeddable":true,"href":"https:\/\/catholicus.eu\/it\/wp-json\/wp\/v2\/tags?post=4520"}],"curies":[{"name":"wp","href":"https:\/\/api.w.org\/{rel}","templated":true}]}}