{"id":4469,"date":"2025-07-12T23:45:55","date_gmt":"2025-07-12T21:45:55","guid":{"rendered":"https:\/\/catholicus.eu\/it\/?p=4469"},"modified":"2025-07-12T23:45:56","modified_gmt":"2025-07-12T21:45:56","slug":"analogia-entis-il-ponte-tra-la-creazione-e-il-creatore","status":"publish","type":"post","link":"https:\/\/catholicus.eu\/it\/analogia-entis-il-ponte-tra-la-creazione-e-il-creatore\/","title":{"rendered":"Analogia Entis: Il ponte tra la creazione e il Creatore"},"content":{"rendered":"\n<p><em>Una guida spirituale per comprendere la nostra relazione con Dio secondo la teologia cattolica tradizionale<\/em><\/p>\n\n\n\n<hr class=\"wp-block-separator has-alpha-channel-opacity\"\/>\n\n\n\n<h3 class=\"wp-block-heading\">Introduzione: Perch\u00e9 parlare oggi dell\u2019\u201canalogia dell\u2019essere\u201d?<\/h3>\n\n\n\n<p>In un mondo sempre pi\u00f9 segnato dalla confusione antropologica, dal relativismo morale e dalla perdita del senso del trascendente, tornare alle radici del pensiero cristiano non \u00e8 solo una necessit\u00e0 accademica, ma un\u2019urgenza pastorale. L\u2019<em>analogia entis<\/em> \u2014 l\u2019analogia dell\u2019essere \u2014 \u00e8 una di quelle gemme del pensiero cattolico tradizionale che, nonostante la sua apparente complessit\u00e0, ha un\u2019importanza cruciale per la nostra vita spirituale quotidiana.<\/p>\n\n\n\n<p>Questo articolo vuole essere un ponte \u2014 come l\u2019<em>analogia entis<\/em> stessa \u2014 tra la riflessione teologica e la vita ordinaria del cristiano. Ne esploreremo la storia, il contenuto teologico profondo, l\u2019importanza per la comprensione di Dio e dell\u2019uomo e come possa aiutarci a vivere una vita pi\u00f9 consapevole della presenza di Dio in ogni cosa.<\/p>\n\n\n\n<hr class=\"wp-block-separator has-alpha-channel-opacity\"\/>\n\n\n\n<h3 class=\"wp-block-heading\">I. Che cos\u2019\u00e8 l\u2019<em>analogia entis<\/em>?<\/h3>\n\n\n\n<p>L\u2019espressione <em>analogia entis<\/em>, in latino \u201canalogia dell\u2019essere\u201d, si riferisce all\u2019affermazione che esiste una relazione proporzionale e partecipativa tra l\u2019essere di Dio e l\u2019essere delle creature. Non si tratta di un\u2019identit\u00e0 n\u00e9 di una differenza assoluta, ma di una somiglianza nella differenza.<\/p>\n\n\n\n<p>In altre parole, quando diciamo che Dio \u201c\u00e8\u201d e che anche una creatura \u201c\u00e8\u201d, usiamo la stessa parola \u2014 \u201cessere\u201d \u2014 ma non con lo stesso significato. Non \u00e8 univoca (identica), n\u00e9 equivoca (completamente diversa), ma analogica: c\u2019\u00e8 una relazione reale, ma anche una distanza infinita.<\/p>\n\n\n\n<p>Come afferma il Catechismo della Chiesa Cattolica:<\/p>\n\n\n\n<blockquote class=\"wp-block-quote is-layout-flow wp-block-quote-is-layout-flow\">\n<p>\u00abTra il Creatore e la creatura non si pu\u00f2 indicare una somiglianza senza che tra loro non debba essere osservata una dissimiglianza ancor pi\u00f9 grande\u00bb (CCC, 43).<\/p>\n<\/blockquote>\n\n\n\n<p>Questa affermazione, lungi dall\u2019allontanarci da Dio, ci aiuta a comprendere che tutta la creazione porta un\u2019impronta divina, pur non essendo Dio stesso. Ci invita a guardare il mondo come un riflesso \u2014 velato e frammentario, ma reale \u2014 della gloria del suo Creatore.<\/p>\n\n\n\n<hr class=\"wp-block-separator has-alpha-channel-opacity\"\/>\n\n\n\n<h3 class=\"wp-block-heading\">II. Radici bibliche: Immagine e somiglianza<\/h3>\n\n\n\n<p>L\u2019<em>analogia entis<\/em> non \u00e8 un\u2019invenzione filosofica priva di fondamento nelle Scritture. Nella Genesi troviamo il principio fondamentale:<\/p>\n\n\n\n<blockquote class=\"wp-block-quote is-layout-flow wp-block-quote-is-layout-flow\">\n<p>\u00abDio cre\u00f2 l\u2019uomo a sua immagine; a immagine di Dio lo cre\u00f2: maschio e femmina li cre\u00f2\u00bb (Genesi 1,27).<\/p>\n<\/blockquote>\n\n\n\n<p>Essere creati \u201ca immagine e somiglianza\u201d di Dio \u00e8, in fondo, un\u2019affermazione analogica: siamo simili a Dio, ma non siamo Dio. Riflettiamo il suo essere, la sua bont\u00e0, la sua capacit\u00e0 di amare, la sua libert\u00e0 \u2014 ma in modo limitato e creato.<\/p>\n\n\n\n<p>La saggezza biblica \u00e8 ricca di immagini che affermano questa analogia: Dio \u00e8 pastore, re, padre, sposo. Queste metafore ci dicono qualcosa di vero su Dio, ma sempre a partire dalla nostra esperienza umana. Sono analogie che ci elevano verso il Mistero.<\/p>\n\n\n\n<hr class=\"wp-block-separator has-alpha-channel-opacity\"\/>\n\n\n\n<h3 class=\"wp-block-heading\">III. Storia dell\u2019analogia: da Aristotele a San Tommaso<\/h3>\n\n\n\n<p>Anche se la nozione di analogia ha radici filosofiche in Aristotele, \u00e8 nella teologia cristiana che essa trova il suo pieno sviluppo.<\/p>\n\n\n\n<h4 class=\"wp-block-heading\">1. Sant\u2019Agostino e la ricerca del riflesso divino<\/h4>\n\n\n\n<p>Sant\u2019Agostino vedeva nell\u2019anima umana uno specchio della Trinit\u00e0. Per lui, memoria, intelletto e volont\u00e0 erano tracce del Dio trinitario. Questa prospettiva gi\u00e0 suggerisce un\u2019<em>analogia entis<\/em>, anche se in modo implicito.<\/p>\n\n\n\n<h4 class=\"wp-block-heading\">2. San Tommaso d\u2019Aquino: il culmine del pensiero analogico<\/h4>\n\n\n\n<p>\u00c8 San Tommaso d\u2019Aquino che, nel XIII secolo, offre lo sviluppo pi\u00f9 completo dell\u2019analogia dell\u2019essere. Per lui, tutto ci\u00f2 che esiste partecipa dell\u2019Essere, che \u00e8 Dio. Le creature sono \u201centi\u201d, cio\u00e8 possiedono l\u2019essere per partecipazione, mentre Dio \u00e8 <em>ipsum esse subsistens<\/em>, l\u2019Essere stesso sussistente.<\/p>\n\n\n\n<p>San Tommaso afferma che parliamo di Dio a partire dalle creature \u201csecondo un modo analogico\u201d, perch\u00e9 Dio \u00e8 la causa efficiente ed esemplare di tutte le cose. Cos\u00ec, se diciamo che Dio \u00e8 buono, saggio o giusto, lo diciamo in modo analogico rispetto alla nostra esperienza della bont\u00e0, della saggezza o della giustizia umane, ma elevate e purificate.<\/p>\n\n\n\n<hr class=\"wp-block-separator has-alpha-channel-opacity\"\/>\n\n\n\n<h3 class=\"wp-block-heading\">IV. Rilevanza teologica: Perch\u00e9 l\u2019analogia dell\u2019essere \u00e8 importante?<\/h3>\n\n\n\n<p>L\u2019<em>analogia entis<\/em> non \u00e8 un tema esoterico riservato ai teologi. \u00c8 il fondamento di una visione cattolica del mondo, una vera \u201cgrammatica dell\u2019essere\u201d che consente di:<\/p>\n\n\n\n<h4 class=\"wp-block-heading\">1. Evitare due errori estremi<\/h4>\n\n\n\n<ul class=\"wp-block-list\">\n<li><strong>Il panteismo<\/strong>, che identifica Dio con la creazione.<\/li>\n\n\n\n<li><strong>Il nominalismo o volontarismo radicale<\/strong>, che considera Dio come totalmente altro e arbitrario, senza legame con la ragione umana.<\/li>\n<\/ul>\n\n\n\n<p>Entrambi gli errori distruggono la possibilit\u00e0 di parlare di Dio in modo ragionevole e di trovarlo nella creazione.<\/p>\n\n\n\n<h4 class=\"wp-block-heading\">2. Fondare la sacramentalit\u00e0 del mondo<\/h4>\n\n\n\n<p>Se l\u2019essere creato partecipa realmente dell\u2019Essere divino, allora pu\u00f2 essere segno, sacramento, mediazione. L\u2019acqua, il pane, il vino, l\u2019olio\u2026 non sono solo simboli vuoti, ma portatori della grazia.<\/p>\n\n\n\n<h4 class=\"wp-block-heading\">3. Difendere la dignit\u00e0 umana<\/h4>\n\n\n\n<p>Se l\u2019essere umano partecipa dell\u2019essere divino, allora possiede una dignit\u00e0 inviolabile, anche nello stato di miseria o peccato. Questa base ontologica sostiene l\u2019etica cristiana e il rispetto per ogni vita umana.<\/p>\n\n\n\n<hr class=\"wp-block-separator has-alpha-channel-opacity\"\/>\n\n\n\n<h3 class=\"wp-block-heading\">V. Applicazioni pratiche: Vivere oggi l\u2019analogia dell\u2019essere<\/h3>\n\n\n\n<p>Come pu\u00f2 questo concetto ispirare e orientare la nostra vita quotidiana? Ecco alcune applicazioni concrete e profonde:<\/p>\n\n\n\n<h4 class=\"wp-block-heading\">1. <strong>Vedere Dio nella creazione<\/strong><\/h4>\n\n\n\n<p>Ogni fiore, ogni persona, ogni momento di bellezza o verit\u00e0 \u00e8 un riflesso del Creatore. L\u2019<em>analogia entis<\/em> ci invita a coltivare uno sguardo contemplativo, una spiritualit\u00e0 dello stupore. Come diceva San Bonaventura, l\u2019universo \u00e8 \u201cuna scala per salire a Dio\u201d.<\/p>\n\n\n\n<blockquote class=\"wp-block-quote is-layout-flow wp-block-quote-is-layout-flow\">\n<p>\u00abI cieli narrano la gloria di Dio, l\u2019opera delle sue mani annuncia il firmamento\u00bb (Salmo 19,2).<\/p>\n<\/blockquote>\n\n\n\n<h4 class=\"wp-block-heading\">2. <strong>Educare alla trascendenza<\/strong><\/h4>\n\n\n\n<p>Nella catechesi, nella predicazione e nella vita familiare, dobbiamo insegnare che tutto ci\u00f2 che \u00e8 buono, vero e bello rimanda a Dio. Il linguaggio analogico permette di parlare di Dio senza ridurlo alle nostre categorie, ma senza renderlo inaccessibile.<\/p>\n\n\n\n<h4 class=\"wp-block-heading\">3. <strong>Coltivare una preghiera pi\u00f9 profonda<\/strong><\/h4>\n\n\n\n<p>L\u2019analogia ci invita a riconoscere che le nostre parole umane non esauriscono Dio, ma non sono nemmeno inutili. Possiamo chiamare Dio Padre, Salvatore, Sposo, Pastore\u2026 sapendo che Egli supera tutte le nostre immagini, ma le accoglie per rivelarsi.<\/p>\n\n\n\n<h4 class=\"wp-block-heading\">4. <strong>Unire ragione e fede<\/strong><\/h4>\n\n\n\n<p>In tempi di scetticismo o fideismo, l\u2019<em>analogia entis<\/em> ci permette di integrare ragione e fede. Possiamo parlare di Dio in modo razionale senza ridurlo a una creatura. Questo equilibrio \u00e8 essenziale per il dialogo con il mondo moderno.<\/p>\n\n\n\n<hr class=\"wp-block-separator has-alpha-channel-opacity\"\/>\n\n\n\n<h3 class=\"wp-block-heading\">VI. Un ponte per il cuore e per la mente<\/h3>\n\n\n\n<p>In definitiva, l\u2019<em>analogia entis<\/em> \u00e8 molto pi\u00f9 di un concetto tecnico. \u00c8 un ponte: unisce il finito con l\u2019infinito, il visibile con l\u2019invisibile, la ragione con la fede, la filosofia con la mistica.<\/p>\n\n\n\n<p>In un mondo che tende a separare o a confondere tutto, la visione cattolica tradizionale dell\u2019analogia dell\u2019essere offre una risposta equilibrata, bella e profondamente umana. Ci insegna che possiamo conoscere Dio \u2014 sempre nel mistero \u2014 e che tutta la creazione \u00e8 un invito alla lode.<\/p>\n\n\n\n<hr class=\"wp-block-separator has-alpha-channel-opacity\"\/>\n\n\n\n<h3 class=\"wp-block-heading\">Conclusione: Recuperare lo sguardo analogico<\/h3>\n\n\n\n<p>Se vogliamo evangelizzare nuovamente una cultura che ha perso il senso del sacro, dobbiamo recuperare lo sguardo analogico. Non si tratta di imporre concetti astratti, ma di aiutare le persone a riscoprire che l\u2019ordinario parla di Dio: una madre che abbraccia, un pane condiviso, un tramonto, una lacrima redentrice.<\/p>\n\n\n\n<p>Ogni cosa creata dice qualcosa di Dio. Ma tace anche, perch\u00e9 lo cerchiamo al di l\u00e0 di tutto.<\/p>\n\n\n\n<blockquote class=\"wp-block-quote is-layout-flow wp-block-quote-is-layout-flow\">\n<p>\u00abIn lui infatti viviamo, ci muoviamo ed esistiamo\u00bb (Atti 17,28).<\/p>\n<\/blockquote>\n\n\n\n<p>Che questa verit\u00e0 illumini la nostra vita spirituale. Che impariamo a vedere Dio in tutte le cose, senza confonderlo con esse, e che ogni passo che facciamo nel mondo diventi, a sua volta, un\u2019analogia vivente dell\u2019Essere che ci dona la vita.<\/p>\n","protected":false},"excerpt":{"rendered":"<p>Una guida spirituale per comprendere la nostra relazione con Dio secondo la teologia cattolica tradizionale Introduzione: Perch\u00e9 parlare oggi dell\u2019\u201canalogia dell\u2019essere\u201d? In un mondo sempre pi\u00f9 segnato dalla confusione antropologica, dal relativismo morale e dalla perdita del senso del trascendente, tornare alle radici del pensiero cristiano non \u00e8 solo una necessit\u00e0 accademica, ma un\u2019urgenza pastorale. &hellip;<\/p>\n","protected":false},"author":3,"featured_media":4470,"comment_status":"open","ping_status":"open","sticky":false,"template":"","format":"standard","meta":{"_seopress_robots_primary_cat":"","_seopress_titles_title":"","_seopress_titles_desc":"","_seopress_robots_index":"","footnotes":""},"categories":[41,63],"tags":[1682],"class_list":["post-4469","post","type-post","status-publish","format-standard","has-post-thumbnail","","category-fede-e-cultura","category-filosofia-e-fede","tag-analogia-entis"],"_links":{"self":[{"href":"https:\/\/catholicus.eu\/it\/wp-json\/wp\/v2\/posts\/4469","targetHints":{"allow":["GET"]}}],"collection":[{"href":"https:\/\/catholicus.eu\/it\/wp-json\/wp\/v2\/posts"}],"about":[{"href":"https:\/\/catholicus.eu\/it\/wp-json\/wp\/v2\/types\/post"}],"author":[{"embeddable":true,"href":"https:\/\/catholicus.eu\/it\/wp-json\/wp\/v2\/users\/3"}],"replies":[{"embeddable":true,"href":"https:\/\/catholicus.eu\/it\/wp-json\/wp\/v2\/comments?post=4469"}],"version-history":[{"count":1,"href":"https:\/\/catholicus.eu\/it\/wp-json\/wp\/v2\/posts\/4469\/revisions"}],"predecessor-version":[{"id":4471,"href":"https:\/\/catholicus.eu\/it\/wp-json\/wp\/v2\/posts\/4469\/revisions\/4471"}],"wp:featuredmedia":[{"embeddable":true,"href":"https:\/\/catholicus.eu\/it\/wp-json\/wp\/v2\/media\/4470"}],"wp:attachment":[{"href":"https:\/\/catholicus.eu\/it\/wp-json\/wp\/v2\/media?parent=4469"}],"wp:term":[{"taxonomy":"category","embeddable":true,"href":"https:\/\/catholicus.eu\/it\/wp-json\/wp\/v2\/categories?post=4469"},{"taxonomy":"post_tag","embeddable":true,"href":"https:\/\/catholicus.eu\/it\/wp-json\/wp\/v2\/tags?post=4469"}],"curies":[{"name":"wp","href":"https:\/\/api.w.org\/{rel}","templated":true}]}}