{"id":4420,"date":"2025-07-08T16:24:05","date_gmt":"2025-07-08T14:24:05","guid":{"rendered":"https:\/\/catholicus.eu\/it\/?p=4420"},"modified":"2025-07-08T16:24:06","modified_gmt":"2025-07-08T14:24:06","slug":"protoevangelo-la-prima-promessa-di-un-salvatore-nella-genesi","status":"publish","type":"post","link":"https:\/\/catholicus.eu\/it\/protoevangelo-la-prima-promessa-di-un-salvatore-nella-genesi\/","title":{"rendered":"Protoevangelo: La prima promessa di un Salvatore\u2026 nella Genesi!"},"content":{"rendered":"\n<p><em>Una speranza seminata nel cuore del peccato, una promessa che attraversa i secoli e trova il suo compimento in Cristo. Il Protoevangelo non \u00e8 solo l\u2019inizio della storia della salvezza\u2026 \u00e8 anche l\u2019annuncio della tua redenzione.<\/em><\/p>\n\n\n\n<hr class=\"wp-block-separator has-alpha-channel-opacity\"\/>\n\n\n\n<h2 class=\"wp-block-heading\">I. Che cos\u2019\u00e8 il Protoevangelo?<\/h2>\n\n\n\n<p>La parola <em>Protoevangelo<\/em> viene dal greco: <em>pr\u014dtos<\/em> (primo) e <em>euangelion<\/em> (buona notizia o vangelo). Significa letteralmente \u201cla prima buona notizia\u201d o \u201cil primo vangelo\u201d. Questo termine \u00e8 utilizzato dalla Tradizione della Chiesa per riferirsi a <strong>Genesi 3,15<\/strong>, un versetto fondamentale in cui, nel mezzo della caduta dell\u2019uomo, Dio annuncia per la prima volta la vittoria finale del bene sul male:<\/p>\n\n\n\n<blockquote class=\"wp-block-quote is-layout-flow wp-block-quote-is-layout-flow\">\n<p>\u00abIo porr\u00f2 inimicizia fra te e la donna, fra la tua stirpe e la sua stirpe: questa ti schiaccer\u00e0 la testa e tu le insidierai il calcagno.\u00bb (Genesi 3,15)<\/p>\n<\/blockquote>\n\n\n\n<p>Questa frase, rivolta al serpente \u2014simbolo di Satana\u2014 dopo il peccato di Adamo ed Eva, non \u00e8 solo una sentenza di condanna, ma una <strong>rivelazione del piano di salvezza di Dio<\/strong>: una donna, una discendenza, un combattimento\u2026 e una vittoria finale.<\/p>\n\n\n\n<hr class=\"wp-block-separator has-alpha-channel-opacity\"\/>\n\n\n\n<h2 class=\"wp-block-heading\">II. Contesto: La caduta e l\u2019inizio della speranza<\/h2>\n\n\n\n<p>Il racconto di Genesi 3 \u00e8 uno dei testi pi\u00f9 drammatici e profondi di tutta la Scrittura. L\u2019uomo e la donna, creati in armonia con Dio, con il creato e tra loro, cedono alla tentazione del demonio. La conseguenza immediata \u00e8 il peccato originale, che introduce nella storia umana la sofferenza, la morte e la separazione da Dio.<\/p>\n\n\n\n<p>Ma <em>Dio non abbandona<\/em>. Invece di distruggere ci\u00f2 che ha creato, <strong>offre una promessa<\/strong>. Anche se Adamo ed Eva vengono espulsi dal Paradiso, non restano senza speranza. <strong>Dio annuncia che il male sar\u00e0 sconfitto<\/strong>, che ci sar\u00e0 una redenzione, e che essa verr\u00e0 attraverso una donna e la sua discendenza.<\/p>\n\n\n\n<hr class=\"wp-block-separator has-alpha-channel-opacity\"\/>\n\n\n\n<h2 class=\"wp-block-heading\">III. L\u2019interpretazione teologica: Cristo e Maria nella Genesi<\/h2>\n\n\n\n<p>Fin dai primi secoli, i Padri della Chiesa hanno visto nel Protoevangelo un <strong>annuncio velato di Ges\u00f9 Cristo e della Vergine Maria<\/strong>.<\/p>\n\n\n\n<h3 class=\"wp-block-heading\">1. <strong>La Donna<\/strong><\/h3>\n\n\n\n<p>Anche se, in senso immediato, la \u201cdonna\u201d potrebbe riferirsi a Eva, <strong>la Tradizione cristiana ha identificato in questa figura Maria<\/strong>, la nuova Eva, la donna per eccellenza, senza peccato e che d\u00e0 alla luce il Redentore. Sant\u2019Ireneo di Lione affermava:<\/p>\n\n\n\n<blockquote class=\"wp-block-quote is-layout-flow wp-block-quote-is-layout-flow\">\n<p>\u00abCome Eva, disobbedendo, divenne causa di morte per s\u00e9 e per l\u2019intero genere umano, cos\u00ec anche Maria, obbedendo, divenne causa di salvezza per s\u00e9 e per tutto il genere umano.\u00bb<\/p>\n<\/blockquote>\n\n\n\n<p>Maria \u00e8 quella \u201cdonna\u201d che sar\u00e0 in inimicizia perpetua con il serpente, preservata dal peccato originale grazie al privilegio della sua Immacolata Concezione.<\/p>\n\n\n\n<h3 class=\"wp-block-heading\">2. <strong>La Stirpe<\/strong><\/h3>\n\n\n\n<p>La \u201cstirpe\u201d della donna, al singolare, <strong>\u00e8 interpretata come una persona: Ges\u00f9 Cristo<\/strong>. \u00c8 Lui che, sulla croce, schiaccia la testa del serpente, vincendo il peccato e la morte. La frase \u201cegli ti schiaccer\u00e0 la testa\u201d (talvolta tradotta anche come \u201cella ti schiaccer\u00e0 la testa\u201d) indica una <strong>vittoria totale<\/strong> su Satana, anche se non priva di sofferenza: \u201ctu le insidierai il calcagno\u201d fa riferimento alla passione di Cristo, al suo sacrificio fino alla morte.<\/p>\n\n\n\n<p>Il Catechismo della Chiesa Cattolica lo riassume cos\u00ec:<\/p>\n\n\n\n<blockquote class=\"wp-block-quote is-layout-flow wp-block-quote-is-layout-flow\">\n<p>\u00abQuesto passo \u00e8 chiamato \u201cProtoevangelo\u201d, poich\u00e9 \u00e8 il primo annuncio del Messia Redentore, di una lotta tra il serpente e la Donna, e della vittoria finale di un discendente di lei.\u00bb (CCC, 410)<\/p>\n<\/blockquote>\n\n\n\n<hr class=\"wp-block-separator has-alpha-channel-opacity\"\/>\n\n\n\n<h2 class=\"wp-block-heading\">IV. Attualit\u00e0 del messaggio: Cosa significa per noi oggi?<\/h2>\n\n\n\n<h3 class=\"wp-block-heading\">1. <strong>Il male non ha l\u2019ultima parola<\/strong><\/h3>\n\n\n\n<p>Viviamo in un mondo ferito. Il peccato, la sofferenza, la violenza e la morte sembrano spesso avere il sopravvento. Ma il Protoevangelo ci ricorda che fin dall\u2019inizio, <strong>Dio ha tracciato un cammino di salvezza<\/strong>. Questa promessa non \u00e8 solo per Adamo ed Eva\u2026 <strong>\u00e8 anche per te e per me<\/strong>.<\/p>\n\n\n\n<p>Quando sentiamo che il male ci sovrasta \u2014sia esso peccato personale, strutture ingiuste o ferite del passato\u2014 il Protoevangelo ci assicura che <strong>Cristo ha vinto<\/strong>. Non siamo destinati a vivere da schiavi.<\/p>\n\n\n\n<h3 class=\"wp-block-heading\">2. <strong>Una spiritualit\u00e0 di lotta e speranza<\/strong><\/h3>\n\n\n\n<p>Il versetto di Genesi 3,15 parla di inimicizia, di lotta. La vita cristiana \u00e8 una battaglia continua contro il peccato, contro il demonio e contro le nostre debolezze. Ma non \u00e8 una lotta vana. Sappiamo che <strong>il finale \u00e8 gi\u00e0 scritto<\/strong>: Cristo trionfa.<\/p>\n\n\n\n<p>Questo annuncio ci invita a <strong>vivere con una speranza attiva<\/strong>, confidando in Dio e prendendo decisioni che ci avvicinano a Lui. San Paolo lo ha espresso cos\u00ec:<\/p>\n\n\n\n<blockquote class=\"wp-block-quote is-layout-flow wp-block-quote-is-layout-flow\">\n<p>\u00abIl Dio della pace schiaccer\u00e0 ben presto Satana sotto i vostri piedi.\u00bb (Romani 16,20)<\/p>\n<\/blockquote>\n\n\n\n<p>Tu ed io siamo chiamati a partecipare a questa vittoria. Non come spettatori, ma come soldati della luce.<\/p>\n\n\n\n<h3 class=\"wp-block-heading\">3. <strong>La centralit\u00e0 di Maria<\/strong><\/h3>\n\n\n\n<p>La Vergine Maria non \u00e8 un accessorio devozionale, ma parte centrale del piano di salvezza. Lei, fin dalla sua Immacolata Concezione, \u00e8 l\u2019eterna nemica del demonio. Per questo i santi e la Tradizione hanno visto nel Rosario, nello scapolare del Carmelo, nelle litanie e nelle consacrazioni mariane <strong>armi potenti contro il male<\/strong>.<\/p>\n\n\n\n<p>In un mondo che tenta di relativizzare il male, Maria ci ricorda che esiste una vera battaglia spirituale. Ma anche che non siamo soli.<\/p>\n\n\n\n<hr class=\"wp-block-separator has-alpha-channel-opacity\"\/>\n\n\n\n<h2 class=\"wp-block-heading\">V. Il Protoevangelo e la tua vita quotidiana<\/h2>\n\n\n\n<p>Come possiamo applicare questo annuncio primordiale di salvezza nella nostra vita quotidiana?<\/p>\n\n\n\n<h3 class=\"wp-block-heading\">A. <strong>Vivere con speranza<\/strong><\/h3>\n\n\n\n<p>Non importa quanto la tua vita, la tua famiglia o la tua storia sembrino distrutte. Dio \u00e8 esperto nel far nascere storie di redenzione tra le rovine. Lo ha fatto con Adamo ed Eva\u2026 e vuole farlo anche con te.<\/p>\n\n\n\n<h3 class=\"wp-block-heading\">B. <strong>Rinunciare al peccato<\/strong><\/h3>\n\n\n\n<p>Il peccato non \u00e8 un gioco n\u00e9 una scelta neutrale. Ha conseguenze, e ci allontana dal progetto di Dio. Ma il Protoevangelo ci spinge a <strong>tornare alla grazia, alla confessione, al pentimento sincero<\/strong>.<\/p>\n\n\n\n<h3 class=\"wp-block-heading\">C. <strong>Invocare Maria<\/strong><\/h3>\n\n\n\n<p>Consacrati alla Vergine. Invochiala nei momenti di tentazione. Prega con le parole del <em>Sub tuum praesidium<\/em>, dell\u2019Ave Maria, del Magnificat\u2026 Lei schiaccia la testa del serpente.<\/p>\n\n\n\n<h3 class=\"wp-block-heading\">D. <strong>Lottare con fede<\/strong><\/h3>\n\n\n\n<p>Non sei solo. La battaglia spirituale non si vince con forze umane, ma con i sacramenti, la preghiera, la Parola di Dio. Vivi ogni Eucaristia come un combattimento, ogni confessione come una vittoria.<\/p>\n\n\n\n<hr class=\"wp-block-separator has-alpha-channel-opacity\"\/>\n\n\n\n<h2 class=\"wp-block-heading\">VI. Un messaggio eterno che attraversa i secoli<\/h2>\n\n\n\n<p>Il Protoevangelo non \u00e8 una nota a pi\u00e8 di pagina dell\u2019Antico Testamento. \u00c8 <strong>la prima proclamazione del Vangelo<\/strong>, il seme della Buona Novella che fiorir\u00e0 in tutta la Scrittura. \u00c8 il granello di senape della speranza che germoglia anche in mezzo al peccato.<\/p>\n\n\n\n<p>E soprattutto, <strong>\u00e8 una promessa personale per te<\/strong>.<\/p>\n\n\n\n<p>Anche tu puoi vincere il male con Cristo. Anche tu puoi essere parte della stirpe della Donna, del popolo che non si arrende, che spera, che lotta, che crede.<\/p>\n\n\n\n<hr class=\"wp-block-separator has-alpha-channel-opacity\"\/>\n\n\n\n<h2 class=\"wp-block-heading\">VII. Per meditare e pregare<\/h2>\n\n\n\n<p>Ti propongo di meditare questa settimana su Genesi 3,15 e Romani 16,20. Ripeti queste parole con fede:<\/p>\n\n\n\n<blockquote class=\"wp-block-quote is-layout-flow wp-block-quote-is-layout-flow\">\n<p>\u00abIl Dio della pace schiaccer\u00e0 ben presto Satana sotto i vostri piedi.\u00bb<\/p>\n<\/blockquote>\n\n\n\n<p>E prega con Maria, la Donna dell\u2019Apocalisse (Ap 12), la nuova Eva, la Regina vestita di sole:<\/p>\n\n\n\n<blockquote class=\"wp-block-quote is-layout-flow wp-block-quote-is-layout-flow\">\n<p>\u00abO Maria, concepita senza peccato, pregate per noi che ricorriamo a voi.\u00bb<\/p>\n<\/blockquote>\n\n\n\n<hr class=\"wp-block-separator has-alpha-channel-opacity\"\/>\n\n\n\n<h2 class=\"wp-block-heading\">Conclusione<\/h2>\n\n\n\n<p>Nel primo libro della Bibbia, quando tutto sembrava perduto, <strong>Dio ha parlato di vittoria<\/strong>. Questa promessa \u00e8 ci\u00f2 che chiamiamo <em>Protoevangelo<\/em>. E oggi, pi\u00f9 che mai, dobbiamo ricordare che <strong>la vittoria \u00e8 gi\u00e0 stata promessa\u2026 e conquistata<\/strong> in Ges\u00f9 Cristo.<\/p>\n\n\n\n<p>Che la tua vita sia trasformata alla luce di questa prima Buona Notizia.<\/p>\n","protected":false},"excerpt":{"rendered":"<p>Una speranza seminata nel cuore del peccato, una promessa che attraversa i secoli e trova il suo compimento in Cristo. Il Protoevangelo non \u00e8 solo l\u2019inizio della storia della salvezza\u2026 \u00e8 anche l\u2019annuncio della tua redenzione. I. Che cos\u2019\u00e8 il Protoevangelo? La parola Protoevangelo viene dal greco: pr\u014dtos (primo) e euangelion (buona notizia o vangelo). &hellip;<\/p>\n","protected":false},"author":3,"featured_media":4421,"comment_status":"open","ping_status":"open","sticky":false,"template":"","format":"standard","meta":{"_seopress_robots_primary_cat":"","_seopress_titles_title":"","_seopress_titles_desc":"","_seopress_robots_index":"","footnotes":""},"categories":[37,45],"tags":[796,1666],"class_list":["post-4420","post","type-post","status-publish","format-standard","has-post-thumbnail","","category-dottrina-e-fede","category-sacra-scrittura","tag-genesi","tag-protoevangelo"],"_links":{"self":[{"href":"https:\/\/catholicus.eu\/it\/wp-json\/wp\/v2\/posts\/4420","targetHints":{"allow":["GET"]}}],"collection":[{"href":"https:\/\/catholicus.eu\/it\/wp-json\/wp\/v2\/posts"}],"about":[{"href":"https:\/\/catholicus.eu\/it\/wp-json\/wp\/v2\/types\/post"}],"author":[{"embeddable":true,"href":"https:\/\/catholicus.eu\/it\/wp-json\/wp\/v2\/users\/3"}],"replies":[{"embeddable":true,"href":"https:\/\/catholicus.eu\/it\/wp-json\/wp\/v2\/comments?post=4420"}],"version-history":[{"count":1,"href":"https:\/\/catholicus.eu\/it\/wp-json\/wp\/v2\/posts\/4420\/revisions"}],"predecessor-version":[{"id":4422,"href":"https:\/\/catholicus.eu\/it\/wp-json\/wp\/v2\/posts\/4420\/revisions\/4422"}],"wp:featuredmedia":[{"embeddable":true,"href":"https:\/\/catholicus.eu\/it\/wp-json\/wp\/v2\/media\/4421"}],"wp:attachment":[{"href":"https:\/\/catholicus.eu\/it\/wp-json\/wp\/v2\/media?parent=4420"}],"wp:term":[{"taxonomy":"category","embeddable":true,"href":"https:\/\/catholicus.eu\/it\/wp-json\/wp\/v2\/categories?post=4420"},{"taxonomy":"post_tag","embeddable":true,"href":"https:\/\/catholicus.eu\/it\/wp-json\/wp\/v2\/tags?post=4420"}],"curies":[{"name":"wp","href":"https:\/\/api.w.org\/{rel}","templated":true}]}}