{"id":4417,"date":"2025-07-08T16:03:17","date_gmt":"2025-07-08T14:03:17","guid":{"rendered":"https:\/\/catholicus.eu\/it\/?p=4417"},"modified":"2025-07-08T16:03:18","modified_gmt":"2025-07-08T14:03:18","slug":"felix-culpa-fu-buona-la-caduta-di-adamo-il-sorprendente-concetto-della-colpa-felice","status":"publish","type":"post","link":"https:\/\/catholicus.eu\/it\/felix-culpa-fu-buona-la-caduta-di-adamo-il-sorprendente-concetto-della-colpa-felice\/","title":{"rendered":"Felix Culpa: fu \u201cbuona\u201d la caduta di Adamo? Il sorprendente concetto della \u201ccolpa felice\u201d"},"content":{"rendered":"\n<p><strong>Felix Culpa: fu \u201cbuona\u201d la caduta di Adamo? Il sorprendente concetto della \u201ccolpa felice\u201d<\/strong><br><em>Una guida teologica, spirituale e pastorale per scoprire la luce nel cuore del peccato e la speranza nella redenzione<\/em><\/p>\n\n\n\n<hr class=\"wp-block-separator has-alpha-channel-opacity\"\/>\n\n\n\n<h3 class=\"wp-block-heading\">Introduzione: Quando il peccato apre la porta alla salvezza<\/h3>\n\n\n\n<p>\u00c8 possibile che qualcosa di tragico come il peccato di Adamo ed Eva venga chiamato \u201cfelice\u201d? Ha senso parlare di una <em>felix culpa<\/em> \u2013 una \u201ccolpa felice\u201d \u2013 se il mondo \u00e8 stato ferito dalla disobbedienza? A prima vista pu\u00f2 sembrare un controsenso, se non addirittura una bestemmia. Eppure, nel cuore del cristianesimo pulsa un messaggio profondamente paradossale: <strong>la grazia di Dio \u00e8 capace di trasformare il male pi\u00f9 profondo in occasione di salvezza<\/strong>.<\/p>\n\n\n\n<p>In questo articolo esploreremo il misterioso e potente concetto di <em>felix culpa<\/em>, una delle intuizioni pi\u00f9 sorprendenti e teologicamente ricche della tradizione cattolica. Attraverso la storia, le Scritture, la liturgia e la Tradizione, scopriremo perch\u00e9 la caduta di Adamo \u2013 pur essendo un disastro spirituale \u2013 \u00e8 stata considerata dai Padri della Chiesa come <em>terribile, s\u00ec, ma anche benedetta<\/em>. E soprattutto vedremo come questo mistero possa diventare luce concreta per le nostre cadute personali, per la nostra lotta quotidiana e per la nostra speranza nella redenzione.<\/p>\n\n\n\n<hr class=\"wp-block-separator has-alpha-channel-opacity\"\/>\n\n\n\n<h2 class=\"wp-block-heading\">1. Che cosa significa <em>Felix Culpa<\/em>?<\/h2>\n\n\n\n<p><em>\u00abFelice colpa, che merit\u00f2 un cos\u00ec grande Redentore!\u00bb<\/em><br>\u2014 <em><strong>Preconio Pasquale (Exsultet)<\/strong><\/em><\/p>\n\n\n\n<p>L\u2019espressione <em>felix culpa<\/em> \u00e8 latina e significa letteralmente \u201ccolpa felice\u201d o \u201ccolpa benedetta\u201d. \u00c8 un\u2019espressione liturgica che troviamo nel <em>Preconio Pasquale<\/em>, il canto solenne che proclama la Risurrezione durante la Veglia di Pasqua. In quel momento, la Chiesa esulta non solo per la vittoria di Cristo sulla morte, ma anche perch\u00e9 la sua venuta nel mondo \u00e8 stata resa necessaria dalla caduta di Adamo.<\/p>\n\n\n\n<p>Non si tratta di giustificare il peccato, ma di <strong>esaltare la sovranit\u00e0 divina<\/strong>: Dio pu\u00f2 trarre un bene ancora maggiore anche dal male. La caduta di Adamo non \u00e8 stata buona in s\u00e9, ma <strong>ha aperto la via alla rivelazione dell\u2019amore redentore di Dio<\/strong>, attraverso l\u2019Incarnazione, la Passione, la Morte e la Risurrezione di Cristo.<\/p>\n\n\n\n<hr class=\"wp-block-separator has-alpha-channel-opacity\"\/>\n\n\n\n<h2 class=\"wp-block-heading\">2. Radici storiche e patristiche del concetto<\/h2>\n\n\n\n<p>Gi\u00e0 nei primi secoli del cristianesimo, i Padri della Chiesa riflettevano sul mistero della caduta come occasione provvidenziale per una redenzione ancora pi\u00f9 grande. Sant\u2019Ambrogio, sant\u2019Agostino e, pi\u00f9 tardi, san Tommaso d\u2019Aquino hanno meditato profondamente su questo paradosso.<\/p>\n\n\n\n<p><strong>Sant\u2019Agostino<\/strong> scrive:<\/p>\n\n\n\n<blockquote class=\"wp-block-quote is-layout-flow wp-block-quote-is-layout-flow\">\n<p>\u00abDio ha giudicato meglio trarre il bene dal male, piuttosto che non permettere affatto che esistesse il male.\u00bb<br>(<em>Enchiridion<\/em>, cap. 11)<\/p>\n<\/blockquote>\n\n\n\n<p>Per <strong>san Tommaso d\u2019Aquino<\/strong>, la <em>felix culpa<\/em> \u00e8 spiegabile attraverso la provvidenza divina, che non causa il male ma lo permette per un bene superiore. Nella <em>Summa Theologiae<\/em> (III, q. 1, a. 3, ad 3), afferma: \u00abNulla impedisce che la natura umana, dopo il peccato, sia destinata a un bene maggiore.\u00bb<\/p>\n\n\n\n<hr class=\"wp-block-separator has-alpha-channel-opacity\"\/>\n\n\n\n<h2 class=\"wp-block-heading\">3. La caduta di Adamo fu \u201cbuona\u201d?<\/h2>\n\n\n\n<p>Qui si gioca la sottigliezza teologica. <strong>Il peccato originale non fu buono<\/strong>. Fu una rottura grave con Dio, una ferita profonda per l\u2019umanit\u00e0 e per il creato. Ma nel piano della salvezza, <strong>Dio non fu sconfitto dal peccato<\/strong>, bens\u00ec lo trasform\u00f2 in occasione di grazia ancora pi\u00f9 abbondante.<\/p>\n\n\n\n<p>Dio non \u201caveva bisogno\u201d del peccato per inviare suo Figlio. Ma <strong>di fronte alla disobbedienza, la risposta divina fu un amore traboccante: non solo perdono, ma Incarnazione, Redenzione e comunione eterna.<\/strong><\/p>\n\n\n\n<blockquote class=\"wp-block-quote is-layout-flow wp-block-quote-is-layout-flow\">\n<p>\u00abL\u00e0 dove abbond\u00f2 il peccato, sovrabbond\u00f2 la grazia.\u00bb<br>\u2014 <em>Romani 5,20<\/em><\/p>\n<\/blockquote>\n\n\n\n<hr class=\"wp-block-separator has-alpha-channel-opacity\"\/>\n\n\n\n<h2 class=\"wp-block-heading\">4. Cristo, il nuovo Adamo: una redenzione pi\u00f9 grande della creazione<\/h2>\n\n\n\n<p>Per san Paolo, Ges\u00f9 \u00e8 il <strong>nuovo Adamo<\/strong> (<em>cfr. 1 Corinzi 15,45<\/em>) che non solo ripara ci\u00f2 che il primo Adamo ha distrutto, ma <strong>innalza l\u2019umanit\u00e0 a una dignit\u00e0 superiore a quella originale.<\/strong> In Cristo, infatti, non siamo semplicemente restaurati, <strong>ma diventiamo figli adottivi di Dio<\/strong> (<em>cfr. Romani 8,15\u201317<\/em>) e partecipi della vita divina.<\/p>\n\n\n\n<p>In altre parole: <strong>la grazia di Cristo non ci restituisce semplicemente il paradiso terrestre \u2013 ci conduce al cielo.<\/strong><\/p>\n\n\n\n<hr class=\"wp-block-separator has-alpha-channel-opacity\"\/>\n\n\n\n<h2 class=\"wp-block-heading\">5. Applicazioni pratiche: cosa significa <em>felix culpa<\/em> per me oggi?<\/h2>\n\n\n\n<p>L\u2019idea della <em>felix culpa<\/em> non \u00e8 un concetto astratto riservato ai teologi. Ha <strong>conseguenze pastorali e spirituali profondissime<\/strong> per la vita quotidiana di ogni cristiano. Ecco una guida concreta su come vivere questo mistero nella vita di tutti i giorni:<\/p>\n\n\n\n<hr class=\"wp-block-separator has-alpha-channel-opacity\"\/>\n\n\n\n<h3 class=\"wp-block-heading\"><strong>A. Le tue cadute non sono la fine della storia<\/strong><\/h3>\n\n\n\n<p>Spesso ci sentiamo schiacciati dalle nostre debolezze, dai nostri peccati, dai fallimenti. Ma la <em>felix culpa<\/em> ci ricorda che <strong>Dio non si scandalizza della nostra miseria.<\/strong> Se ci rivolgiamo a Lui con umilt\u00e0, pu\u00f2 trasformare anche le nostre cadute in occasioni di amore pi\u00f9 profondo.<\/p>\n\n\n\n<p>\ud83d\udd4a <em>Guida spirituale:<\/em><\/p>\n\n\n\n<ul class=\"wp-block-list\">\n<li>Non disperare per i tuoi peccati: pentiti sinceramente e affidati alla misericordia divina.<\/li>\n\n\n\n<li>Impara da ogni caduta: lasciati educare dall\u2019umilt\u00e0.<\/li>\n\n\n\n<li>Accostati con fede al sacramento della Riconciliazione: \u00e8 un mezzo di trasformazione.<\/li>\n<\/ul>\n\n\n\n<hr class=\"wp-block-separator has-alpha-channel-opacity\"\/>\n\n\n\n<h3 class=\"wp-block-heading\"><strong>B. Dio scrive diritto sulle righe storte<\/strong><\/h3>\n\n\n\n<p>Forse hai vissuto fallimenti, errori, perdite o ferite che ti sembrano senza senso. Il messaggio della <em>felix culpa<\/em> \u00e8 chiaro: <strong>Dio pu\u00f2 far nascere il bene anche da ci\u00f2 che tu vedi come rovina.<\/strong><\/p>\n\n\n\n<p>\ud83d\udd25 <em>Guida teologica:<\/em><\/p>\n\n\n\n<ul class=\"wp-block-list\">\n<li>Rileggi la tua vita alla luce della Redenzione, non del fallimento.<\/li>\n\n\n\n<li>Chiedi allo Spirito Santo di mostrarti il senso nascosto delle ferite.<\/li>\n\n\n\n<li>Metti a frutto ci\u00f2 che hai vissuto: le tue cicatrici possono essere fonte di consolazione per altri.<\/li>\n<\/ul>\n\n\n\n<hr class=\"wp-block-separator has-alpha-channel-opacity\"\/>\n\n\n\n<h3 class=\"wp-block-heading\"><strong>C. La grazia di Dio supera ogni logica umana<\/strong><\/h3>\n\n\n\n<p>In un mondo che premia la prestazione, la perfezione e il merito, la <em>felix culpa<\/em> \u00e8 rivoluzionaria: <strong>non siamo salvati perch\u00e9 perfetti, ma perch\u00e9 amati.<\/strong><\/p>\n\n\n\n<p>\ud83c\udf3f <em>Guida pastorale:<\/em><\/p>\n\n\n\n<ul class=\"wp-block-list\">\n<li>Non aspettare di essere \u201cmigliore\u201d per avvicinarti a Dio.<\/li>\n\n\n\n<li>Accogli la tua povert\u00e0 spirituale come via di santit\u00e0.<\/li>\n\n\n\n<li>Ricorda: la croce \u2013 simbolo dell\u2019estremo male \u2013 \u00e8 diventata albero di vita.<\/li>\n<\/ul>\n\n\n\n<hr class=\"wp-block-separator has-alpha-channel-opacity\"\/>\n\n\n\n<h2 class=\"wp-block-heading\">6. Ma allora possiamo peccare con leggerezza?<\/h2>\n\n\n\n<p>Assolutamente no. La Chiesa \u00e8 chiara: <strong>non possiamo peccare \u201cper far abbondare la grazia\u201d<\/strong> (<em>cfr. CCC \u00a7\u00a7312\u2013314<\/em>). Il peccato ferisce sempre, allontana, distrugge. Ci\u00f2 che la <em>felix culpa<\/em> esalta non \u00e8 il peccato, ma <strong>la misericordia divina<\/strong>, che sa trarre bene anche da ci\u00f2 che \u00e8 malvagio.<\/p>\n\n\n\n<blockquote class=\"wp-block-quote is-layout-flow wp-block-quote-is-layout-flow\">\n<p>\u00abDunque, che cosa dobbiamo dire? Che dobbiamo peccare perch\u00e9 non siamo pi\u00f9 sotto la Legge ma sotto la grazia? No di certo!\u00bb<br>\u2014 <em>Romani 6,15<\/em><\/p>\n<\/blockquote>\n\n\n\n<hr class=\"wp-block-separator has-alpha-channel-opacity\"\/>\n\n\n\n<h2 class=\"wp-block-heading\">7. Il cuore del cristianesimo: un Dio che salva per amore<\/h2>\n\n\n\n<p>La <em>felix culpa<\/em> non \u00e8 solo un paradosso teologico. \u00c8 il cuore del cristianesimo: <strong>un Dio che non distrugge il peccatore, ma lo cerca, lo rialza, lo trasforma dall\u2019interno.<\/strong> \u00c8 la storia del figlio prodigo, della pecora smarrita, del buon ladrone sulla croce \u2013 \u00e8 la nostra storia.<\/p>\n\n\n\n<p>In un\u2019epoca segnata da disperazione, colpa e disillusione, questa verit\u00e0 risplende: <strong>nessun peccato \u00e8 pi\u00f9 grande dell\u2019amore di Dio.<\/strong> Ogni volta che ci lasciamo rialzare dalla sua grazia, viviamo la logica della <em>felix culpa<\/em>.<\/p>\n\n\n\n<hr class=\"wp-block-separator has-alpha-channel-opacity\"\/>\n\n\n\n<h2 class=\"wp-block-heading\">Conclusione: Il mistero che d\u00e0 senso alle nostre cadute<\/h2>\n\n\n\n<p><em>\u00abFelice colpa, che merit\u00f2 un cos\u00ec grande Redentore!\u00bb<\/em><br>Questo grido, proclamato nella notte pi\u00f9 santa dell\u2019anno, non celebra il peccato, ma <strong>l\u2019amore che lo ha vinto<\/strong>. La <em>felix culpa<\/em> \u00e8 un invito a guardare alle nostre ferite con gli occhi della fede e a credere che <strong>Dio \u00e8 pi\u00f9 grande del nostro peccato.<\/strong><\/p>\n\n\n\n<p>Se ti senti schiacciato dal passato, dalla colpa o dal fallimento\u2026 guarda a Cristo crocifisso e risorto. In Lui le tue cadute possono diventare l\u2019inizio di una vita nuova. Come Adamo sei caduto. Ma in Cristo puoi essere redento. E quella redenzione \u2013 per quanto paradossale \u2013 <strong>\u00e8 pi\u00f9 grande del paradiso perduto.<\/strong><\/p>\n\n\n\n<hr class=\"wp-block-separator has-alpha-channel-opacity\"\/>\n\n\n\n<h2 class=\"wp-block-heading\">Preghiera finale<\/h2>\n\n\n\n<p><strong>Signore,<br>che la disperazione non abbia mai l\u2019ultima parola.<br>Che ogni mia caduta mi avvicini a Te.<br>Trasforma la mia storia ferita in un inno alla Tua misericordia.<br>E come Adamo, fa\u2019 che in Te<br>non veda il giudizio, ma la redenzione.<br>Amen.<\/strong><\/p>\n","protected":false},"excerpt":{"rendered":"<p>Felix Culpa: fu \u201cbuona\u201d la caduta di Adamo? Il sorprendente concetto della \u201ccolpa felice\u201dUna guida teologica, spirituale e pastorale per scoprire la luce nel cuore del peccato e la speranza nella redenzione Introduzione: Quando il peccato apre la porta alla salvezza \u00c8 possibile che qualcosa di tragico come il peccato di Adamo ed Eva venga &hellip;<\/p>\n","protected":false},"author":3,"featured_media":4418,"comment_status":"open","ping_status":"open","sticky":false,"template":"","format":"standard","meta":{"_seopress_robots_primary_cat":"","_seopress_titles_title":"","_seopress_titles_desc":"","_seopress_robots_index":"","footnotes":""},"categories":[41,63],"tags":[1665],"class_list":["post-4417","post","type-post","status-publish","format-standard","has-post-thumbnail","","category-fede-e-cultura","category-filosofia-e-fede","tag-felix-culpa"],"_links":{"self":[{"href":"https:\/\/catholicus.eu\/it\/wp-json\/wp\/v2\/posts\/4417","targetHints":{"allow":["GET"]}}],"collection":[{"href":"https:\/\/catholicus.eu\/it\/wp-json\/wp\/v2\/posts"}],"about":[{"href":"https:\/\/catholicus.eu\/it\/wp-json\/wp\/v2\/types\/post"}],"author":[{"embeddable":true,"href":"https:\/\/catholicus.eu\/it\/wp-json\/wp\/v2\/users\/3"}],"replies":[{"embeddable":true,"href":"https:\/\/catholicus.eu\/it\/wp-json\/wp\/v2\/comments?post=4417"}],"version-history":[{"count":1,"href":"https:\/\/catholicus.eu\/it\/wp-json\/wp\/v2\/posts\/4417\/revisions"}],"predecessor-version":[{"id":4419,"href":"https:\/\/catholicus.eu\/it\/wp-json\/wp\/v2\/posts\/4417\/revisions\/4419"}],"wp:featuredmedia":[{"embeddable":true,"href":"https:\/\/catholicus.eu\/it\/wp-json\/wp\/v2\/media\/4418"}],"wp:attachment":[{"href":"https:\/\/catholicus.eu\/it\/wp-json\/wp\/v2\/media?parent=4417"}],"wp:term":[{"taxonomy":"category","embeddable":true,"href":"https:\/\/catholicus.eu\/it\/wp-json\/wp\/v2\/categories?post=4417"},{"taxonomy":"post_tag","embeddable":true,"href":"https:\/\/catholicus.eu\/it\/wp-json\/wp\/v2\/tags?post=4417"}],"curies":[{"name":"wp","href":"https:\/\/api.w.org\/{rel}","templated":true}]}}