{"id":4408,"date":"2025-07-07T23:27:37","date_gmt":"2025-07-07T21:27:37","guid":{"rendered":"https:\/\/catholicus.eu\/it\/?p=4408"},"modified":"2025-07-07T23:27:38","modified_gmt":"2025-07-07T21:27:38","slug":"magistero-chi-ha-lultima-parola-nella-chiesa","status":"publish","type":"post","link":"https:\/\/catholicus.eu\/it\/magistero-chi-ha-lultima-parola-nella-chiesa\/","title":{"rendered":"Magistero: Chi ha l\u2019ultima parola nella Chiesa?"},"content":{"rendered":"\n<p><em>Una guida teologica, pastorale e spirituale per comprendere l\u2019autorit\u00e0 nella Chiesa cattolica oggi<\/em><\/p>\n\n\n\n<hr class=\"wp-block-separator has-alpha-channel-opacity\"\/>\n\n\n\n<h3 class=\"wp-block-heading\">Introduzione: Chi parla in nome di Dio?<\/h3>\n\n\n\n<p>In tempi di confusione, tensioni interne alla Chiesa e opinioni contrastanti \u2013 anche tra i fedeli \u2013 molti cattolici si pongono una domanda centrale:<br><strong>Chi ha l\u2019ultima parola nella Chiesa?<\/strong><br>\u00c8 il Papa? I vescovi? La Sacra Scrittura? O la coscienza personale illuminata dallo Spirito Santo?<\/p>\n\n\n\n<p>La risposta a questa domanda non \u00e8 solo teorica, ma profondamente <strong>pratica e spirituale<\/strong>. Sapere chi ha l\u2019ultima parola nella Chiesa non riguarda solo una questione di autorit\u00e0: significa <strong>comprendere come vivere nella verit\u00e0, rimanere uniti al Corpo di Cristo, camminare nella fede e discernere con sapienza nel rumore del mondo.<\/strong><\/p>\n\n\n\n<p>Questo articolo desidera aiutarti a scoprire la profondit\u00e0 e la bellezza del <strong>Magistero della Chiesa<\/strong>: la sua storia, il suo fondamento teologico, la sua attualit\u00e0 \u2013 e soprattutto, <strong>come pu\u00f2 guidare e rafforzare la tua vita cristiana quotidiana.<\/strong><\/p>\n\n\n\n<hr class=\"wp-block-separator has-alpha-channel-opacity\"\/>\n\n\n\n<h2 class=\"wp-block-heading\">1. Che cos\u2019\u00e8 il Magistero della Chiesa?<\/h2>\n\n\n\n<p>La parola <em>magistero<\/em> deriva dal latino <em>magister<\/em>, cio\u00e8 \u201cmaestro\u201d. \u00c8 il compito della Chiesa di <strong>insegnare, custodire e interpretare autenticamente il Vangelo<\/strong>.<br>Non si tratta di un potere umano, ma di <strong>una missione divina affidata da Cristo stesso<\/strong>.<\/p>\n\n\n\n<p>Il <em>Catechismo della Chiesa Cattolica<\/em> lo spiega cos\u00ec:<\/p>\n\n\n\n<blockquote class=\"wp-block-quote is-layout-flow wp-block-quote-is-layout-flow\">\n<p><strong>\u00abL\u2019ufficio di interpretare autenticamente la Parola di Dio, scritta o trasmessa, \u00e8 affidato solo al Magistero vivo della Chiesa, la cui autorit\u00e0 \u00e8 esercitata nel nome di Ges\u00f9 Cristo. Questo Magistero non \u00e8 superiore alla Parola di Dio, ma la serve.\u00bb<\/strong> (CCC 85)<\/p>\n<\/blockquote>\n\n\n\n<p>Il Magistero <strong>non si pone al di sopra della Rivelazione<\/strong>, ma <strong>le \u00e8 al servizio<\/strong>, per custodirla e trasmetterla fedelmente attraverso i secoli.<\/p>\n\n\n\n<hr class=\"wp-block-separator has-alpha-channel-opacity\"\/>\n\n\n\n<h2 class=\"wp-block-heading\">2. Chi compone il Magistero?<\/h2>\n\n\n\n<h3 class=\"wp-block-heading\">a) <strong>Il Papa da solo:<\/strong><\/h3>\n\n\n\n<p>Quando il Papa parla <em>ex cathedra<\/em> (cio\u00e8 in maniera solenne e definitiva su materie di fede e di morale), il suo insegnamento \u00e8 <strong>infallibile<\/strong>, per assistenza dello Spirito Santo. Questa verit\u00e0 \u00e8 stata definita <strong>dogma dal Concilio Vaticano I (1870)<\/strong>.<\/p>\n\n\n\n<blockquote class=\"wp-block-quote is-layout-flow wp-block-quote-is-layout-flow\">\n<p>\u00abTu sei Pietro, e su questa pietra edificher\u00f2 la mia Chiesa, e le potenze degli inferi non prevarranno su di essa.\u00bb (Matteo 16,18)<\/p>\n<\/blockquote>\n\n\n\n<h3 class=\"wp-block-heading\">b) <strong>Il Collegio dei Vescovi in comunione con il Papa:<\/strong><\/h3>\n\n\n\n<p>Quando tutti i vescovi del mondo, uniti al Papa, definiscono una verit\u00e0 di fede (ad esempio in un Concilio ecumenico), esercitano anch\u2019essi il <strong>Magistero infallibile<\/strong>.<\/p>\n\n\n\n<h3 class=\"wp-block-heading\">c) <strong>Il Magistero ordinario:<\/strong><\/h3>\n\n\n\n<p>Comprende gli insegnamenti quotidiani del Papa o dei vescovi, anche se non definiti come dogmi. Sono <strong>insegnamenti autentici<\/strong> che richiedono dai fedeli un <em>religioso ossequio dell\u2019intelletto e della volont\u00e0<\/em>. Sono fondamentali per la vita cristiana e per orientarsi con sicurezza.<\/p>\n\n\n\n<hr class=\"wp-block-separator has-alpha-channel-opacity\"\/>\n\n\n\n<h2 class=\"wp-block-heading\">3. Breve storia del Magistero: dagli Apostoli ad oggi<\/h2>\n\n\n\n<h3 class=\"wp-block-heading\">Nella Chiesa primitiva:<\/h3>\n\n\n\n<p>Ges\u00f9 affid\u00f2 agli Apostoli il compito di annunciare il Vangelo e custodire la verit\u00e0. Pietro fu costituito come roccia e principio visibile dell\u2019unit\u00e0.<br>Fin dagli inizi, la Chiesa cominci\u00f2 a <strong>discernere e insegnare in modo autorevole<\/strong> le verit\u00e0 rivelate.<\/p>\n\n\n\n<h3 class=\"wp-block-heading\">I primi secoli:<\/h3>\n\n\n\n<ul class=\"wp-block-list\">\n<li>La Chiesa defin\u00ec le verit\u00e0 fondamentali contro le eresie: la divinit\u00e0 di Cristo, la Trinit\u00e0, la verginit\u00e0 di Maria, i sacramenti.<\/li>\n\n\n\n<li>I <strong>Padri della Chiesa<\/strong> come Agostino, Atanasio, Leone Magno furono difensori instancabili della fede ortodossa.<\/li>\n<\/ul>\n\n\n\n<h3 class=\"wp-block-heading\">Il Medioevo:<\/h3>\n\n\n\n<ul class=\"wp-block-list\">\n<li>Teologi come <strong>san Tommaso d\u2019Aquino<\/strong> approfondirono la dottrina cattolica con grande rigore e fedelt\u00e0 al Magistero.<\/li>\n\n\n\n<li>I Concili (Laterano, Lione, ecc.) definirono importanti verit\u00e0 teologiche e morali.<\/li>\n<\/ul>\n\n\n\n<h3 class=\"wp-block-heading\">L\u2019epoca moderna:<\/h3>\n\n\n\n<ul class=\"wp-block-list\">\n<li>La Riforma protestante contest\u00f2 l\u2019autorit\u00e0 della Chiesa: il <strong>Concilio di Trento (1545\u20131563)<\/strong> rispose con chiarezza dottrinale.<\/li>\n\n\n\n<li>Il <strong>Concilio Vaticano I (1869\u20131870)<\/strong> defin\u00ec il dogma dell\u2019infallibilit\u00e0 del Papa <em>ex cathedra<\/em>.<\/li>\n<\/ul>\n\n\n\n<h3 class=\"wp-block-heading\">Il XX e XXI secolo:<\/h3>\n\n\n\n<ul class=\"wp-block-list\">\n<li>Il <strong>Concilio Vaticano II (1962\u20131965)<\/strong> ha dato nuovo slancio al Magistero in chiave pastorale, senza proclamare nuovi dogmi, ma con grande autorit\u00e0.<\/li>\n\n\n\n<li>I Papi recenti \u2013 <strong>Giovanni Paolo II, Benedetto XVI, Francesco<\/strong> \u2013 hanno arricchito il Magistero con encicliche, esortazioni, catechesi e documenti su temi morali, spirituali e sociali.<\/li>\n<\/ul>\n\n\n\n<hr class=\"wp-block-separator has-alpha-channel-opacity\"\/>\n\n\n\n<h2 class=\"wp-block-heading\">4. Perch\u00e9 il Magistero \u00e8 necessario?<\/h2>\n\n\n\n<p>In un\u2019epoca in cui ognuno sembra costruirsi la propria \u201cverit\u00e0\u201d, il Magistero \u00e8 <strong>un baluardo contro il relativismo, la confusione e la perdita della fede.<\/strong><\/p>\n\n\n\n<p>Cristo ha promesso di inviare lo Spirito Santo che \u00abvi guider\u00e0 alla verit\u00e0 tutta intera\u00bb (Giovanni 16,13).<br>\u00c8 proprio <strong>attraverso il Magistero che lo Spirito agisce<\/strong>, per custodire l\u2019integrit\u00e0 della fede nel tempo.<\/p>\n\n\n\n<blockquote class=\"wp-block-quote is-layout-flow wp-block-quote-is-layout-flow\">\n<p><strong>\u00abC\u2019\u00e8 una via che sembra diritta all\u2019uomo, ma alla fine conduce alla morte.\u00bb<\/strong> (Proverbi 14,12)<\/p>\n<\/blockquote>\n\n\n\n<hr class=\"wp-block-separator has-alpha-channel-opacity\"\/>\n\n\n\n<h2 class=\"wp-block-heading\">5. Magistero e coscienza personale: posso dissentire?<\/h2>\n\n\n\n<p>Si sente spesso dire: <em>Seguo la mia coscienza, non il Papa.<\/em><br>\u00c8 vero che la coscienza \u00e8 sacra. Ma <strong>non \u00e8 infallibile<\/strong>: ha bisogno di essere <strong>formata alla luce della verit\u00e0 rivelata.<\/strong><\/p>\n\n\n\n<p>Il Magistero <strong>non si sostituisce alla coscienza<\/strong>, ma <strong>la illumina e la guida<\/strong>.<br>Se la coscienza \u00e8 in contrasto con la dottrina della Chiesa, non \u00e8 detto che la Chiesa sbagli, ma spesso significa che <strong>la coscienza non \u00e8 ancora sufficientemente formata.<\/strong><\/p>\n\n\n\n<blockquote class=\"wp-block-quote is-layout-flow wp-block-quote-is-layout-flow\">\n<p>\u00abChi ascolta voi, ascolta me.\u00bb (Luca 10,16)<\/p>\n<\/blockquote>\n\n\n\n<hr class=\"wp-block-separator has-alpha-channel-opacity\"\/>\n\n\n\n<h2 class=\"wp-block-heading\">6. Guida pratica teologica e pastorale: Come vivere il Magistero nella vita quotidiana?<\/h2>\n\n\n\n<h3 class=\"wp-block-heading\">a) <strong>Approfondisci la tua formazione<\/strong><\/h3>\n\n\n\n<ul class=\"wp-block-list\">\n<li>Leggi il <em>Catechismo della Chiesa Cattolica<\/em>.<\/li>\n\n\n\n<li>Familiarizzati con i documenti magisteriali: encicliche, concili, lettere apostoliche.<\/li>\n\n\n\n<li>Usa fonti affidabili: oggi molti documenti sono scritti in modo accessibile per tutti.<\/li>\n<\/ul>\n\n\n\n<h3 class=\"wp-block-heading\">b) <strong>Distingui tra opinioni e dottrina<\/strong><\/h3>\n\n\n\n<ul class=\"wp-block-list\">\n<li>Non tutte le opinioni di teologi, influencer o sacerdoti rappresentano il Magistero.<\/li>\n\n\n\n<li>Fai riferimento alla Tradizione: <em>quod ubique, quod semper, quod ab omnibus creditum est<\/em> (\u201cci\u00f2 che \u00e8 stato creduto ovunque, sempre e da tutti\u201d).<\/li>\n<\/ul>\n\n\n\n<h3 class=\"wp-block-heading\">c) <strong>Rimani in comunione con il Papa e i Vescovi<\/strong><\/h3>\n\n\n\n<ul class=\"wp-block-list\">\n<li>Anche se non comprendi tutto, la fedelt\u00e0 non \u00e8 cieca sottomissione, ma <strong>atto di fiducia<\/strong> in Cristo e nella sua Chiesa.<\/li>\n\n\n\n<li>La critica, quando \u00e8 necessaria, dev\u2019essere fatta con carit\u00e0, rispetto, e senza cadere nella ribellione o nello scisma.<\/li>\n<\/ul>\n\n\n\n<h3 class=\"wp-block-heading\">d) <strong>Vivi concretamente il Magistero<\/strong><\/h3>\n\n\n\n<ul class=\"wp-block-list\">\n<li>Sulla famiglia: vivi il matrimonio secondo la visione sacramentale.<\/li>\n\n\n\n<li>Sulla dignit\u00e0 umana: guida le tue scelte professionali, politiche, bioetiche secondo i principi della dottrina sociale cattolica.<\/li>\n\n\n\n<li>Sulla preghiera e i sacramenti: frequenta la Messa, confessa regolarmente, vivi una vita spirituale coerente con la fede insegnata dalla Chiesa.<\/li>\n<\/ul>\n\n\n\n<hr class=\"wp-block-separator has-alpha-channel-opacity\"\/>\n\n\n\n<h2 class=\"wp-block-heading\">7. In sintesi: Chi ha l\u2019ultima parola?<\/h2>\n\n\n\n<p><strong>L\u2019ultima parola l\u2019ha Cristo.<\/strong> E Cristo parla <strong>attraverso la sua Chiesa<\/strong>, in particolare <strong>attraverso il Magistero<\/strong>, istituito da Lui stesso.<\/p>\n\n\n\n<p>Confidare nel Magistero significa <strong>confidare in Cristo<\/strong>, che ha promesso:<\/p>\n\n\n\n<blockquote class=\"wp-block-quote is-layout-flow wp-block-quote-is-layout-flow\">\n<p>\u00abIo sono con voi tutti i giorni, fino alla fine del mondo.\u00bb (Matteo 28,20)<\/p>\n<\/blockquote>\n\n\n\n<p>Questo non significa annullare la ragione o la libert\u00e0, ma <strong>obbedire con fede, per rimanere nella verit\u00e0.<\/strong><\/p>\n\n\n\n<hr class=\"wp-block-separator has-alpha-channel-opacity\"\/>\n\n\n\n<h3 class=\"wp-block-heading\">Conclusione: Il Magistero come bussola sicura<\/h3>\n\n\n\n<p>Nel mare agitato del mondo moderno, il Magistero \u00e8 <strong>una bussola affidabile, che punta sempre a Nord: verso la Verit\u00e0.<\/strong><br>Non segue le mode del tempo, ma <strong>annuncia il Vangelo, ieri, oggi e per sempre.<\/strong><\/p>\n\n\n\n<p>Come scrive san Paolo:<\/p>\n\n\n\n<blockquote class=\"wp-block-quote is-layout-flow wp-block-quote-is-layout-flow\">\n<p><strong>\u00abSe anche noi stessi o un angelo dal cielo vi annunciasse un Vangelo diverso da quello che vi abbiamo annunciato, sia anatema!\u00bb<\/strong> (Galati 1,8)<\/p>\n<\/blockquote>\n\n\n\n<p><strong>Ascolta dunque la Chiesa.<br>Ama la sua dottrina.<br>Studiala.<br>Difendila.<br>Vivila.<\/strong><br>E conoscerai la pace di chi <strong>non cammina nel buio<\/strong>, ma naviga <strong>a bordo della barca guidata da Cristo stesso.<\/strong><\/p>\n","protected":false},"excerpt":{"rendered":"<p>Una guida teologica, pastorale e spirituale per comprendere l\u2019autorit\u00e0 nella Chiesa cattolica oggi Introduzione: Chi parla in nome di Dio? In tempi di confusione, tensioni interne alla Chiesa e opinioni contrastanti \u2013 anche tra i fedeli \u2013 molti cattolici si pongono una domanda centrale:Chi ha l\u2019ultima parola nella Chiesa?\u00c8 il Papa? I vescovi? La Sacra &hellip;<\/p>\n","protected":false},"author":3,"featured_media":4409,"comment_status":"open","ping_status":"open","sticky":false,"template":"","format":"standard","meta":{"_seopress_robots_primary_cat":"","_seopress_titles_title":"","_seopress_titles_desc":"","_seopress_robots_index":"","footnotes":""},"categories":[51,38],"tags":[278],"class_list":["post-4408","post","type-post","status-publish","format-standard","has-post-thumbnail","","category-magistero-della-chiesa","category-storia-e-tradizione","tag-magistero"],"_links":{"self":[{"href":"https:\/\/catholicus.eu\/it\/wp-json\/wp\/v2\/posts\/4408","targetHints":{"allow":["GET"]}}],"collection":[{"href":"https:\/\/catholicus.eu\/it\/wp-json\/wp\/v2\/posts"}],"about":[{"href":"https:\/\/catholicus.eu\/it\/wp-json\/wp\/v2\/types\/post"}],"author":[{"embeddable":true,"href":"https:\/\/catholicus.eu\/it\/wp-json\/wp\/v2\/users\/3"}],"replies":[{"embeddable":true,"href":"https:\/\/catholicus.eu\/it\/wp-json\/wp\/v2\/comments?post=4408"}],"version-history":[{"count":1,"href":"https:\/\/catholicus.eu\/it\/wp-json\/wp\/v2\/posts\/4408\/revisions"}],"predecessor-version":[{"id":4410,"href":"https:\/\/catholicus.eu\/it\/wp-json\/wp\/v2\/posts\/4408\/revisions\/4410"}],"wp:featuredmedia":[{"embeddable":true,"href":"https:\/\/catholicus.eu\/it\/wp-json\/wp\/v2\/media\/4409"}],"wp:attachment":[{"href":"https:\/\/catholicus.eu\/it\/wp-json\/wp\/v2\/media?parent=4408"}],"wp:term":[{"taxonomy":"category","embeddable":true,"href":"https:\/\/catholicus.eu\/it\/wp-json\/wp\/v2\/categories?post=4408"},{"taxonomy":"post_tag","embeddable":true,"href":"https:\/\/catholicus.eu\/it\/wp-json\/wp\/v2\/tags?post=4408"}],"curies":[{"name":"wp","href":"https:\/\/api.w.org\/{rel}","templated":true}]}}