{"id":4396,"date":"2025-07-07T17:34:53","date_gmt":"2025-07-07T15:34:53","guid":{"rendered":"https:\/\/catholicus.eu\/it\/?p=4396"},"modified":"2025-07-07T17:34:53","modified_gmt":"2025-07-07T15:34:53","slug":"sublapsarianesimo-il-dibattito-teologico-che-divise-i-santi","status":"publish","type":"post","link":"https:\/\/catholicus.eu\/it\/sublapsarianesimo-il-dibattito-teologico-che-divise-i-santi\/","title":{"rendered":"Sublapsarianesimo: Il dibattito teologico che divise i santi"},"content":{"rendered":"\n<p><em>Una guida spirituale, accessibile e profonda, per comprendere un dilemma centrale nella storia del pensiero cristiano<\/em><\/p>\n\n\n\n<hr class=\"wp-block-separator has-alpha-channel-opacity\"\/>\n\n\n\n<h3 class=\"wp-block-heading\">Introduzione: Perch\u00e9 un antico dibattito teologico \u00e8 ancora attuale oggi?<\/h3>\n\n\n\n<p>Talvolta, i dibattiti teologici sembrano relegati alle aule dei seminari o ai concili del passato. Eppure, alcuni di essi incidono direttamente sul nostro modo di comprendere Dio, la nostra relazione con Lui e il modo in cui viviamo la fede. Uno di questi dibattiti, meno noto ma di grande importanza, \u00e8 quello sul <strong>sublapsarianesimo<\/strong>: una controversia che, sebbene sia sorta in ambito riformato, tocca questioni fondamentali della teologia cristiana: grazia, predestinazione, libert\u00e0 umana e misericordia divina.<\/p>\n\n\n\n<p>Parlare oggi di sublapsarianesimo non significa semplicemente riaprire una disputa intellettuale. \u00c8 piuttosto aprire il cuore a una domanda che ogni credente inevitabilmente si pone: <em>Qual \u00e8 il cuore di Dio nel suo rapporto con l\u2019uomo peccatore?<\/em> Questo articolo vuole essere una guida chiara, profonda e pastorale per comprendere questo concetto, la sua storia, la sua rilevanza teologica e, soprattutto, la sua applicazione spirituale nella vita quotidiana.<\/p>\n\n\n\n<hr class=\"wp-block-separator has-alpha-channel-opacity\"\/>\n\n\n\n<h3 class=\"wp-block-heading\">I. Origine del dibattito: Che cos\u2019\u00e8 il sublapsarianesimo?<\/h3>\n\n\n\n<p>La parola <strong>sublapsarianesimo<\/strong> deriva dal latino <em>sub lapsu<\/em>, che significa \u201cdopo la caduta\u201d. Si tratta di una corrente teologica che cerca di ordinare logicamente i decreti eterni di Dio riguardo alla creazione, alla caduta dell\u2019uomo e alla predestinazione.<\/p>\n\n\n\n<p>Questo concetto \u00e8 emerso nel <strong>calvinismo post-riformato<\/strong>, come risposta alla domanda: <em>In quale ordine logico \u2014 non cronologico \u2014 Dio ha stabilito i Suoi decreti eterni riguardanti l\u2019umanit\u00e0?<\/em><\/p>\n\n\n\n<p>Il <strong>sublapsarianesimo<\/strong> sostiene che Dio, nel Suo disegno eterno:<\/p>\n\n\n\n<ol class=\"wp-block-list\">\n<li>Ha decretato di creare l\u2019uomo.<\/li>\n\n\n\n<li>Ha decretato di permettere la caduta (il peccato originale).<\/li>\n\n\n\n<li>Ha decretato di eleggere alcuni alla salvezza (gli eletti) e di permettere che altri, a causa dei loro peccati, si perdano.<\/li>\n\n\n\n<li>Ha decretato di inviare Cristo come Redentore degli eletti.<\/li>\n\n\n\n<li>Ha decretato di inviare lo Spirito Santo per applicare la redenzione.<\/li>\n<\/ol>\n\n\n\n<p>\u00c8 importante sottolineare che si tratta di un ordine <strong>logico<\/strong>, non cronologico. Nessuno afferma che Dio \u201ccambi idea\u201d o \u201caspetti che accada qualcosa\u201d per agire. La teologia parla di decreti eterni, presenti in Dio da sempre. Ma ordinarli logicamente ci aiuta a comprendere meglio <em>come<\/em> Dio agisca, secondo la Sua giustizia, saggezza e misericordia.<\/p>\n\n\n\n<hr class=\"wp-block-separator has-alpha-channel-opacity\"\/>\n\n\n\n<h3 class=\"wp-block-heading\">II. Il supralapsarianesimo: L\u2019altra faccia del dibattito<\/h3>\n\n\n\n<p>Per comprendere il sublapsarianesimo, \u00e8 necessario conoscere il suo opposto: il <strong>supralapsarianesimo<\/strong> (dal latino <em>supra lapsum<\/em>, \u201cprima della caduta\u201d).<\/p>\n\n\n\n<p>Questa scuola di pensiero afferma che, nell\u2019ordine logico dei decreti divini:<\/p>\n\n\n\n<ol class=\"wp-block-list\">\n<li>Dio ha decretato di eleggere alcuni alla gloria e di riprovare altri alla dannazione.<\/li>\n\n\n\n<li>Poi ha decretato di creare tutti gli uomini.<\/li>\n\n\n\n<li>Ha decretato di permettere la caduta.<\/li>\n\n\n\n<li>Ha decretato di redimere gli eletti mediante Cristo.<\/li>\n\n\n\n<li>Ha decretato di applicare questa redenzione.<\/li>\n<\/ol>\n\n\n\n<p>Secondo questa visione, Dio avrebbe pensato all\u2019elezione e alla riprovazione <em>prima<\/em> ancora della creazione e della caduta. Questo porta a un\u2019immagine di Dio centrata maggiormente sulla Sua sovranit\u00e0 assoluta, ma anche \u2014 secondo alcuni \u2014 pi\u00f9 difficile da conciliare con l\u2019idea della misericordia e dell\u2019amore universale.<\/p>\n\n\n\n<hr class=\"wp-block-separator has-alpha-channel-opacity\"\/>\n\n\n\n<h3 class=\"wp-block-heading\">III. Anche i santi erano in disaccordo: Un dibattito che divise i fedeli<\/h3>\n\n\n\n<p>Anche se questa disputa fu pi\u00f9 intensa nell\u2019ambiente riformato, la questione dell\u2019ordine dei decreti divini \u00e8 stata affrontata \u2014 con sfumature diverse \u2014 anche nella tradizione cattolica. Tuttavia, nel protestantesimo, lo scontro tra <strong>sublapsariani<\/strong> e <strong>supralapsariani<\/strong> fu cos\u00ec acceso che persino santi, pastori e teologi profondamente devoti presero posizione.<\/p>\n\n\n\n<p>Per esempio, <strong>Teodoro di Beza<\/strong>, successore di Calvino a Ginevra, propendeva per il supralapsarianesimo. Altri riformatori come <strong>Fran\u00e7ois Turretin<\/strong> e molti pastori olandesi del Sinodo di Dordrecht (1618\u20131619) difendevano posizioni sublapsariane.<\/p>\n\n\n\n<p>Perch\u00e9 tanto fervore intorno a una questione apparentemente tecnica? Perch\u00e9, in realt\u00e0, non si trattava solo di logica. Si trattava dell\u2019<strong>immagine di Dio<\/strong> trasmessa ai fedeli. Dio \u00e8 un essere che decide di condannare prima ancora di prevedere la caduta? O \u00e8 un Padre che, vedendo la miseria dei suoi figli caduti, sceglie di salvarne alcuni con misericordia insondabile?<\/p>\n\n\n\n<hr class=\"wp-block-separator has-alpha-channel-opacity\"\/>\n\n\n\n<h3 class=\"wp-block-heading\">IV. La prospettiva cattolica: Grazia, libert\u00e0 e mistero<\/h3>\n\n\n\n<p>La Chiesa cattolica non ha mai adottato ufficialmente nessuna delle due posizioni come dottrina vincolante. Tuttavia, ha riflettuto a fondo su queste questioni, soprattutto a partire dal Concilio di Trento, che ha affrontato il rapporto tra grazia e libert\u00e0 umana in risposta alle eresie protestanti.<\/p>\n\n\n\n<p>Nella tradizione cattolica, si afferma con chiarezza che:<\/p>\n\n\n\n<ul class=\"wp-block-list\">\n<li><strong>Dio vuole che tutti gli uomini siano salvati<\/strong> (1 Timoteo 2,4).<\/li>\n\n\n\n<li><strong>La predestinazione esiste<\/strong>, ma sempre in vista del merito di Cristo e senza eliminare la libert\u00e0 umana.<\/li>\n\n\n\n<li><strong>Il mistero del male e del peccato non pu\u00f2 essere attribuito direttamente a Dio<\/strong>, poich\u00e9 Egli \u00e8 infinitamente buono e non vuole il peccato.<\/li>\n<\/ul>\n\n\n\n<p>Per questo motivo, molti teologi cattolici hanno adottato posizioni <strong>pi\u00f9 vicine al sublapsarianesimo<\/strong>, riconoscendo che Dio permette la caduta ma non la causa, e che la Sua predestinazione \u00e8 una risposta misericordiosa a un mondo ferito dal peccato, non una condanna arbitraria.<\/p>\n\n\n\n<p>San Tommaso d\u2019Aquino, pur non usando questi termini, offre una visione equilibrata: per lui, Dio muove tutte le cose con sovranit\u00e0, ma senza annullare la libert\u00e0 umana n\u00e9 la responsabilit\u00e0 morale.<\/p>\n\n\n\n<hr class=\"wp-block-separator has-alpha-channel-opacity\"\/>\n\n\n\n<h3 class=\"wp-block-heading\">V. Implicazioni spirituali: Cosa significa tutto ci\u00f2 per la mia vita?<\/h3>\n\n\n\n<p>Questo pu\u00f2 sembrare un tema per specialisti. Ma non \u00e8 cos\u00ec. Ci\u00f2 che crediamo su Dio e sul Suo rapporto con il peccato influisce profondamente sul modo in cui viviamo la fede.<\/p>\n\n\n\n<h4 class=\"wp-block-heading\">1. <strong>Dio non \u00e8 un boia cosmico<\/strong><\/h4>\n\n\n\n<p>Se si immagina che Dio abbia condannato alcuni fin dall\u2019eternit\u00e0 senza altra causa, si rischia di sviluppare una spiritualit\u00e0 fondata sulla paura, sul fatalismo o persino sul risentimento verso Dio.<\/p>\n\n\n\n<p>Il sublapsarianesimo \u2014 e ancor pi\u00f9 la teologia cattolica \u2014 ci ricorda che <strong>Dio \u00e8 giusto, ma anche misericordioso<\/strong>. Egli non gode della dannazione del peccatore. Come dice Ezechiele:<\/p>\n\n\n\n<blockquote class=\"wp-block-quote is-layout-flow wp-block-quote-is-layout-flow\">\n<p>\u00abForse che io ho piacere della morte del malvagio? \u2014 oracolo del Signore Dio \u2014 e non piuttosto che desista dalla sua condotta e viva?\u00bb (Ez 18,23)<\/p>\n<\/blockquote>\n\n\n\n<h4 class=\"wp-block-heading\">2. <strong>Il peccato \u00e8 reale, ma non ha l\u2019ultima parola<\/strong><\/h4>\n\n\n\n<p>Il fatto che Dio abbia decretato la salvezza <em>dopo<\/em> aver permesso la caduta ci mostra che <strong>il male non sorprende Dio<\/strong>. Egli sa trarre il bene dal male. Il sublapsarianesimo sottolinea <strong>la redenzione come risposta misericordiosa<\/strong> al peccato umano, non come un capriccio divino.<\/p>\n\n\n\n<p>Questo ci invita a vivere nella fiducia: <strong>non esiste caduta da cui Dio non possa rialzarci<\/strong>.<\/p>\n\n\n\n<h4 class=\"wp-block-heading\">3. <strong>La grazia non elimina la libert\u00e0: la perfeziona<\/strong><\/h4>\n\n\n\n<p>Dio sceglie, s\u00ec. Ma attende anche la nostra risposta libera. La predestinazione, se ben compresa, non \u00e8 determinismo, ma una garanzia che <strong>la grazia precede, sostiene e corona tutta la nostra vita cristiana<\/strong>.<\/p>\n\n\n\n<p>Per questo san Paolo ci esorta:<\/p>\n\n\n\n<blockquote class=\"wp-block-quote is-layout-flow wp-block-quote-is-layout-flow\">\n<p>\u00abAdoperatevi con timore e tremore per la vostra salvezza. \u00c8 Dio infatti che suscita in voi il volere e l\u2019operare secondo il suo disegno d\u2019amore.\u00bb (Filippesi 2,12-13)<\/p>\n<\/blockquote>\n\n\n\n<p>La salvezza non \u00e8 un copione chiuso, ma un cammino di cooperazione tra Dio e l\u2019anima.<\/p>\n\n\n\n<hr class=\"wp-block-separator has-alpha-channel-opacity\"\/>\n\n\n\n<h3 class=\"wp-block-heading\">VI. Un invito all\u2019umilt\u00e0 teologica<\/h3>\n\n\n\n<p>Dibattiti come quello sul sublapsarianesimo ci insegnano anche una grande lezione: <strong>l\u2019umilt\u00e0<\/strong>. La mente umana pu\u00f2 ragionare a lungo, ma <strong>il mistero di Dio supera le nostre categorie<\/strong>.<\/p>\n\n\n\n<p>Ci\u00f2 che conta davvero non \u00e8 risolvere tutti i dilemmi, ma <strong>confidare che Dio \u00e8 amore<\/strong>, come ci ha rivelato in Ges\u00f9 Cristo. Come dice san Paolo:<\/p>\n\n\n\n<blockquote class=\"wp-block-quote is-layout-flow wp-block-quote-is-layout-flow\">\n<p>\u00abO profondit\u00e0 della ricchezza, della sapienza e della scienza di Dio! Quanto sono imperscrutabili i suoi giudizi e inaccessibili le sue vie!\u00bb (Romani 11,33)<\/p>\n<\/blockquote>\n\n\n\n<hr class=\"wp-block-separator has-alpha-channel-opacity\"\/>\n\n\n\n<h3 class=\"wp-block-heading\">Conclusione: Riscoprire il volto del Dio che salva<\/h3>\n\n\n\n<p>Il sublapsarianesimo, pi\u00f9 che un\u2019etichetta teologica, \u00e8 un invito a pensare con profondit\u00e0 e fede al mistero della salvezza. Ci ricorda che <strong>Dio non \u00e8 indifferente alla nostra sofferenza<\/strong>, che <strong>il peccato non fa parte del Suo piano originario<\/strong>, ma <strong>la redenzione s\u00ec<\/strong>.<\/p>\n\n\n\n<p>Questo antico dibattito ci spinge a vivere con pi\u00f9 speranza, a fidarci di pi\u00f9 della misericordia divina e a collaborare con la Sua grazia nella nostra storia di salvezza. Non siamo predestinati al fallimento: siamo <strong>chiamati alla santit\u00e0<\/strong>.<\/p>\n\n\n\n<p>Che questa conoscenza non resti teorica, ma ispiri la tua preghiera, il tuo combattimento interiore e il tuo modo di vedere gli altri. Perch\u00e9 in Cristo, tutti i caduti possono essere rialzati. E perch\u00e9, al di l\u00e0 di ogni formula teologica, <strong>il cuore di Dio \u00e8 pi\u00f9 grande della nostra ragione<\/strong>.<\/p>\n\n\n\n<hr class=\"wp-block-separator has-alpha-channel-opacity\"\/>\n\n\n\n<p><strong>\u00abNon sono i sani che hanno bisogno del medico, ma i malati. Non sono venuto a chiamare i giusti, ma i peccatori.\u00bb<\/strong><br><em>(Marco 2,17)<\/em><\/p>\n","protected":false},"excerpt":{"rendered":"<p>Una guida spirituale, accessibile e profonda, per comprendere un dilemma centrale nella storia del pensiero cristiano Introduzione: Perch\u00e9 un antico dibattito teologico \u00e8 ancora attuale oggi? Talvolta, i dibattiti teologici sembrano relegati alle aule dei seminari o ai concili del passato. Eppure, alcuni di essi incidono direttamente sul nostro modo di comprendere Dio, la nostra &hellip;<\/p>\n","protected":false},"author":3,"featured_media":4397,"comment_status":"open","ping_status":"open","sticky":false,"template":"","format":"standard","meta":{"_seopress_robots_primary_cat":"","_seopress_titles_title":"","_seopress_titles_desc":"","_seopress_robots_index":"","footnotes":""},"categories":[41,63],"tags":[1660],"class_list":["post-4396","post","type-post","status-publish","format-standard","has-post-thumbnail","","category-fede-e-cultura","category-filosofia-e-fede","tag-sublapsarianesimo"],"_links":{"self":[{"href":"https:\/\/catholicus.eu\/it\/wp-json\/wp\/v2\/posts\/4396","targetHints":{"allow":["GET"]}}],"collection":[{"href":"https:\/\/catholicus.eu\/it\/wp-json\/wp\/v2\/posts"}],"about":[{"href":"https:\/\/catholicus.eu\/it\/wp-json\/wp\/v2\/types\/post"}],"author":[{"embeddable":true,"href":"https:\/\/catholicus.eu\/it\/wp-json\/wp\/v2\/users\/3"}],"replies":[{"embeddable":true,"href":"https:\/\/catholicus.eu\/it\/wp-json\/wp\/v2\/comments?post=4396"}],"version-history":[{"count":1,"href":"https:\/\/catholicus.eu\/it\/wp-json\/wp\/v2\/posts\/4396\/revisions"}],"predecessor-version":[{"id":4398,"href":"https:\/\/catholicus.eu\/it\/wp-json\/wp\/v2\/posts\/4396\/revisions\/4398"}],"wp:featuredmedia":[{"embeddable":true,"href":"https:\/\/catholicus.eu\/it\/wp-json\/wp\/v2\/media\/4397"}],"wp:attachment":[{"href":"https:\/\/catholicus.eu\/it\/wp-json\/wp\/v2\/media?parent=4396"}],"wp:term":[{"taxonomy":"category","embeddable":true,"href":"https:\/\/catholicus.eu\/it\/wp-json\/wp\/v2\/categories?post=4396"},{"taxonomy":"post_tag","embeddable":true,"href":"https:\/\/catholicus.eu\/it\/wp-json\/wp\/v2\/tags?post=4396"}],"curies":[{"name":"wp","href":"https:\/\/api.w.org\/{rel}","templated":true}]}}