{"id":4272,"date":"2025-06-20T23:08:10","date_gmt":"2025-06-20T21:08:10","guid":{"rendered":"https:\/\/catholicus.eu\/it\/?p=4272"},"modified":"2025-06-20T23:08:10","modified_gmt":"2025-06-20T21:08:10","slug":"chartres-il-pellegrinaggio-del-cuore-cattolico-che-marcia-controcorrente","status":"publish","type":"post","link":"https:\/\/catholicus.eu\/it\/chartres-il-pellegrinaggio-del-cuore-cattolico-che-marcia-controcorrente\/","title":{"rendered":"Chartres: Il Pellegrinaggio del Cuore Cattolico che Marcia Controcorrente"},"content":{"rendered":"\n<h3 class=\"wp-block-heading\">Introduzione: Una marcia verso Dio, controcorrente<\/h3>\n\n\n\n<p>In un tempo segnato dal rumore, dalla fretta e dalla confusione spirituale, migliaia di cattolici di ogni et\u00e0, condizione e nazionalit\u00e0 si mettono in cammino per compiere ci\u00f2 che al mondo moderno pu\u00f2 sembrare una follia: camminare per oltre 100 chilometri in tre giorni, da Parigi a Chartres, guidati dalla fede, sostenuti dalla tradizione, animati dalla speranza e uniti nell\u2019amore per Cristo e per la sua Santissima Madre.<br>Il pellegrinaggio a Chartres non \u00e8 una semplice camminata devozionale. \u00c8 un grido silenzioso ma fermo di fedelt\u00e0 alla Tradizione della Chiesa, una scuola di santit\u00e0, un deserto temporaneo in cui le anime si purificano, una testimonianza viva che la Fede non \u00e8 morta, e un modo concreto di resistere alla mondanit\u00e0 del nostro tempo.<\/p>\n\n\n\n<p>Oggi pi\u00f9 che mai \u00e8 urgente riscoprire il valore spirituale, teologico e pastorale del pellegrinaggio, e Chartres \u00e8 senza dubbio uno degli esempi pi\u00f9 potenti e significativi.<\/p>\n\n\n\n<hr class=\"wp-block-separator has-alpha-channel-opacity\"\/>\n\n\n\n<h3 class=\"wp-block-heading\">I. Origine e storia del pellegrinaggio a Chartres<\/h3>\n\n\n\n<p>La citt\u00e0 di <strong>Chartres<\/strong>, nel cuore della Francia, \u00e8 da secoli uno dei principali centri mariani d\u2019Europa. La sua maestosa cattedrale gotica, dedicata a <strong>Notre-Dame<\/strong> (Nostra Signora), custodisce la venerata reliquia del <strong>velo della Vergine Maria<\/strong>, che, secondo la tradizione, fu portato l\u00ec da Carlo il Calvo nel IX secolo.<\/p>\n\n\n\n<p>Sebbene i pellegrinaggi medievali a Chartres fossero gi\u00e0 frequenti, il <strong>pellegrinaggio tradizionale di Pentecoste<\/strong> da Parigi ha origine nel XX secolo, specialmente come risposta alla crisi postconciliare che colp\u00ec molti fedeli. Fu organizzato per la prima volta nel 1983 dal gruppo cattolico tradizionalista <strong>Notre-Dame de Chr\u00e9tient\u00e9<\/strong>, e da allora \u00e8 diventato un punto di riferimento mondiale per il rinnovamento spirituale, in particolare tra i giovani.<\/p>\n\n\n\n<p>Ogni anno, durante il fine settimana di Pentecoste, oltre <strong>15.000 pellegrini<\/strong>, per lo pi\u00f9 giovani, si riuniscono per percorrere oltre 100 chilometri in tre giorni, in uno sforzo fisico e spirituale titanico, centrato sulla Messa tradizionale in latino, sul canto gregoriano, sul Rosario, le confessioni, l\u2019insegnamento dottrinale e, soprattutto, sul silenzio interiore.<\/p>\n\n\n\n<hr class=\"wp-block-separator has-alpha-channel-opacity\"\/>\n\n\n\n<h3 class=\"wp-block-heading\">II. Rilevanza teologica: una marcia verso l\u2019Alto<\/h3>\n\n\n\n<p>Il pellegrinaggio a Chartres non \u00e8 solo un atto di piet\u00e0; \u00e8 una <strong>catechesi in cammino<\/strong>, un atto teologico vissuto con i piedi, il cuore e l\u2019anima.<\/p>\n\n\n\n<h4 class=\"wp-block-heading\">1. Immagine della Chiesa in cammino<\/h4>\n\n\n\n<p>Come ricorda il Concilio Vaticano II nella <em>Lumen Gentium<\/em>, la Chiesa \u00e8 un popolo <strong>pellegrinante<\/strong>, in cammino verso la Gerusalemme celeste. A Chartres, questa immagine si fa tangibile: ogni pellegrino rappresenta una parte di quel corpo che avanza unito verso la meta, tra cadute e fatica, ma sostenuto dalla grazia.<\/p>\n\n\n\n<blockquote class=\"wp-block-quote is-layout-flow wp-block-quote-is-layout-flow\">\n<p>\u201cNon abbiamo quaggi\u00f9 una citt\u00e0 stabile, ma andiamo in cerca di quella futura.\u201d (Ebrei 13,14)<\/p>\n<\/blockquote>\n\n\n\n<p>Chartres insegna, attraverso l\u2019esperienza del corpo, che il cristianesimo non \u00e8 un\u2019ideologia n\u00e9 un sentimento astratto: \u00e8 una <strong>via<\/strong> (cf. Gv 14,6), un esodo continuo che richiede sforzo, rinuncia, comunit\u00e0, obbedienza, preghiera e sacrificio.<\/p>\n\n\n\n<h4 class=\"wp-block-heading\">2. Il dolore redentore e l\u2019offerta<\/h4>\n\n\n\n<p>Durante il pellegrinaggio, ogni dolore fisico \u2014 vesciche, sete, sole, stanchezza \u2014 \u00e8 un\u2019occasione per <strong>unirsi alla Croce di Cristo<\/strong>, offrendo quella sofferenza per la conversione dei peccatori, per le vocazioni, per la famiglia o per i propri peccati. Il pellegrinaggio diventa una <strong>liturgia vissuta<\/strong>, in cui il corpo accompagna l\u2019anima nella sua ascesa.<\/p>\n\n\n\n<blockquote class=\"wp-block-quote is-layout-flow wp-block-quote-is-layout-flow\">\n<p>\u201cCompleto nella mia carne quello che manca ai patimenti di Cristo, a favore del suo corpo che \u00e8 la Chiesa.\u201d (Colossesi 1,24)<\/p>\n<\/blockquote>\n\n\n\n<h4 class=\"wp-block-heading\">3. Fedelt\u00e0 alla Tradizione<\/h4>\n\n\n\n<p>Uno dei segni distintivi di Chartres \u00e8 la <strong>fedelt\u00e0 alla Messa tridentina<\/strong>, celebrata con riverenza, bellezza e profondit\u00e0 teologica. Questa scelta non \u00e8 un gesto nostalgico, ma l\u2019affermazione che <strong>la lex orandi (legge della preghiera)<\/strong> forma <strong>la lex credendi (legge della fede)<\/strong>. In un mondo in cui la liturgia \u00e8 spesso banalizzata, Chartres indica il cammino di una liturgia che educa, eleva e santifica.<\/p>\n\n\n\n<hr class=\"wp-block-separator has-alpha-channel-opacity\"\/>\n\n\n\n<h3 class=\"wp-block-heading\">III. Applicazioni pratiche: come vivere \u201cChartres\u201d ogni giorno<\/h3>\n\n\n\n<p>Anche se non tutti possono partecipare fisicamente al pellegrinaggio a Chartres, <strong>tutti possiamo vivere spiritualmente la logica del pellegrinaggio<\/strong> nella nostra vita quotidiana. Come?<\/p>\n\n\n\n<h4 class=\"wp-block-heading\">1. Fai della tua vita un pellegrinaggio<\/h4>\n\n\n\n<p>Ricorda che sei di passaggio. Vivi con sobriet\u00e0, distacco interiore e speranza. Non mettere il tuo cuore nelle cose passeggere. Ogni giorno \u00e8 un passo verso l\u2019eternit\u00e0.<\/p>\n\n\n\n<h4 class=\"wp-block-heading\">2. Offri i tuoi sacrifici<\/h4>\n\n\n\n<p>Come a Chartres, offri la fatica quotidiana, le contraddizioni del lavoro, le difficolt\u00e0 familiari come parte del tuo cammino verso Dio. Unisci tutto alla Croce di Cristo. Vivi con spirito di <strong>espiazione e riparazione<\/strong>.<\/p>\n\n\n\n<h4 class=\"wp-block-heading\">3. Cammina con gli altri<\/h4>\n\n\n\n<p>Nel pellegrinaggio, nessuno cammina da solo. Allo stesso modo, nella vita cristiana \u00e8 vitale camminare <strong>in comunit\u00e0<\/strong>, specialmente in questi tempi di confusione. Appoggiati ai tuoi fratelli nella fede. Partecipa ai sacramenti. Sii parte attiva della tua parrocchia o di un gruppo cattolico impegnato.<\/p>\n\n\n\n<h4 class=\"wp-block-heading\">4. Riscopri la liturgia<\/h4>\n\n\n\n<p>Impara ad apprezzare la ricchezza della liturgia tradizionale. Se puoi, partecipa alla Messa tridentina. Se non puoi, almeno vivi ogni Eucaristia con riverenza, raccoglimento e amore per il mistero. La liturgia ben vissuta trasforma l\u2019anima.<\/p>\n\n\n<div class=\"wp-block-image\">\n<figure class=\"aligncenter size-full\"><img loading=\"lazy\" decoding=\"async\" width=\"600\" height=\"360\" src=\"https:\/\/catholicus.eu\/it\/wp-content\/uploads\/sites\/5\/2025\/06\/chartres2.jpg\" alt=\"\" class=\"wp-image-4274\" srcset=\"https:\/\/catholicus.eu\/it\/wp-content\/uploads\/sites\/5\/2025\/06\/chartres2.jpg 600w, https:\/\/catholicus.eu\/it\/wp-content\/uploads\/sites\/5\/2025\/06\/chartres2-300x180.jpg 300w\" sizes=\"auto, (max-width: 600px) 100vw, 600px\" \/><\/figure>\n<\/div>\n\n\n<hr class=\"wp-block-separator has-alpha-channel-opacity\"\/>\n\n\n\n<h3 class=\"wp-block-heading\">IV. Guida pratica per fare il pellegrinaggio a Chartres<\/h3>\n\n\n\n<p><strong>Vuoi vivere Chartres con il corpo e l\u2019anima? Ecco una guida pratica e pastorale per prepararti al pellegrinaggio.<\/strong><\/p>\n\n\n\n<h4 class=\"wp-block-heading\">A. Preparazione spirituale<\/h4>\n\n\n\n<ul class=\"wp-block-list\">\n<li><strong>Confessione previa:<\/strong> Non intraprendere il cammino senza riconciliarti con Dio.<\/li>\n\n\n\n<li><strong>Preghiera personale:<\/strong> Dedica ogni giorno del tempo alla preghiera, alla meditazione e all\u2019offerta, nelle settimane precedenti.<\/li>\n\n\n\n<li><strong>Intenzione chiara:<\/strong> Porta con te intenzioni concrete (famiglia, vocazioni, penitenza\u2026).<\/li>\n\n\n\n<li><strong>Lettura spirituale:<\/strong> Porta libri come <em>L\u2019Imitazione di Cristo<\/em>, <em>Il Combattimento Spirituale<\/em>, o scritti dei Padri della Chiesa.<\/li>\n<\/ul>\n\n\n\n<h4 class=\"wp-block-heading\">B. Preparazione fisica<\/h4>\n\n\n\n<ul class=\"wp-block-list\">\n<li>Cammina diversi chilometri al giorno per almeno un mese prima.<\/li>\n\n\n\n<li>Usa le stesse scarpe che userai a Chartres.<\/li>\n\n\n\n<li>Impara a curare i piedi: borotalco, crema, calzini doppi, cerotti per vesciche.<\/li>\n<\/ul>\n\n\n\n<h4 class=\"wp-block-heading\">C. Equipaggiamento<\/h4>\n\n\n\n<ul class=\"wp-block-list\">\n<li>Zaino leggero (meno di 8 kg), borraccia, cappello, sacco a pelo.<\/li>\n\n\n\n<li>Rosario, libro di preghiere, Bibbia tascabile o Nuovo Testamento.<\/li>\n\n\n\n<li>Non portare oggetti superflui. Impara a camminare con <strong>l\u2019essenziale<\/strong>.<\/li>\n<\/ul>\n\n\n\n<h4 class=\"wp-block-heading\">D. Durante il pellegrinaggio<\/h4>\n\n\n\n<ul class=\"wp-block-list\">\n<li>Rispetta il silenzio nei momenti di preghiera.<\/li>\n\n\n\n<li>Canta, prega e ascolta le meditazioni.<\/li>\n\n\n\n<li>Offri ogni giorno per un\u2019intenzione diversa.<\/li>\n\n\n\n<li>Non lamentarti. Tutto \u00e8 grazia.<\/li>\n\n\n\n<li>Ricorda: non \u00e8 un\u2019escursione, ma un <strong>atto di culto<\/strong> e un <strong>sacrificio offerto<\/strong>.<\/li>\n<\/ul>\n\n\n\n<h4 class=\"wp-block-heading\">E. Dopo il pellegrinaggio<\/h4>\n\n\n\n<ul class=\"wp-block-list\">\n<li>Mantieni lo spirito del pellegrino. Non tornare uguale.<\/li>\n\n\n\n<li>Continua la preghiera quotidiana, il sacrificio e la vita sacramentale.<\/li>\n\n\n\n<li>Condividi la tua esperienza. Invita altri a viverla.<\/li>\n<\/ul>\n\n\n\n<hr class=\"wp-block-separator has-alpha-channel-opacity\"\/>\n\n\n\n<h3 class=\"wp-block-heading\">Conclusione: Chartres, un faro nella notte<\/h3>\n\n\n\n<p>In un\u2019Europa stanca e invecchiata, il pellegrinaggio a Chartres \u00e8 un <strong>faro acceso<\/strong>. Non solo per la bellezza della sua meta, ma perch\u00e9 migliaia di giovani, famiglie, sacerdoti e consacrati marciando con il cuore ardente, proclamano senza parole che la Fede cattolica <strong>non \u00e8 morta<\/strong>. Anzi: sta rinascendo.<\/p>\n\n\n\n<p>Chartres \u00e8 molto pi\u00f9 di una camminata. \u00c8 un <strong>esercizio spirituale radicale<\/strong>, un esorcismo contro la tiepidezza, una risposta umile e gloriosa alla chiamata del Vangelo:<\/p>\n\n\n\n<blockquote class=\"wp-block-quote is-layout-flow wp-block-quote-is-layout-flow\">\n<p>\u201cSe qualcuno vuol venire dietro a me, rinneghi se stesso, prenda la sua croce e mi segua.\u201d (Matteo 16,24)<\/p>\n<\/blockquote>\n\n\n\n<p>Che tutti noi possiamo, nella nostra vita quotidiana, unirci a questo pellegrinaggio spirituale, in cui, passo dopo passo, ci avviciniamo al cuore di Dio.<\/p>\n","protected":false},"excerpt":{"rendered":"<p>Introduzione: Una marcia verso Dio, controcorrente In un tempo segnato dal rumore, dalla fretta e dalla confusione spirituale, migliaia di cattolici di ogni et\u00e0, condizione e nazionalit\u00e0 si mettono in cammino per compiere ci\u00f2 che al mondo moderno pu\u00f2 sembrare una follia: camminare per oltre 100 chilometri in tre giorni, da Parigi a Chartres, guidati &hellip;<\/p>\n","protected":false},"author":3,"featured_media":4273,"comment_status":"open","ping_status":"open","sticky":false,"template":"","format":"standard","meta":{"_seopress_robots_primary_cat":"","_seopress_titles_title":"","_seopress_titles_desc":"","_seopress_robots_index":"","footnotes":""},"categories":[60,40],"tags":[1621],"class_list":["post-4272","post","type-post","status-publish","format-standard","has-post-thumbnail","","category-devozioni-mariane","category-preghiera-e-spiritualita","tag-chartres"],"_links":{"self":[{"href":"https:\/\/catholicus.eu\/it\/wp-json\/wp\/v2\/posts\/4272","targetHints":{"allow":["GET"]}}],"collection":[{"href":"https:\/\/catholicus.eu\/it\/wp-json\/wp\/v2\/posts"}],"about":[{"href":"https:\/\/catholicus.eu\/it\/wp-json\/wp\/v2\/types\/post"}],"author":[{"embeddable":true,"href":"https:\/\/catholicus.eu\/it\/wp-json\/wp\/v2\/users\/3"}],"replies":[{"embeddable":true,"href":"https:\/\/catholicus.eu\/it\/wp-json\/wp\/v2\/comments?post=4272"}],"version-history":[{"count":1,"href":"https:\/\/catholicus.eu\/it\/wp-json\/wp\/v2\/posts\/4272\/revisions"}],"predecessor-version":[{"id":4275,"href":"https:\/\/catholicus.eu\/it\/wp-json\/wp\/v2\/posts\/4272\/revisions\/4275"}],"wp:featuredmedia":[{"embeddable":true,"href":"https:\/\/catholicus.eu\/it\/wp-json\/wp\/v2\/media\/4273"}],"wp:attachment":[{"href":"https:\/\/catholicus.eu\/it\/wp-json\/wp\/v2\/media?parent=4272"}],"wp:term":[{"taxonomy":"category","embeddable":true,"href":"https:\/\/catholicus.eu\/it\/wp-json\/wp\/v2\/categories?post=4272"},{"taxonomy":"post_tag","embeddable":true,"href":"https:\/\/catholicus.eu\/it\/wp-json\/wp\/v2\/tags?post=4272"}],"curies":[{"name":"wp","href":"https:\/\/api.w.org\/{rel}","templated":true}]}}