{"id":4197,"date":"2025-06-09T21:16:48","date_gmt":"2025-06-09T19:16:48","guid":{"rendered":"https:\/\/catholicus.eu\/it\/?p=4197"},"modified":"2025-06-09T21:16:51","modified_gmt":"2025-06-09T19:16:51","slug":"la-vergine-del-rocio-guida-spirituale-storia-e-applicazione-pratica-per-il-cuore-fedele","status":"publish","type":"post","link":"https:\/\/catholicus.eu\/it\/la-vergine-del-rocio-guida-spirituale-storia-e-applicazione-pratica-per-il-cuore-fedele\/","title":{"rendered":"La Vergine del Roc\u00edo: Guida Spirituale, Storia e Applicazione Pratica per il Cuore Fedele"},"content":{"rendered":"\n<h2 class=\"wp-block-heading\"><strong>Introduzione: Una Luce nelle Paludi<\/strong><\/h2>\n\n\n\n<p>Nel cuore dell&#8217;Andalusia, tra le paludi di Do\u00f1ana, si erge una devozione che ha attraversato i secoli, unendo cielo e terra in un&#8217;espressione vibrante di fede e speranza:&nbsp;<strong>la Vergine del Roc\u00edo<\/strong>. Questa devozione mariana, affettuosamente chiamata&nbsp;<em>&#8220;La Blanca Paloma&#8221;<\/em>&nbsp;(La Colomba Bianca), non \u00e8 solo un&#8217;immagine sacra, ma un faro di consolazione, unit\u00e0 e tradizione per milioni di fedeli.<\/p>\n\n\n\n<p>Ma cosa rende questa devozione cos\u00ec speciale? Come pu\u00f2 un pellegrinaggio, pieno di canti, balli e giubilo, essere anche un cammino di profonda spiritualit\u00e0? In questo articolo esploreremo:<\/p>\n\n\n\n<ol start=\"1\" class=\"wp-block-list\">\n<li><strong>Le origini storiche e miracolose della Vergine del Roc\u00edo<\/strong><\/li>\n\n\n\n<li><strong>La sua rilevanza teologica e pastorale nella vita del credente<\/strong><\/li>\n\n\n\n<li><strong>Una guida pratica per vivere questa devozione nel mondo attuale<\/strong><\/li>\n\n\n\n<li><strong>Il significato profondo della Romer\u00eda del Roc\u00edo e il suo impatto spirituale<\/strong><\/li>\n<\/ol>\n\n\n\n<hr class=\"wp-block-separator has-alpha-channel-opacity\"\/>\n\n\n\n<h2 class=\"wp-block-heading\"><strong>I. Storia e Origini: La Scoperta di una Regina nelle Paludi<\/strong><\/h2>\n\n\n\n<h3 class=\"wp-block-heading\"><strong>La Leggenda e la Tradizione<\/strong><\/h3>\n\n\n\n<p>La storia della Vergine del Roc\u00edo risale al&nbsp;<strong>XIII secolo<\/strong>, durante la Reconquista. Secondo la tradizione, un cacciatore del villaggio di Almonte (Huelva) trov\u00f2 una piccola immagine della Vergine Maria nascosta tra i cespugli delle paludi. La statua, in stile romanico, poggiava su un tronco d&#8217;albero ed era circondata da una luce celeste. Quando si cercava di portarla al villaggio, l&#8217;immagine scompariva e tornava al suo posto originale &#8211; un segno che la Vergine voleva rimanere l\u00ec.<\/p>\n\n\n\n<p>Alla fine, fu costruita una cappella nel luogo del ritrovamento, dando inizio a una devozione che sarebbe cresciuta nei secoli.<\/p>\n\n\n\n<h3 class=\"wp-block-heading\"><strong>Il Miracolo del 1649: La Vergine che Ferm\u00f2 la Peste<\/strong><\/h3>\n\n\n\n<p>Nel&nbsp;<strong>1649<\/strong>, una terribile peste devast\u00f2 la regione. I disperati abitanti di Almonte portarono in processione la Vergine del Roc\u00edo per le strade del paese, e miracolosamente l&#8217;epidemia cess\u00f2. Questo evento consolid\u00f2 la sua fama di&nbsp;<em>&#8220;avvocata dei bisognosi&#8221;<\/em>&nbsp;e diffuse il suo culto oltre l&#8217;Andalusia.<\/p>\n\n\n\n<h3 class=\"wp-block-heading\"><strong>L&#8217;Incoronazione Canonica e la Proclamazione a Patrona di Almonte<\/strong><\/h3>\n\n\n\n<p>Nel&nbsp;<strong>1919<\/strong>, Papa Benedetto XV concesse l&#8217;incoronazione canonica dell&#8217;immagine, riconoscendone ufficialmente l&#8217;importanza spirituale. Oggi, la Vergine del Roc\u00edo non \u00e8 solo la&nbsp;<strong>Patrona di Almonte<\/strong>, ma anche la&nbsp;<strong>Sindaca Perpetua della Citt\u00e0<\/strong>, un titolo onorifico che riflette il suo profondo radicamento nel popolo.<\/p>\n\n\n\n<hr class=\"wp-block-separator has-alpha-channel-opacity\"\/>\n\n\n\n<h2 class=\"wp-block-heading\"><strong>II. La Teologia Dietro la Devozione: Perch\u00e9 il Roc\u00edo Muove le Masse?<\/strong><\/h2>\n\n\n\n<h3 class=\"wp-block-heading\"><strong>Maria come Modello di Fede e Speranza<\/strong><\/h3>\n\n\n\n<p>La Vergine del Roc\u00edo, apparendo umilmente tra canne e paludi, ci ricorda le parole del&nbsp;<strong>Cantico dei Cantici (2,14)<\/strong>:<\/p>\n\n\n\n<blockquote class=\"wp-block-quote is-layout-flow wp-block-quote-is-layout-flow\">\n<p><em>&#8220;Mia colomba, che stai nelle fenditure della roccia&#8230; fammi vedere il tuo volto, fammi sentire la tua voce.&#8221;<\/em><\/p>\n<\/blockquote>\n\n\n\n<p>Maria \u00e8 quella&nbsp;<strong>&#8220;Colomba Bianca&#8221;<\/strong>&nbsp;che ci guida a Cristo, intercedendo per noi nelle difficolt\u00e0. La sua devozione rociera ci insegna che Dio si manifesta nel semplice, nell&#8217;ordinario, in mezzo alle nostre &#8220;paludi&#8221; personali.<\/p>\n\n\n\n<h3 class=\"wp-block-heading\"><strong>Il Pellegrinaggio come Simbolo della Vita Cristiana<\/strong><\/h3>\n\n\n\n<p>La Romer\u00eda del Roc\u00edo non \u00e8 solo una festa: \u00e8 un&nbsp;<strong>pellegrinaggio<\/strong>, un viaggio spirituale che riflette il nostro cammino verso Dio. Ogni passo verso l&#8217;eremo \u00e8 una metafora della vita del credente:<\/p>\n\n\n\n<ul class=\"wp-block-list\">\n<li><strong>Comunit\u00e0<\/strong>: Non si va da soli, ma in confraternita<\/li>\n\n\n\n<li><strong>Sacrificio<\/strong>: Il cammino \u00e8 lungo, sotto il sole e la polvere<\/li>\n\n\n\n<li><strong>Gioia<\/strong>: La meta \u00e8 l&#8217;incontro con la Madre<\/li>\n<\/ul>\n\n\n\n<p>Come dice&nbsp;<strong>Ebrei 12,1<\/strong>:<\/p>\n\n\n\n<blockquote class=\"wp-block-quote is-layout-flow wp-block-quote-is-layout-flow\">\n<p><em>&#8220;Corriamo con perseveranza nella corsa che ci sta davanti, tenendo fisso lo sguardo su Ges\u00f9.&#8221;<\/em><\/p>\n<\/blockquote>\n\n\n\n<h3 class=\"wp-block-heading\"><strong>Il Giubilo Popolare e la Gioia della Fede<\/strong><\/h3>\n\n\n\n<p>Alcuni criticano la Romer\u00eda del Roc\u00edo per essere troppo festosa. Ma non dice forse il&nbsp;<strong>Salmo 100,2<\/strong>?<\/p>\n\n\n\n<blockquote class=\"wp-block-quote is-layout-flow wp-block-quote-is-layout-flow\">\n<p><em>&#8220;Servite il Signore nella gioia, presentatevi a lui con esultanza.&#8221;<\/em><\/p>\n<\/blockquote>\n\n\n\n<p>La gioia non \u00e8 contraria alla devozione. Il Roc\u00edo insegna che la fede non \u00e8 solo raccoglimento, ma anche&nbsp;<strong>festa<\/strong>, perch\u00e9 Cristo \u00e8 venuto a portarci la vita in abbondanza (<strong>Giovanni 10,10<\/strong>).<\/p>\n\n\n<div class=\"wp-block-image\">\n<figure class=\"aligncenter size-full\"><img loading=\"lazy\" decoding=\"async\" width=\"600\" height=\"360\" src=\"https:\/\/catholicus.eu\/it\/wp-content\/uploads\/sites\/5\/2025\/06\/salto_reja.jpg\" alt=\"\" class=\"wp-image-4199\" srcset=\"https:\/\/catholicus.eu\/it\/wp-content\/uploads\/sites\/5\/2025\/06\/salto_reja.jpg 600w, https:\/\/catholicus.eu\/it\/wp-content\/uploads\/sites\/5\/2025\/06\/salto_reja-300x180.jpg 300w\" sizes=\"auto, (max-width: 600px) 100vw, 600px\" \/><\/figure>\n<\/div>\n\n\n<hr class=\"wp-block-separator has-alpha-channel-opacity\"\/>\n\n\n\n<h2 class=\"wp-block-heading\"><strong>III. Guida Pratica: Come Vivere la Devozione al Roc\u00edo nella Vita Quotidiana<\/strong><\/h2>\n\n\n\n<h3 class=\"wp-block-heading\"><strong>1. Imitare l&#8217;Umilt\u00e0 di Maria<\/strong><\/h3>\n\n\n\n<p>La Vergine apparve in un luogo semplice. Dobbiamo cercare Dio nell&#8217;ordinario: nella famiglia, nel lavoro, nei piccoli gesti d&#8217;amore.<\/p>\n\n\n\n<h3 class=\"wp-block-heading\"><strong>2. Essere Pellegrini nel Mondo<\/strong><\/h3>\n\n\n\n<p>Non serve andare a Do\u00f1ana per vivere lo spirito rociero. Ogni giorno \u00e8 un pellegrinaggio:<\/p>\n\n\n\n<ul class=\"wp-block-list\">\n<li><strong>Andare avanti<\/strong>\u00a0(non fermarsi al negativo)<\/li>\n\n\n\n<li><strong>Aiutare<\/strong>\u00a0(come le confraternite si sostengono)<\/li>\n\n\n\n<li><strong>Lodare<\/strong>\u00a0(mantenere un atteggiamento di gratitudine)<\/li>\n<\/ul>\n\n\n\n<h3 class=\"wp-block-heading\"><strong>3. Pregare con Fiducia<\/strong><\/h3>\n\n\n\n<p>La Vergine del Roc\u00edo \u00e8&nbsp;<strong>l&#8217;avvocata dei casi impossibili<\/strong>. Possiamo affidarle:<\/p>\n\n\n\n<ul class=\"wp-block-list\">\n<li><strong>Problemi familiari<\/strong><\/li>\n\n\n\n<li><strong>Malattie<\/strong><\/li>\n\n\n\n<li><strong>Crisi di fede<\/strong><\/li>\n<\/ul>\n\n\n\n<p>Una preghiera semplice:<\/p>\n\n\n\n<blockquote class=\"wp-block-quote is-layout-flow wp-block-quote-is-layout-flow\">\n<p><em>&#8220;Vergine del Roc\u00edo, Colomba Bianca,<br>guidaci a Cristo, nostra speranza.<br>Intercedi per noi nelle nostre necessit\u00e0,<br>aiutaci a vivere nella gioia e nella fede. Amen.&#8221;<\/em><\/p>\n<\/blockquote>\n\n\n\n<hr class=\"wp-block-separator has-alpha-channel-opacity\"\/>\n\n\n\n<h2 class=\"wp-block-heading\"><strong>IV. La Romer\u00eda del Roc\u00edo: Significato Profondo e Attualit\u00e0<\/strong><\/h2>\n\n\n\n<h3 class=\"wp-block-heading\"><strong>Il Cammino: Oltre il Folclore<\/strong><\/h3>\n\n\n\n<p>La Romer\u00eda (che culmina a Pentecoste) non \u00e8 solo un evento culturale, ma un&#8217;esperienza di Chiesa:<\/p>\n\n\n\n<ul class=\"wp-block-list\">\n<li><strong>Le confraternite<\/strong>\u00a0(oltre 120) rappresentano l&#8217;universalit\u00e0 della fede<\/li>\n\n\n\n<li><strong>&#8220;El salto de la reja&#8221;<\/strong>\u00a0(quando gli almonte\u00f1os portano fuori la Vergine) simboleggia l&#8217;amore filiale che rompe le barriere<\/li>\n<\/ul>\n\n\n\n<h3 class=\"wp-block-heading\"><strong>Un Messaggio per il Mondo di Oggi<\/strong><\/h3>\n\n\n\n<p>In un&#8217;epoca di individualismo, il Roc\u00edo ci ricorda:<\/p>\n\n\n\n<ul class=\"wp-block-list\">\n<li><strong>L&#8217;importanza della comunit\u00e0<\/strong><\/li>\n\n\n\n<li><strong>La bellezza delle tradizioni vive<\/strong><\/li>\n\n\n\n<li><strong>La fede come fonte di gioia autentica<\/strong><\/li>\n<\/ul>\n\n\n\n<hr class=\"wp-block-separator has-alpha-channel-opacity\"\/>\n\n\n\n<h2 class=\"wp-block-heading\"><strong>Conclusione: La Colomba Bianca che Ci Guida a Cristo<\/strong><\/h2>\n\n\n\n<p>La Vergine del Roc\u00edo non \u00e8 solo una devozione andalusa: \u00e8 un&nbsp;<strong>dono per tutta la Chiesa<\/strong>. Il suo messaggio \u00e8 chiaro:&nbsp;<strong>Dio agisce nel semplice, Maria ci conduce a Ges\u00f9, e la fede si vive nella gioia e nell&#8217;abbandono.<\/strong><\/p>\n\n\n\n<p>Oggi, anche tu puoi essere un&nbsp;<strong>&#8220;pellegrino della vita&#8221;<\/strong>, camminando con speranza verso l&#8217;eternit\u00e0, sapendo che, come quei pellegrini nelle paludi,&nbsp;<strong>la Vergine ci aspetta a braccia aperte.<\/strong><\/p>\n\n\n\n<blockquote class=\"wp-block-quote is-layout-flow wp-block-quote-is-layout-flow\">\n<p><em>&#8220;Sotto la tua protezione cerchiamo rifugio, Santa Madre di Dio&#8230;&#8221;<\/em><\/p>\n<\/blockquote>\n\n\n\n<p><strong>Che la Vergine del Roc\u00edo benedica il tuo cammino!<\/strong><\/p>\n","protected":false},"excerpt":{"rendered":"<p>Introduzione: Una Luce nelle Paludi Nel cuore dell&#8217;Andalusia, tra le paludi di Do\u00f1ana, si erge una devozione che ha attraversato i secoli, unendo cielo e terra in un&#8217;espressione vibrante di fede e speranza:&nbsp;la Vergine del Roc\u00edo. Questa devozione mariana, affettuosamente chiamata&nbsp;&#8220;La Blanca Paloma&#8221;&nbsp;(La Colomba Bianca), non \u00e8 solo un&#8217;immagine sacra, ma un faro di consolazione, &hellip;<\/p>\n","protected":false},"author":3,"featured_media":4198,"comment_status":"open","ping_status":"open","sticky":false,"template":"","format":"standard","meta":{"_seopress_robots_primary_cat":"","_seopress_titles_title":"","_seopress_titles_desc":"","_seopress_robots_index":"","footnotes":""},"categories":[60,40],"tags":[1601],"class_list":["post-4197","post","type-post","status-publish","format-standard","has-post-thumbnail","","category-devozioni-mariane","category-preghiera-e-spiritualita","tag-vergine-del-rocio"],"_links":{"self":[{"href":"https:\/\/catholicus.eu\/it\/wp-json\/wp\/v2\/posts\/4197","targetHints":{"allow":["GET"]}}],"collection":[{"href":"https:\/\/catholicus.eu\/it\/wp-json\/wp\/v2\/posts"}],"about":[{"href":"https:\/\/catholicus.eu\/it\/wp-json\/wp\/v2\/types\/post"}],"author":[{"embeddable":true,"href":"https:\/\/catholicus.eu\/it\/wp-json\/wp\/v2\/users\/3"}],"replies":[{"embeddable":true,"href":"https:\/\/catholicus.eu\/it\/wp-json\/wp\/v2\/comments?post=4197"}],"version-history":[{"count":1,"href":"https:\/\/catholicus.eu\/it\/wp-json\/wp\/v2\/posts\/4197\/revisions"}],"predecessor-version":[{"id":4200,"href":"https:\/\/catholicus.eu\/it\/wp-json\/wp\/v2\/posts\/4197\/revisions\/4200"}],"wp:featuredmedia":[{"embeddable":true,"href":"https:\/\/catholicus.eu\/it\/wp-json\/wp\/v2\/media\/4198"}],"wp:attachment":[{"href":"https:\/\/catholicus.eu\/it\/wp-json\/wp\/v2\/media?parent=4197"}],"wp:term":[{"taxonomy":"category","embeddable":true,"href":"https:\/\/catholicus.eu\/it\/wp-json\/wp\/v2\/categories?post=4197"},{"taxonomy":"post_tag","embeddable":true,"href":"https:\/\/catholicus.eu\/it\/wp-json\/wp\/v2\/tags?post=4197"}],"curies":[{"name":"wp","href":"https:\/\/api.w.org\/{rel}","templated":true}]}}