{"id":4114,"date":"2025-05-31T12:03:22","date_gmt":"2025-05-31T10:03:22","guid":{"rendered":"https:\/\/catholicus.eu\/it\/?p=4114"},"modified":"2025-05-31T12:03:22","modified_gmt":"2025-05-31T10:03:22","slug":"omnes-in-christo-unum-sumus-lunita-in-cristo-come-via-di-salvezza","status":"publish","type":"post","link":"https:\/\/catholicus.eu\/it\/omnes-in-christo-unum-sumus-lunita-in-cristo-come-via-di-salvezza\/","title":{"rendered":"&#8220;Omnes in Christo unum sumus&#8221;: L&#8217;unit\u00e0 in Cristo come via di salvezza"},"content":{"rendered":"\n<p><em>&#8220;Non c&#8217;\u00e8 pi\u00f9 giudeo n\u00e9 greco; non c&#8217;\u00e8 pi\u00f9 schiavo n\u00e9 libero; non c&#8217;\u00e8 pi\u00f9 uomo n\u00e9 donna, poich\u00e9 tutti voi siete uno in Cristo Ges\u00f9.&#8221;<\/em>&nbsp;(Galati 3:28)<\/p>\n\n\n\n<h2 class=\"wp-block-heading\"><strong>Introduzione: L&#8217;unit\u00e0 di cui il mondo ha bisogno<\/strong><\/h2>\n\n\n\n<p>In un mondo segnato da divisioni, conflitti e una crescente frammentazione sociale, la Chiesa Cattolica ci ricorda una verit\u00e0 eterna:&nbsp;<strong>in Cristo siamo tutti uno<\/strong>. La frase latina&nbsp;<em>&#8220;Omnes in Christo unum sumus&#8221;<\/em>&nbsp;(&#8220;Siamo tutti uno in Cristo&#8221;) non \u00e8 solo un motto devoto, ma una profonda realt\u00e0 teologica con implicazioni pratiche per la nostra vita spirituale e comunitaria.<\/p>\n\n\n\n<p>Questo articolo esplorer\u00e0:<\/p>\n\n\n\n<ol start=\"1\" class=\"wp-block-list\">\n<li><strong>Il fondamento biblico e teologico<\/strong>\u00a0dell&#8217;unit\u00e0 in Cristo<\/li>\n\n\n\n<li><strong>L&#8217;insegnamento dei Padri della Chiesa e del Magistero<\/strong>\u00a0su questo tema<\/li>\n\n\n\n<li><strong>Applicazioni pratiche<\/strong>\u00a0per vivere questa unit\u00e0 nella vita quotidiana<\/li>\n\n\n\n<li><strong>Una guida pastorale<\/strong>\u00a0per favorire la comunione nelle parrocchie, famiglie e societ\u00e0<\/li>\n<\/ol>\n\n\n\n<hr class=\"wp-block-separator has-alpha-channel-opacity\"\/>\n\n\n\n<h2 class=\"wp-block-heading\"><strong>1. Fondamento biblico: L&#8217;unit\u00e0 nel piano di Dio<\/strong><\/h2>\n\n\n\n<p>Dalla Genesi all&#8217;Apocalisse, la Sacra Scrittura rivela che&nbsp;<strong>Dio vuole riunire tutta l&#8217;umanit\u00e0 in Cristo<\/strong>.<\/p>\n\n\n\n<ul class=\"wp-block-list\">\n<li><strong>Antico Testamento<\/strong>: La promessa di Dio ad Abramo (Genesi 12:3) &#8211;\u00a0<em>&#8220;In te saranno benedette tutte le famiglie della terra&#8221;<\/em>\u00a0&#8211; mostra che la salvezza non \u00e8 solo individuale ma comunitaria.<\/li>\n\n\n\n<li><strong>Nuovo Testamento<\/strong>: Ges\u00f9 prega per l&#8217;unit\u00e0 dei suoi discepoli (<em>&#8220;Che tutti siano uno, come tu, Padre, sei in me e io in te&#8221;<\/em>\u00a0&#8211; Giovanni 17:21). San Paolo sviluppa questa idea parlando della Chiesa come\u00a0<strong>&#8220;Corpo di Cristo&#8221;<\/strong>\u00a0(1 Corinzi 12:12-27), dove ogni membro ha un posto essenziale.<\/li>\n<\/ul>\n\n\n\n<p><strong>Riflessione<\/strong>:&nbsp;<em>Se siamo tutti parti di un unico corpo, la sofferenza di uno riguarda tutti, e la santit\u00e0 di uno giova a tutti.<\/em><\/p>\n\n\n\n<hr class=\"wp-block-separator has-alpha-channel-opacity\"\/>\n\n\n\n<h2 class=\"wp-block-heading\"><strong>2. Tradizione della Chiesa: Unit\u00e0 nella diversit\u00e0<\/strong><\/h2>\n\n\n\n<p>I Padri della Chiesa come&nbsp;<strong>Sant&#8217;Agostino e San Cipriano<\/strong>&nbsp;approfondirono questa dottrina:<\/p>\n\n\n\n<ul class=\"wp-block-list\">\n<li><strong>San Cipriano<\/strong>\u00a0scrisse:\u00a0<em>&#8220;Non pu\u00f2 avere Dio per Padre chi non ha la Chiesa per Madre&#8221;<\/em>, sottolineando che l&#8217;unit\u00e0 ecclesiale \u00e8 essenziale per la salvezza.<\/li>\n\n\n\n<li><strong>Sant&#8217;Agostino<\/strong>\u00a0spieg\u00f2 che\u00a0<strong>la Carit\u00e0 (amore soprannaturale)<\/strong>\u00a0\u00e8 il vincolo che unisce i cristiani al di l\u00e0 delle differenze culturali o sociali.<\/li>\n<\/ul>\n\n\n\n<p>Anche il&nbsp;<strong>Magistero moderno<\/strong>&nbsp;ha enfatizzato questo insegnamento. Il Concilio Vaticano II (<em>Lumen Gentium<\/em>) afferma che la Chiesa \u00e8&nbsp;<strong>&#8220;sacramento di unit\u00e0&#8221;<\/strong>, cio\u00e8 segno e strumento dell&#8217;unione con Dio e tra gli uomini.<\/p>\n\n\n\n<p><strong>Domanda per il lettore<\/strong>:&nbsp;<em>Come sto contribuendo all&#8217;unit\u00e0 della mia famiglia, parrocchia e comunit\u00e0?<\/em><\/p>\n\n\n\n<hr class=\"wp-block-separator has-alpha-channel-opacity\"\/>\n\n\n\n<h2 class=\"wp-block-heading\"><strong>3. Applicazioni pratiche: Vivere l&#8217;unit\u00e0 in Cristo<\/strong><\/h2>\n\n\n\n<h3 class=\"wp-block-heading\"><strong>A. Nella vita spirituale<\/strong><\/h3>\n\n\n\n<ul class=\"wp-block-list\">\n<li><strong>Pregare per l&#8217;unit\u00e0<\/strong>: Includere nelle preghiere quotidiane una richiesta per l&#8217;unit\u00e0 dei cristiani e la riconciliazione sociale.<\/li>\n\n\n\n<li><strong>Comunione frequente<\/strong>: L&#8217;Eucaristia \u00e8 il sacramento che ci unisce pi\u00f9 intimamente a Cristo e agli altri.<\/li>\n<\/ul>\n\n\n\n<h3 class=\"wp-block-heading\"><strong>B. Nella famiglia<\/strong><\/h3>\n\n\n\n<ul class=\"wp-block-list\">\n<li><strong>Perdonare e servire<\/strong>: L&#8217;unit\u00e0 familiare si rafforza con il perdono e il dono reciproco.<\/li>\n\n\n\n<li><strong>Pregare insieme<\/strong>: La preghiera comune (come il Rosario) rafforza i legami soprannaturali.<\/li>\n<\/ul>\n\n\n\n<h3 class=\"wp-block-heading\"><strong>C. Nella societ\u00e0<\/strong><\/h3>\n\n\n\n<ul class=\"wp-block-list\">\n<li><strong>Evitare divisioni<\/strong>: Rifiutare pettegolezzi, giudizi temerari e atteggiamenti settari.<\/li>\n\n\n\n<li><strong>Promuovere giustizia e carit\u00e0<\/strong>: Lavorare per il bene comune aiutando i pi\u00f9 bisognosi.<\/li>\n<\/ul>\n\n\n\n<hr class=\"wp-block-separator has-alpha-channel-opacity\"\/>\n\n\n\n<h2 class=\"wp-block-heading\"><strong>4. Guida pastorale: Favorire l&#8217;unit\u00e0 in parrocchia<\/strong><\/h2>\n\n\n\n<p>Per sacerdoti e responsabili cattolici:<\/p>\n\n\n\n<ol start=\"1\" class=\"wp-block-list\">\n<li><strong>Insegnare la dottrina della comunione dei santi<\/strong>\u00a0(siamo tutti connessi in Cristo)<\/li>\n\n\n\n<li><strong>Incoraggiare gruppi di preghiera e studio biblico<\/strong>\u00a0dove si viva la fraternit\u00e0<\/li>\n\n\n\n<li><strong>Organizzare opere di misericordia comunitarie<\/strong>\u00a0(visite agli ammalati, aiuto ai poveri)<\/li>\n\n\n\n<li><strong>Correggere con carit\u00e0<\/strong>: Quando sorgono divisioni, ricordare le parole di Ges\u00f9:\u00a0<em>&#8220;Se il tuo fratello commette una colpa, va&#8217; e ammoniscilo fra te e lui solo&#8221;<\/em>\u00a0(Matteo 18:15)<\/li>\n<\/ol>\n\n\n\n<hr class=\"wp-block-separator has-alpha-channel-opacity\"\/>\n\n\n\n<h2 class=\"wp-block-heading\"><strong>Conclusione: Un invito a essere costruttori di unit\u00e0<\/strong><\/h2>\n\n\n\n<p><em>&#8220;Omnes in Christo unum sumus&#8221;<\/em>&nbsp;non \u00e8 un&#8217;utopia, ma una realt\u00e0 che dobbiamo vivere con impegno e grazia. In un mondo che promuove l&#8217;individualismo, i cattolici sono chiamati a essere&nbsp;<strong>testimoni che la vera unit\u00e0 si trova solo in Cristo<\/strong>.<\/p>\n\n\n\n<p><strong>Azione concreta per oggi<\/strong>:<\/p>\n\n\n\n<ul class=\"wp-block-list\">\n<li><strong>Fare un atto di carit\u00e0<\/strong>\u00a0verso qualcuno con cui si hanno tensioni<\/li>\n\n\n\n<li><strong>Partecipare pi\u00f9 attivamente alla vita parrocchiale<\/strong>, non come spettatori ma come membra vive del Corpo di Cristo<\/li>\n<\/ul>\n\n\n\n<p>Maria, Madre della Chiesa, ci aiuti a vivere questa unit\u00e0 con autenticit\u00e0, perch\u00e9 il mondo creda.<\/p>\n\n\n\n<p><strong>Amen.<\/strong><\/p>\n\n\n\n<hr class=\"wp-block-separator has-alpha-channel-opacity\"\/>\n\n\n\n<p>Questo articolo ti \u00e8 stato utile? Condividilo e unisciti alla missione di costruire unit\u00e0 in Cristo. Lascia i tuoi commenti ed esperienze su come vivi questo insegnamento nella tua vita!<\/p>\n","protected":false},"excerpt":{"rendered":"<p>&#8220;Non c&#8217;\u00e8 pi\u00f9 giudeo n\u00e9 greco; non c&#8217;\u00e8 pi\u00f9 schiavo n\u00e9 libero; non c&#8217;\u00e8 pi\u00f9 uomo n\u00e9 donna, poich\u00e9 tutti voi siete uno in Cristo Ges\u00f9.&#8221;&nbsp;(Galati 3:28) Introduzione: L&#8217;unit\u00e0 di cui il mondo ha bisogno In un mondo segnato da divisioni, conflitti e una crescente frammentazione sociale, la Chiesa Cattolica ci ricorda una verit\u00e0 eterna:&nbsp;in &hellip;<\/p>\n","protected":false},"author":3,"featured_media":4115,"comment_status":"open","ping_status":"open","sticky":false,"template":"","format":"standard","meta":{"_seopress_robots_primary_cat":"","_seopress_titles_title":"","_seopress_titles_desc":"","_seopress_robots_index":"","footnotes":""},"categories":[51,38],"tags":[1580],"class_list":["post-4114","post","type-post","status-publish","format-standard","has-post-thumbnail","","category-magistero-della-chiesa","category-storia-e-tradizione","tag-omnes-in-christo-unum-sumus"],"_links":{"self":[{"href":"https:\/\/catholicus.eu\/it\/wp-json\/wp\/v2\/posts\/4114","targetHints":{"allow":["GET"]}}],"collection":[{"href":"https:\/\/catholicus.eu\/it\/wp-json\/wp\/v2\/posts"}],"about":[{"href":"https:\/\/catholicus.eu\/it\/wp-json\/wp\/v2\/types\/post"}],"author":[{"embeddable":true,"href":"https:\/\/catholicus.eu\/it\/wp-json\/wp\/v2\/users\/3"}],"replies":[{"embeddable":true,"href":"https:\/\/catholicus.eu\/it\/wp-json\/wp\/v2\/comments?post=4114"}],"version-history":[{"count":1,"href":"https:\/\/catholicus.eu\/it\/wp-json\/wp\/v2\/posts\/4114\/revisions"}],"predecessor-version":[{"id":4116,"href":"https:\/\/catholicus.eu\/it\/wp-json\/wp\/v2\/posts\/4114\/revisions\/4116"}],"wp:featuredmedia":[{"embeddable":true,"href":"https:\/\/catholicus.eu\/it\/wp-json\/wp\/v2\/media\/4115"}],"wp:attachment":[{"href":"https:\/\/catholicus.eu\/it\/wp-json\/wp\/v2\/media?parent=4114"}],"wp:term":[{"taxonomy":"category","embeddable":true,"href":"https:\/\/catholicus.eu\/it\/wp-json\/wp\/v2\/categories?post=4114"},{"taxonomy":"post_tag","embeddable":true,"href":"https:\/\/catholicus.eu\/it\/wp-json\/wp\/v2\/tags?post=4114"}],"curies":[{"name":"wp","href":"https:\/\/api.w.org\/{rel}","templated":true}]}}