{"id":4067,"date":"2025-05-28T16:48:46","date_gmt":"2025-05-28T14:48:46","guid":{"rendered":"https:\/\/catholicus.eu\/it\/?p=4067"},"modified":"2025-05-28T16:48:46","modified_gmt":"2025-05-28T14:48:46","slug":"e-fu-assunto-in-cielo-il-mistero-dellascensione-di-gesu-cristo-e-la-sua-forza-trasformante-per-loggi","status":"publish","type":"post","link":"https:\/\/catholicus.eu\/it\/e-fu-assunto-in-cielo-il-mistero-dellascensione-di-gesu-cristo-e-la-sua-forza-trasformante-per-loggi\/","title":{"rendered":"\u00abE fu assunto in Cielo\u00bb: Il mistero dell\u2019Ascensione di Ges\u00f9 Cristo e la sua forza trasformante per l\u2019oggi"},"content":{"rendered":"\n<p><strong>Introduzione: La promessa di una speranza elevata<\/strong><\/p>\n\n\n\n<p>Ogni anno, quaranta giorni dopo la Domenica di Pasqua, la Chiesa celebra uno dei misteri pi\u00f9 luminosi del cristianesimo: <strong>l\u2019Ascensione del Signore nostro Ges\u00f9 Cristo<\/strong>. Si tratta di un evento spesso sottovalutato o dimenticato, ma che contiene una verit\u00e0 profonda: <strong>Cristo non solo \u00e8 risorto per vincere la morte, ma \u00e8 salito al Cielo per aprirci le porte dell\u2019eternit\u00e0<\/strong> \u2013 e per restare presente tra noi in modo nuovo e pi\u00f9 profondo.<\/p>\n\n\n\n<p>Questo articolo vuole essere pi\u00f9 di una semplice spiegazione teologica: vuole essere <strong>una guida spirituale viva<\/strong> \u2013 accessibile, <strong>formativa, ispirante e trasformante<\/strong> \u2013 che ti aiuti a comprendere l\u2019Ascensione non come un avvenimento del passato, ma come <strong>una dinamica presente che pu\u00f2 elevare la tua vita quotidiana<\/strong>.<\/p>\n\n\n\n<hr class=\"wp-block-separator has-alpha-channel-opacity\"\/>\n\n\n\n<h3 class=\"wp-block-heading\">1. <strong>Che cos\u2019\u00e8 l\u2019Ascensione? Uno sguardo all\u2019evento<\/strong><\/h3>\n\n\n\n<p>Secondo i Vangeli e gli Atti degli Apostoli, Ges\u00f9 <strong>quaranta giorni dopo la risurrezione, fu elevato al cielo sotto gli occhi dei discepoli<\/strong>:<\/p>\n\n\n\n<blockquote class=\"wp-block-quote is-layout-flow wp-block-quote-is-layout-flow\">\n<p>\u00abDetto questo, mentre lo guardavano, fu elevato in alto e una nube lo sottrasse ai loro occhi.\u00bb<br><em>(Atti 1,9)<\/em><\/p>\n<\/blockquote>\n\n\n\n<p>L\u2019Ascensione non \u00e8 <strong>un addio<\/strong>, ma <strong>una trasformazione della presenza di Cristo<\/strong>: <strong>non \u00e8 pi\u00f9 legato a un luogo preciso, ma \u00e8 presente ovunque e in ogni tempo<\/strong>, tramite il suo Spirito. Nella sua glorificazione, <strong>Ges\u00f9 apre la strada verso il Padre<\/strong>, come Capo della Chiesa e annuncia che l\u00e0 dove Lui \u00e8, <strong>anche noi saremo<\/strong> (cf. Gv 14,2-3).<\/p>\n\n\n\n<hr class=\"wp-block-separator has-alpha-channel-opacity\"\/>\n\n\n\n<h3 class=\"wp-block-heading\">2. <strong>Radici bibliche e significato storico<\/strong><\/h3>\n\n\n\n<p>Gi\u00e0 nei primi secoli, i cristiani riconoscevano l\u2019Ascensione come <strong>una parte centrale del Credo<\/strong>: \u00ab\u00c8 salito al cielo, siede alla destra del Padre\u00bb.<\/p>\n\n\n\n<p>Questo evento non \u00e8 isolato, ma rappresenta il compimento del piano di salvezza annunciato fin dall\u2019Antico Testamento. Il Salmo 47 proclama:<\/p>\n\n\n\n<blockquote class=\"wp-block-quote is-layout-flow wp-block-quote-is-layout-flow\">\n<p>\u00abAscende Dio tra le acclamazioni, il Signore al suono di tromba.\u00bb<br><em>(Salmo 47,6)<\/em><\/p>\n<\/blockquote>\n\n\n\n<p>L\u2019Ascensione \u00e8 <strong>il culmine della Pasqua<\/strong>, il passaggio finale del Figlio al Padre, dopo aver compiuto la sua missione redentrice.<\/p>\n\n\n\n<hr class=\"wp-block-separator has-alpha-channel-opacity\"\/>\n\n\n\n<h3 class=\"wp-block-heading\">3. <strong>Significato teologico: Perch\u00e9 \u00e8 importante l\u2019Ascensione?<\/strong><\/h3>\n\n\n\n<h4 class=\"wp-block-heading\">a. <strong>Cristo, eterno Mediatore<\/strong><\/h4>\n\n\n\n<p>Salendo al cielo, Ges\u00f9 entra <strong>con la sua umanit\u00e0 glorificata nella gloria del Padre<\/strong>. Egli <strong>porta la nostra carne<\/strong> nel cuore della Trinit\u00e0, aprendo cos\u00ec una nuova relazione tra Dio e l\u2019uomo. Questo ha un\u2019enorme portata: <strong>la nostra umanit\u00e0 \u00e8 gi\u00e0 assisa alla destra del Padre \u2013 nella persona di Cristo!<\/strong><\/p>\n\n\n\n<blockquote class=\"wp-block-quote is-layout-flow wp-block-quote-is-layout-flow\">\n<p>\u00abSe qualcuno ha peccato, abbiamo un avvocato presso il Padre: Ges\u00f9 Cristo, il giusto.\u00bb<br><em>(1 Giovanni 2,1)<\/em><\/p>\n<\/blockquote>\n\n\n\n<h4 class=\"wp-block-heading\">b. <strong>La missione dello Spirito Santo<\/strong><\/h4>\n\n\n\n<p>Cristo sale al Cielo <strong>perch\u00e9 possa venire lo Spirito Santo<\/strong>. L\u2019Ascensione prepara la Pentecoste: il suo congedo fisico rende possibile una presenza spirituale pi\u00f9 profonda.<\/p>\n\n\n\n<blockquote class=\"wp-block-quote is-layout-flow wp-block-quote-is-layout-flow\">\n<p>\u00abSe non me ne vado, non verr\u00e0 a voi il Consolatore.\u00bb<br><em>(Giovanni 16,7)<\/em><\/p>\n<\/blockquote>\n\n\n\n<h4 class=\"wp-block-heading\">c. <strong>Il Regno gi\u00e0 inaugurato<\/strong><\/h4>\n\n\n\n<p>L\u2019Ascensione significa che <strong>Cristo regna gi\u00e0<\/strong>, anche se il suo regno non \u00e8 ancora pienamente manifestato. Ora comincia il <strong>tempo della Chiesa<\/strong>, il tempo dei testimoni, dell\u2019attesa attiva, della costruzione del Regno di Dio sulla terra.<\/p>\n\n\n\n<hr class=\"wp-block-separator has-alpha-channel-opacity\"\/>\n\n\n\n<h3 class=\"wp-block-heading\">4. <strong>Guida pratica e spirituale: vivere l\u2019Ascensione nel quotidiano<\/strong><\/h3>\n\n\n\n<h4 class=\"wp-block-heading\"><strong>1. Alza lo sguardo: Vivi con senso dell\u2019eterno<\/strong><\/h4>\n\n\n\n<p>L\u2019Ascensione ci invita a vivere con lo sguardo rivolto verso l\u2019alto \u2013 non per fuggire dal mondo, ma per <strong>non restare prigionieri della superficialit\u00e0, del consumismo, della disperazione<\/strong>.<\/p>\n\n\n\n<blockquote class=\"wp-block-quote is-layout-flow wp-block-quote-is-layout-flow\">\n<p>Chiediti ogni giorno:<br><strong>Sto camminando verso il Cielo o sono intrappolato nel passeggero?<\/strong><\/p>\n<\/blockquote>\n\n\n\n<p>\ud83d\udd38 <strong>Pratica:<\/strong> Prega ogni mattina con le parole del Salmo 121:<\/p>\n\n\n\n<blockquote class=\"wp-block-quote is-layout-flow wp-block-quote-is-layout-flow\">\n<p>\u00abAlzo gli occhi verso i monti: da dove mi verr\u00e0 l\u2019aiuto?\u00bb<\/p>\n<\/blockquote>\n\n\n\n<h4 class=\"wp-block-heading\"><strong>2. Riscopri la tua dignit\u00e0: Sei destinato alla gloria<\/strong><\/h4>\n\n\n\n<p>Con la sua Ascensione, Ges\u00f9 <strong>non abbandona l\u2019umanit\u00e0 \u2013 la eleva<\/strong>. Ognuno di noi \u00e8 chiamato alla stessa glorificazione, a una vita che rifletta la dignit\u00e0 di figli di Dio.<\/p>\n\n\n\n<p>\ud83d\udd38 <strong>Pratica:<\/strong> Esamina come parli, come ti vesti, come usi il tuo tempo.<br>La tua vita riflette il fatto che <strong>sei destinato al Cielo<\/strong>?<\/p>\n\n\n\n<h4 class=\"wp-block-heading\"><strong>3. Sii Chiesa viva: Accogli la tua missione di testimone<\/strong><\/h4>\n\n\n\n<p>Prima di salire al cielo, Ges\u00f9 affida ai discepoli una missione:<\/p>\n\n\n\n<blockquote class=\"wp-block-quote is-layout-flow wp-block-quote-is-layout-flow\">\n<p>\u00abMi sarete testimoni a Gerusalemme, in tutta la Giudea e la Samaria e fino ai confini della terra.\u00bb<br><em>(Atti 1,8)<\/em><\/p>\n<\/blockquote>\n\n\n\n<p>L\u2019Ascensione <strong>non \u00e8 la fine<\/strong>, ma <strong>l\u2019inizio dell\u2019invio<\/strong>. Ogni cristiano \u00e8 missionario \u2013 a casa, al lavoro, sui social. Sei messaggero del Cristo glorioso.<\/p>\n\n\n\n<p>\ud83d\udd38 <strong>Pratica:<\/strong> Chiediti questa settimana:<br><strong>A chi posso portare un messaggio di speranza e fede?<\/strong><br>Fallo in modo concreto: una telefonata, un messaggio, un gesto che parli di Dio.<\/p>\n\n\n\n<h4 class=\"wp-block-heading\"><strong>4. Prega nello spirito dell\u2019attesa: Vivi in vista della Pentecoste<\/strong><\/h4>\n\n\n\n<p>Dopo l\u2019Ascensione, gli apostoli <strong>tornarono nel cenacolo e perseveravano nella preghiera<\/strong>, in attesa della promessa dello Spirito.<\/p>\n\n\n\n<p>\ud83d\udd38 <strong>Pratica:<\/strong> Prega una novena allo Spirito Santo da Ascensione a Pentecoste. Chiedi luce, forza e gioia per vivere oggi la tua fede.<\/p>\n\n\n\n<hr class=\"wp-block-separator has-alpha-channel-opacity\"\/>\n\n\n\n<h3 class=\"wp-block-heading\">5. <strong>Applicazione pastorale: Predicare l\u2019Ascensione e viverla in comunit\u00e0<\/strong><\/h3>\n\n\n\n<ul class=\"wp-block-list\">\n<li><strong>Nella liturgia:<\/strong> La festa va celebrata con spirito pasquale. L\u2019omelia deve sottolineare la speranza, la missione e la presenza spirituale di Cristo.<\/li>\n\n\n\n<li><strong>Nella catechesi:<\/strong> Spiegare che Ges\u00f9 non \u00e8 \u201cpartito\u201d, ma ora \u00e8 <strong>pi\u00f9 profondamente presente<\/strong> \u2013 come il Glorificato che ci accompagna.<\/li>\n\n\n\n<li><strong>Nella comunit\u00e0:<\/strong> Favorire la preghiera e l\u2019azione missionaria fondate sulla speranza del Regno. Offrire spazi di discernimento vocazionale e di sequela.<\/li>\n<\/ul>\n\n\n\n<hr class=\"wp-block-separator has-alpha-channel-opacity\"\/>\n\n\n\n<h3 class=\"wp-block-heading\">6. <strong>L\u2019Ascensione e il mondo di oggi: Un appello contro la disperazione<\/strong><\/h3>\n\n\n\n<p>Viviamo in un tempo di angoscia esistenziale, di incertezze e perdita di senso. L\u2019Ascensione \u00e8 <strong>un antidoto al nichilismo<\/strong>. Ricorda che:<\/p>\n\n\n\n<ul class=\"wp-block-list\">\n<li>La storia <strong>non \u00e8 un caos<\/strong>, ma ha <strong>una meta gloriosa<\/strong>.<\/li>\n\n\n\n<li>Non siamo soli: Cristo <strong>intercede per noi presso il Padre<\/strong>.<\/li>\n\n\n\n<li>Questo mondo <strong>non \u00e8 la nostra casa definitiva<\/strong>, ma <strong>il nostro campo di missione<\/strong>.<\/li>\n<\/ul>\n\n\n\n<hr class=\"wp-block-separator has-alpha-channel-opacity\"\/>\n\n\n\n<h3 class=\"wp-block-heading\">Conclusione: \u00abCercate le cose di lass\u00f9\u00bb<\/h3>\n\n\n\n<p>San Paolo lo dice chiaramente:<\/p>\n\n\n\n<blockquote class=\"wp-block-quote is-layout-flow wp-block-quote-is-layout-flow\">\n<p>\u00abSe dunque siete risorti con Cristo, cercate le cose di lass\u00f9, dove si trova Cristo, assiso alla destra di Dio.\u00bb<br><em>(Colossesi 3,1)<\/em><\/p>\n<\/blockquote>\n\n\n\n<p><strong>L\u2019Ascensione \u00e8 una festa di speranza, responsabilit\u00e0 e missione.<\/strong> Cristo \u00e8 asceso al Cielo <strong>non per lasciarci<\/strong>, ma per <strong>attirarci a s\u00e9<\/strong>. La vita cristiana, in questo tempo tra l\u2019Ascensione e il suo ritorno, \u00e8 <strong>un pellegrinaggio gioioso e fiducioso verso l\u2019eternit\u00e0<\/strong>.<\/p>\n\n\n\n<hr class=\"wp-block-separator has-alpha-channel-opacity\"\/>\n\n\n\n<p><strong>Preghiera finale:<\/strong><\/p>\n\n\n\n<blockquote class=\"wp-block-quote is-layout-flow wp-block-quote-is-layout-flow\">\n<p><em>Signore Ges\u00f9,<br>sei salito al Cielo per prepararci un posto.<br>Aiutaci a vivere con lo sguardo rivolto a te,<br>senza perderci nel passeggero.<br>Rendici testimoni credibili del tuo Regno.<br>Manda il tuo Spirito Santo,<br>perch\u00e9 possiamo vivere con speranza<br>e camminare sulla terra da figli del Cielo.<br>Amen.<\/em><\/p>\n<\/blockquote>\n","protected":false},"excerpt":{"rendered":"<p>Introduzione: La promessa di una speranza elevata Ogni anno, quaranta giorni dopo la Domenica di Pasqua, la Chiesa celebra uno dei misteri pi\u00f9 luminosi del cristianesimo: l\u2019Ascensione del Signore nostro Ges\u00f9 Cristo. Si tratta di un evento spesso sottovalutato o dimenticato, ma che contiene una verit\u00e0 profonda: Cristo non solo \u00e8 risorto per vincere la &hellip;<\/p>\n","protected":false},"author":3,"featured_media":4068,"comment_status":"open","ping_status":"open","sticky":false,"template":"","format":"standard","meta":{"_seopress_robots_primary_cat":"","_seopress_titles_title":"","_seopress_titles_desc":"","_seopress_robots_index":"","footnotes":""},"categories":[52,38],"tags":[],"class_list":["post-4067","post","type-post","status-publish","format-standard","has-post-thumbnail","","category-liturgia-e-anno-liturgico","category-storia-e-tradizione"],"_links":{"self":[{"href":"https:\/\/catholicus.eu\/it\/wp-json\/wp\/v2\/posts\/4067","targetHints":{"allow":["GET"]}}],"collection":[{"href":"https:\/\/catholicus.eu\/it\/wp-json\/wp\/v2\/posts"}],"about":[{"href":"https:\/\/catholicus.eu\/it\/wp-json\/wp\/v2\/types\/post"}],"author":[{"embeddable":true,"href":"https:\/\/catholicus.eu\/it\/wp-json\/wp\/v2\/users\/3"}],"replies":[{"embeddable":true,"href":"https:\/\/catholicus.eu\/it\/wp-json\/wp\/v2\/comments?post=4067"}],"version-history":[{"count":1,"href":"https:\/\/catholicus.eu\/it\/wp-json\/wp\/v2\/posts\/4067\/revisions"}],"predecessor-version":[{"id":4069,"href":"https:\/\/catholicus.eu\/it\/wp-json\/wp\/v2\/posts\/4067\/revisions\/4069"}],"wp:featuredmedia":[{"embeddable":true,"href":"https:\/\/catholicus.eu\/it\/wp-json\/wp\/v2\/media\/4068"}],"wp:attachment":[{"href":"https:\/\/catholicus.eu\/it\/wp-json\/wp\/v2\/media?parent=4067"}],"wp:term":[{"taxonomy":"category","embeddable":true,"href":"https:\/\/catholicus.eu\/it\/wp-json\/wp\/v2\/categories?post=4067"},{"taxonomy":"post_tag","embeddable":true,"href":"https:\/\/catholicus.eu\/it\/wp-json\/wp\/v2\/tags?post=4067"}],"curies":[{"name":"wp","href":"https:\/\/api.w.org\/{rel}","templated":true}]}}