{"id":3936,"date":"2025-05-19T21:27:55","date_gmt":"2025-05-19T19:27:55","guid":{"rendered":"https:\/\/catholicus.eu\/it\/?p=3936"},"modified":"2025-05-19T21:27:55","modified_gmt":"2025-05-19T19:27:55","slug":"frontiere-aperte-anime-chiuse-la-sfida-dellimmigrazione-massiccia-e-non-integrata-alla-luce-della-fede-cattolica","status":"publish","type":"post","link":"https:\/\/catholicus.eu\/it\/frontiere-aperte-anime-chiuse-la-sfida-dellimmigrazione-massiccia-e-non-integrata-alla-luce-della-fede-cattolica\/","title":{"rendered":"Frontiere aperte, anime chiuse: la sfida dell&#8217;immigrazione massiccia e non integrata alla luce della fede cattolica"},"content":{"rendered":"\n<p><strong>INTRODUZIONE: UNA CRISI CHE SUPERA LA POLITICA<\/strong><\/p>\n\n\n\n<p>Viviamo tempi turbolenti. L\u2019Europa, e gran parte del mondo occidentale, sta vivendo un\u2019ondata migratoria senza precedenti. Ci\u00f2 che un tempo era un flusso moderato di persone in cerca di una vita migliore si \u00e8 trasformato in un fenomeno massiccio, spesso incontrollato. La maggior parte di questi migranti non porta con s\u00e9 solo la lingua, la cultura e i costumi, ma anche la propria religione \u2013 frequentemente l\u2019Islam, che spesso si pone in contrasto o in aperta ostilit\u00e0 con il cristianesimo.<\/p>\n\n\n\n<p>Questo articolo non \u00e8 un\u2019opinione politica n\u00e9 un\u2019analisi geopolitica. \u00c8 piuttosto \u2013 da una prospettiva cattolica tradizionale \u2013 <strong>una luce nel caos<\/strong>. Perch\u00e9 se c\u2019\u00e8 qualcosa che deve distinguere un cattolico \u00e8 la capacit\u00e0 di leggere la realt\u00e0 con gli occhi di Dio \u2013 non con quelli del mondo. E dunque ci poniamo con onest\u00e0 una domanda cruciale:<\/p>\n\n\n\n<p><strong>Come dobbiamo, da cattolici, affrontare l\u2019immigrazione massiccia e non integrata, specialmente quando proviene da culture e religioni che rifiutano o combattono i nostri valori?<\/strong><\/p>\n\n\n\n<hr class=\"wp-block-separator has-alpha-channel-opacity\"\/>\n\n\n\n<h2 class=\"wp-block-heading\">I. SGUARDO STORICO: QUANDO LA FEDE ERA UN PATRIMONIO COMUNE<\/h2>\n\n\n\n<p>Per secoli, il cristianesimo si estendeva dall\u2019Irlanda a Costantinopoli. I confini politici erano porosi, ma la fede cattolica era il cemento culturale che univa i popoli. L\u2019immigrazione esisteva, certo, ma avveniva all\u2019interno di una civilt\u00e0 cristiana comune.<\/p>\n\n\n\n<p>Quando, per\u00f2, popoli provenienti da religioni ostili (come l\u2019Islam) invadevano terre cristiane, la risposta era chiara:<br><strong>difendere la fede, proteggere i fedeli e \u2013 se possibile \u2013 convertire i nuovi arrivati.<\/strong><br>La carit\u00e0 non \u00e8 mai stata confusa con l\u2019ingenuit\u00e0.<\/p>\n\n\n\n<p>L\u2019esempio di <strong>San Giovanni da Capestrano, che predicava contro i Turchi<\/strong>, o quello di <strong>San Ferdinando III, che integrava i musulmani ma li evangelizzava<\/strong>, ci mostra che la Chiesa non \u00e8 mai stata contro la misericordia, ma <strong>contro il relativismo<\/strong>. La misericordia non ha mai significato indifferenza alla verit\u00e0. E integrare non significava <strong>arrendersi al nemico<\/strong>.<\/p>\n\n\n\n<hr class=\"wp-block-separator has-alpha-channel-opacity\"\/>\n\n\n\n<h2 class=\"wp-block-heading\">II. L\u2019INSEGNAMENTO DELLA CHIESA: CARIT\u00c0 E VERIT\u00c0 INSIEME, MAI SEPARATE<\/h2>\n\n\n\n<p>Il Catechismo della Chiesa Cattolica ci ricorda che l\u2019immigrazione \u00e8 un fenomeno umano legittimo \u2013 soprattutto in situazioni di necessit\u00e0:<\/p>\n\n\n\n<blockquote class=\"wp-block-quote is-layout-flow wp-block-quote-is-layout-flow\">\n<p>\u00abLe nazioni pi\u00f9 ricche sono tenute ad accogliere lo straniero nella misura in cui sono in grado di farlo. [&#8230;]\u00bb<br>(CCC, n. 2241)<\/p>\n<\/blockquote>\n\n\n\n<p>Ma aggiunge anche:<\/p>\n\n\n\n<blockquote class=\"wp-block-quote is-layout-flow wp-block-quote-is-layout-flow\">\n<p>\u00abL\u2019immigrato \u00e8 tenuto a rispettare con riconoscenza il patrimonio materiale e spirituale del paese che lo accoglie, a obbedire alle sue leggi e a contribuire ai suoi oneri.\u00bb<\/p>\n<\/blockquote>\n\n\n\n<p><strong>La carit\u00e0 verso i migranti non pu\u00f2 mai essere disgiunta dal dovere di integrazione nella cultura del paese ospitante<\/strong>, specialmente se quella cultura \u00e8 cristiana.<\/p>\n\n\n\n<p>Inoltre, la vera carit\u00e0 non separa mai il corpo dall\u2019anima. Aiutare il povero senza annunciargli Cristo significa lasciarlo nella miseria spirituale. E aderire \u2013 per \u201ctolleranza\u201d \u2013 a ideologie o religioni che negano la divinit\u00e0 di Cristo <strong>non \u00e8 misericordia, ma tradimento della verit\u00e0<\/strong>.<\/p>\n\n\n\n<p>Cristo \u00e8 chiaro:<\/p>\n\n\n\n<blockquote class=\"wp-block-quote is-layout-flow wp-block-quote-is-layout-flow\">\n<p>\u00abIo sono la via, la verit\u00e0 e la vita. Nessuno viene al Padre se non per mezzo di me.\u00bb<br>(Giovanni 14,6)<\/p>\n<\/blockquote>\n\n\n\n<p>L\u2019Islam rigetta tutto questo. Nega la Trinit\u00e0, l\u2019Incarnazione, la Croce e la Risurrezione. Dunque, sebbene dobbiamo amare i musulmani come creature di Dio, <strong>non possiamo chiudere gli occhi di fronte al fatto che la loro religione \u00e8 oggettivamente falsa e ostile alla verit\u00e0 rivelata.<\/strong><\/p>\n\n\n\n<hr class=\"wp-block-separator has-alpha-channel-opacity\"\/>\n\n\n\n<h2 class=\"wp-block-heading\">III. GUIDA TEOLOGICA E PASTORALE PER AFFRONTARE UNA &#8220;SILENZIOSA INVASIONE&#8221;<\/h2>\n\n\n\n<h3 class=\"wp-block-heading\">1. <strong>Svegliarsi dal sonno spirituale: leggere la realt\u00e0 con occhi cattolici<\/strong><\/h3>\n\n\n\n<p>La prima responsabilit\u00e0 del cattolico \u00e8 <strong>non lasciarsi manipolare dalla narrazione emotiva del mondo<\/strong>. Dobbiamo distinguere i veri rifugiati da coloro che fanno parte di un progetto volto <strong>alla distruzione dell\u2019identit\u00e0 cristiana delle nazioni.<\/strong><\/p>\n\n\n\n<p><strong>Distinguere non significa odiare. Significa amare con intelligenza.<\/strong><\/p>\n\n\n\n<blockquote class=\"wp-block-quote is-layout-flow wp-block-quote-is-layout-flow\">\n<p>\u00abSiate dunque prudenti come i serpenti e semplici come le colombe.\u00bb<br>(Matteo 10,16)<\/p>\n<\/blockquote>\n\n\n\n<p>Non tutta l\u2019immigrazione \u00e8 un male. Ma quando \u00e8 massiccia, incontrollata, e alimentata da persone che si rifiutano di integrarsi, essa diventa uno strumento nelle mani del nemico <strong>per destabilizzare, de-cristianizzare e infine islamizzare l\u2019Europa.<\/strong><\/p>\n\n\n\n<h3 class=\"wp-block-heading\">2. <strong>Amare il migrante senza rinunciare alla verit\u00e0<\/strong><\/h3>\n\n\n\n<p>S\u00ec, dobbiamo amare il migrante. Ma amare non significa approvare tutto ci\u00f2 che fa. Il vero amore cerca il bene integrale dell\u2019altro \u2013 e questo include la <strong>salvezza eterna.<\/strong> Perci\u00f2, ogni migrante deve essere <strong>evangelizzato, catechizzato e \u2013 se Dio vuole \u2013 convertito.<\/strong><\/p>\n\n\n\n<p>E se la conversione non \u00e8 possibile, almeno deve essere richiesta <strong>la piena adesione ai valori cristiani della nazione ospitante.<\/strong> Chi non \u00e8 disposto a rispettare la legge naturale e la fede cristiana, <strong>non ha diritto di imporre la propria cultura o religione.<\/strong><\/p>\n\n\n\n<h3 class=\"wp-block-heading\">3. <strong>Chiedere ai sacerdoti chiarezza e coraggio<\/strong><\/h3>\n\n\n\n<p>Molti vescovi e sacerdoti sono caduti in una retorica politicamente corretta che <strong>scambia il Vangelo con il buonismo.<\/strong> I laici devono chiedere sia la carit\u00e0 che <strong>la verit\u00e0, il coraggio e la protezione del gregge.<\/strong> Il lupo, anche se ferito, <strong>rimane un pericolo per le pecore.<\/strong><\/p>\n\n\n\n<h3 class=\"wp-block-heading\">4. <strong>Difendere senza vergogna la nostra identit\u00e0 cristiana<\/strong><\/h3>\n\n\n\n<p>I cattolici devono uscire dal complesso di inferiorit\u00e0. La nostra fede \u00e8 vera. La nostra civilt\u00e0 \u2013 pur con i suoi limiti \u2013 ha generato santi, bellezza, cultura, libert\u00e0. Il multiculturalismo che relativizza tutto <strong>\u00e8 una trappola mortale.<\/strong><\/p>\n\n\n\n<p>Dobbiamo vivere, testimoniare e difendere la nostra fede \u2013 nella lingua, nelle feste, nelle leggi, nella scuola \u2013 <strong>senza permettere che venga soffocata in nome di una falsa tolleranza.<\/strong><\/p>\n\n\n\n<hr class=\"wp-block-separator has-alpha-channel-opacity\"\/>\n\n\n\n<h2 class=\"wp-block-heading\">IV. IL CASO DELL\u2019ISLAM: UNA RELIGIONE NON NEUTRA<\/h2>\n\n\n\n<p>Molti musulmani sono persone buone e pacifiche. Ma l\u2019Islam, come sistema religioso-politico, <strong>\u00e8 incompatibile con la fede cattolica e con la democrazia occidentale.<\/strong> Il Corano non predica una pace universale \u2013 predica <strong>la sottomissione<\/strong>. In arabo, <em>Islam<\/em> significa proprio \u201csottomissione\u201d.<\/p>\n\n\n\n<p>L\u2019Islam classico non riconosce la libert\u00e0 religiosa, nega la parit\u00e0 della donna e divide il mondo in <em>Dar al-Islam<\/em> (la casa dell\u2019Islam) e <em>Dar al-Harb<\/em> (la casa della guerra). Questo significa che ogni terra non musulmana <strong>\u00e8 destinata alla conquista.<\/strong><\/p>\n\n\n\n<p>In questo contesto, accogliere masse di migranti musulmani \u2013 senza evangelizzazione n\u00e9 integrazione \u2013 <strong>equivale ad accettare il suicidio culturale e spirituale dell\u2019Europa.<\/strong> La storia lo dimostra: non esiste un solo paese in cui l\u2019Islam sia entrato e non abbia cercato di espandersi. Una volta radicato, cresce. E quando domina, <strong>perseguita.<\/strong><\/p>\n\n\n\n<hr class=\"wp-block-separator has-alpha-channel-opacity\"\/>\n\n\n\n<h2 class=\"wp-block-heading\">V. COSA POSSIAMO FARE, NOI CATTOLICI?<\/h2>\n\n\n\n<h3 class=\"wp-block-heading\">\u2714 <strong>Pregare e fare penitenza<\/strong><\/h3>\n\n\n\n<p>Senza preghiera ogni azione \u00e8 sterile. Recitiamo il Rosario per la conversione dei migranti, per l\u2019unit\u00e0 dell\u2019Europa nella fede, per i nostri governanti.<\/p>\n\n\n\n<h3 class=\"wp-block-heading\">\u2714 <strong>Evangelizzare con coraggio<\/strong><\/h3>\n\n\n\n<p>Non dobbiamo aver paura di annunciare Cristo. Molti migranti provengono da paesi dove il Vangelo non \u00e8 mai stato predicato. \u00c8 un\u2019opportunit\u00e0! Con rispetto ma senza timidezza, <strong>annunciamo l\u2019unico Salvatore.<\/strong><\/p>\n\n\n\n<h3 class=\"wp-block-heading\">\u2714 <strong>Sostenere chi promuove una vera integrazione<\/strong><\/h3>\n\n\n\n<p>Esistono movimenti cattolici che uniscono carit\u00e0 e identit\u00e0 \u2013 offrono aiuto materiale e accompagnamento spirituale. <strong>Sosteniamoli!<\/strong> Carit\u00e0 e verit\u00e0 vanno insieme.<\/p>\n\n\n\n<h3 class=\"wp-block-heading\">\u2714 <strong>Fare pressione sulla politica e sui sacerdoti<\/strong><\/h3>\n\n\n\n<p>La nostra voce conta. Scriviamo, votiamo, testimoniamo, condividiamo. La fede non pu\u00f2 restare confinata nel privato, mentre l\u2019Islam occupa lo spazio pubblico.<\/p>\n\n\n\n<h3 class=\"wp-block-heading\">\u2714 <strong>Catechizzare le nostre famiglie<\/strong><\/h3>\n\n\n\n<p>La miglior difesa \u00e8 un popolo saldo nella fede. Educhiamo i nostri figli alla verit\u00e0 cattolica. Mostriamo loro la bellezza della nostra liturgia, della nostra dottrina, dei nostri martiri.<\/p>\n\n\n\n<hr class=\"wp-block-separator has-alpha-channel-opacity\"\/>\n\n\n\n<h2 class=\"wp-block-heading\">CONCLUSIONE: UNA BATTAGLIA SPIRITUALE PER L\u2019ANIMA DELL\u2019EUROPA<\/h2>\n\n\n\n<p>Non si tratta di una crisi di frontiere, ma <strong>di una crisi delle anime, dei valori, dell\u2019identit\u00e0.<\/strong> E come cattolici siamo chiamati a essere <strong>luce, sale, lievito.<\/strong> Non si tratta di odiare qualcuno, ma <strong>di non tradire Cristo.<\/strong><\/p>\n\n\n\n<p>Ricordiamoci delle parole del Signore:<\/p>\n\n\n\n<blockquote class=\"wp-block-quote is-layout-flow wp-block-quote-is-layout-flow\">\n<p>\u00abIl ladro non viene se non per rubare, uccidere e distruggere; io sono venuto perch\u00e9 abbiano la vita e l\u2019abbiano in abbondanza.\u00bb<br>(Giovanni 10,10)<\/p>\n<\/blockquote>\n\n\n\n<p>Il nemico non \u00e8 il migrante. Il nemico \u00e8 <strong>l\u2019ideologia che nega Cristo e vuole distruggere le nostre radici.<\/strong><br>Non lasciamoci sorprendere dal sonno. Non siamo codardi.<br><strong>Difendiamo la nostra fede con il cuore aperto \u2013 e gli occhi ben svegli!<\/strong><\/p>\n","protected":false},"excerpt":{"rendered":"<p>INTRODUZIONE: UNA CRISI CHE SUPERA LA POLITICA Viviamo tempi turbolenti. L\u2019Europa, e gran parte del mondo occidentale, sta vivendo un\u2019ondata migratoria senza precedenti. Ci\u00f2 che un tempo era un flusso moderato di persone in cerca di una vita migliore si \u00e8 trasformato in un fenomeno massiccio, spesso incontrollato. La maggior parte di questi migranti non &hellip;<\/p>\n","protected":false},"author":3,"featured_media":3937,"comment_status":"open","ping_status":"open","sticky":false,"template":"","format":"standard","meta":{"_seopress_robots_primary_cat":"","_seopress_titles_title":"","_seopress_titles_desc":"","_seopress_robots_index":"","footnotes":""},"categories":[66,41],"tags":[1419,1420],"class_list":["post-3936","post","type-post","status-publish","format-standard","has-post-thumbnail","","category-cultura-popolare-e-cattolicesimo","category-fede-e-cultura","tag-immigrazione-massiccia","tag-non-integrata"],"_links":{"self":[{"href":"https:\/\/catholicus.eu\/it\/wp-json\/wp\/v2\/posts\/3936","targetHints":{"allow":["GET"]}}],"collection":[{"href":"https:\/\/catholicus.eu\/it\/wp-json\/wp\/v2\/posts"}],"about":[{"href":"https:\/\/catholicus.eu\/it\/wp-json\/wp\/v2\/types\/post"}],"author":[{"embeddable":true,"href":"https:\/\/catholicus.eu\/it\/wp-json\/wp\/v2\/users\/3"}],"replies":[{"embeddable":true,"href":"https:\/\/catholicus.eu\/it\/wp-json\/wp\/v2\/comments?post=3936"}],"version-history":[{"count":1,"href":"https:\/\/catholicus.eu\/it\/wp-json\/wp\/v2\/posts\/3936\/revisions"}],"predecessor-version":[{"id":3938,"href":"https:\/\/catholicus.eu\/it\/wp-json\/wp\/v2\/posts\/3936\/revisions\/3938"}],"wp:featuredmedia":[{"embeddable":true,"href":"https:\/\/catholicus.eu\/it\/wp-json\/wp\/v2\/media\/3937"}],"wp:attachment":[{"href":"https:\/\/catholicus.eu\/it\/wp-json\/wp\/v2\/media?parent=3936"}],"wp:term":[{"taxonomy":"category","embeddable":true,"href":"https:\/\/catholicus.eu\/it\/wp-json\/wp\/v2\/categories?post=3936"},{"taxonomy":"post_tag","embeddable":true,"href":"https:\/\/catholicus.eu\/it\/wp-json\/wp\/v2\/tags?post=3936"}],"curies":[{"name":"wp","href":"https:\/\/api.w.org\/{rel}","templated":true}]}}