{"id":3933,"date":"2025-05-19T00:24:52","date_gmt":"2025-05-18T22:24:52","guid":{"rendered":"https:\/\/catholicus.eu\/it\/?p=3933"},"modified":"2025-05-19T00:24:52","modified_gmt":"2025-05-18T22:24:52","slug":"il-catechismo-e-limmigrazione-un-richiamo-alla-carita-alla-giustizia-e-alla-fraternita-cristiana","status":"publish","type":"post","link":"https:\/\/catholicus.eu\/it\/il-catechismo-e-limmigrazione-un-richiamo-alla-carita-alla-giustizia-e-alla-fraternita-cristiana\/","title":{"rendered":"Il Catechismo e l&#8217;Immigrazione: Un Richiamo alla Carit\u00e0, alla Giustizia e alla Fraternit\u00e0 Cristiana"},"content":{"rendered":"\n<h2 class=\"wp-block-heading\"><strong>Introduzione: Una Questione di Urgenza Spirituale e Sociale<\/strong><\/h2>\n\n\n\n<p>In un mondo segnato da crisi migratorie, frontiere chiuse e accesi dibattiti politici, la Chiesa Cattolica offre una luce di speranza e una guida morale. Il&nbsp;<em>Catechismo della Chiesa Cattolica<\/em>, insieme alla Sacra Scrittura e alla Dottrina Sociale della Chiesa, ci invita a riflettere sull&#8217;immigrazione non solo come fenomeno sociale, ma come opportunit\u00e0 per vivere il comandamento dell&#8217;amore per il prossimo.<\/p>\n\n\n\n<p>Ma cosa dice esattamente il&nbsp;<em>Catechismo<\/em>&nbsp;su questo tema? Come possiamo, come fedeli cattolici, rispondere alle sfide della migrazione da una prospettiva teologica e pastorale? In questo articolo esploreremo le radici bibliche, gli insegnamenti del Magistero e le applicazioni pratiche per la nostra vita quotidiana.<\/p>\n\n\n\n<hr class=\"wp-block-separator has-alpha-channel-opacity\"\/>\n\n\n\n<h2 class=\"wp-block-heading\"><strong>I. L&#8217;Immigrazione nella Sacra Scrittura: Un Popolo in Cammino<\/strong><\/h2>\n\n\n\n<p>Fin dalle sue origini, il Popolo di Dio \u00e8 stato un popolo migrante. Abramo, chiamato da Dio, lasci\u00f2 la sua terra per seguire la promessa divina (Genesi 12,1). I figli di Giacobbe emigrarono in Egitto in cerca di sopravvivenza (Genesi 46). Mos\u00e8 guid\u00f2 Israele verso la Terra Promessa attraversando il deserto. E nel Nuovo Testamento, Ges\u00f9 stesso visse come rifugiato in Egitto quando Erode cercava di ucciderlo (Matteo 2,13-15).<\/p>\n\n\n\n<p><strong>&#8220;Ero straniero e mi avete accolto&#8221; (Matteo 25,35).<\/strong>&nbsp;Queste parole di Cristo nel Giudizio Finale ci ricordano che l&#8217;accoglienza dello straniero non \u00e8 un&#8217;opzione, ma un criterio di salvezza. L&#8217;ospitalit\u00e0 \u00e8 dunque una virt\u00f9 cristiana essenziale.<\/p>\n\n\n\n<hr class=\"wp-block-separator has-alpha-channel-opacity\"\/>\n\n\n\n<h2 class=\"wp-block-heading\"><strong>II. Il Catechismo della Chiesa Cattolica e l&#8217;Insegnamento sui Migranti<\/strong><\/h2>\n\n\n\n<p>Il&nbsp;<em>Catechismo della Chiesa Cattolica (CCC)<\/em>&nbsp;non affronta esplicitamente l&#8217;immigrazione in un numero specifico, ma i suoi principi teologici e morali illuminano la questione. Possiamo riassumere l&#8217;insegnamento in tre pilastri:<\/p>\n\n\n\n<h3 class=\"wp-block-heading\"><strong>1. La Dignit\u00e0 di Ogni Persona Umana (CCC 1929-1933)<\/strong><\/h3>\n\n\n\n<p>Ogni essere umano, indipendentemente dall&#8217;origine, razza o status migratorio, \u00e8 creato a immagine e somiglianza di Dio (Genesi 1,26). Merita quindi rispetto, protezione e carit\u00e0. La Chiesa condanna ogni forma di xenofobia o discriminazione.<\/p>\n\n\n\n<h3 class=\"wp-block-heading\"><strong>2. Il Diritto a Cercare una Vita Migliore (CCC 2241)<\/strong><\/h3>\n\n\n\n<p><strong>CCC 2241<\/strong>&nbsp;\u00e8 fondamentale:<\/p>\n\n\n\n<blockquote class=\"wp-block-quote is-layout-flow wp-block-quote-is-layout-flow\">\n<p><em>&#8220;Le nazioni pi\u00f9 prospere hanno il dovere di accogliere, per quanto possibile, lo straniero che cerca sicurezza e mezzi di vita che non pu\u00f2 trovare nel suo paese d&#8217;origine.&#8221;<\/em><\/p>\n<\/blockquote>\n\n\n\n<p>Questo numero riconosce anche che gli Stati hanno il diritto di regolare i loro confini, ma sempre con&nbsp;<strong>giustizia e carit\u00e0<\/strong>, privilegiando il bene comune senza dimenticare la dignit\u00e0 umana.<\/p>\n\n\n\n<h3 class=\"wp-block-heading\"><strong>3. La Solidariet\u00e0 e il Bene Comune (CCC 1939-1942)<\/strong><\/h3>\n\n\n\n<p>La solidariet\u00e0 non \u00e8 solo un sentimento, ma una&nbsp;<strong>virt\u00f9 teologale<\/strong>&nbsp;che ci spinge a condividere beni materiali e spirituali. La Dottrina Sociale della Chiesa insegna che i migranti non sono una minaccia, ma una ricchezza culturale e spirituale quando integrati con giustizia.<\/p>\n\n\n\n<hr class=\"wp-block-separator has-alpha-channel-opacity\"\/>\n\n\n\n<h2 class=\"wp-block-heading\"><strong>III. Applicazioni Pratiche: Come Vivere Questo Insegnamento?<\/strong><\/h2>\n\n\n\n<h3 class=\"wp-block-heading\"><strong>1. Preghiera e Consapevolezza<\/strong><\/h3>\n\n\n\n<ul class=\"wp-block-list\">\n<li>Pregare per migranti e rifugiati.<\/li>\n\n\n\n<li>Informarsi sulle cause profonde delle migrazioni (guerre, povert\u00e0, persecuzioni).<\/li>\n<\/ul>\n\n\n\n<h3 class=\"wp-block-heading\"><strong>2. Azione Caritatevole<\/strong><\/h3>\n\n\n\n<ul class=\"wp-block-list\">\n<li>Sostenere organizzazioni cattoliche come\u00a0<strong>Caritas<\/strong>, il\u00a0<strong>Servizio dei Gesuiti per i Rifugiati<\/strong>\u00a0o la\u00a0<strong>Pastorale dei Migranti<\/strong>.<\/li>\n\n\n\n<li>Offrire aiuti concreti: cibo, vestiario, accompagnamento legale o spirituale.<\/li>\n<\/ul>\n\n\n\n<h3 class=\"wp-block-heading\"><strong>3. Impegno Politico<\/strong><\/h3>\n\n\n\n<ul class=\"wp-block-list\">\n<li>Promuovere politiche migratorie\u00a0<strong>giuste e umane<\/strong>.<\/li>\n\n\n\n<li>Rifiutare discorsi d&#8217;odio e favorire l&#8217;integrazione.<\/li>\n<\/ul>\n\n\n\n<h3 class=\"wp-block-heading\"><strong>4. Testimonianza di Accoglienza<\/strong><\/h3>\n\n\n\n<ul class=\"wp-block-list\">\n<li>Trattare i migranti con\u00a0<strong>rispetto e fraternit\u00e0<\/strong>\u00a0nella vita quotidiana.<\/li>\n\n\n\n<li>Ricordare che, spiritualmente, siamo tutti\u00a0<strong>pellegrini in cammino verso la Patria Celeste<\/strong>.<\/li>\n<\/ul>\n\n\n\n<hr class=\"wp-block-separator has-alpha-channel-opacity\"\/>\n\n\n\n<h2 class=\"wp-block-heading\"><strong>Conclusione: Un Richiamo alla Conversione del Cuore<\/strong><\/h2>\n\n\n\n<p>L&#8217;insegnamento della Chiesa sull&#8217;immigrazione non \u00e8 un semplice &#8220;dovere sociale&#8221;, ma un&nbsp;<strong>richiamo radicale all&#8217;amore cristiano<\/strong>. In un mondo diviso, i cattolici sono chiamati a essere ponti di accoglienza, giustizia e misericordia.<\/p>\n\n\n\n<p>Come disse San Giovanni Paolo II:<\/p>\n\n\n\n<blockquote class=\"wp-block-quote is-layout-flow wp-block-quote-is-layout-flow\">\n<p><em>&#8220;Non si tratta solo di migranti: si tratta della nostra umanit\u00e0, della nostra capacit\u00e0 di amare come Cristo ci ha amati.&#8221;<\/em><\/p>\n<\/blockquote>\n\n\n\n<p>La Vergine Maria, che con San Giuseppe conobbe il dolore dell&#8217;esilio, ci guidi in questo cammino di autentica carit\u00e0 e fraternit\u00e0.<\/p>\n\n\n\n<p><strong>Siete pronti ad aprire il vostro cuore allo straniero?<\/strong><\/p>\n\n\n\n<hr class=\"wp-block-separator has-alpha-channel-opacity\"\/>\n\n\n\n<p>Questo articolo \u00e8 solo l&#8217;inizio di una riflessione pi\u00f9 profonda. Vi invito a condividerlo, a discuterne in comunit\u00e0 e, soprattutto, a metterlo in pratica. Perch\u00e9, alla fine, la fede senza le opere \u00e8 morta (Giacomo 2,17).<\/p>\n\n\n\n<p>Vorresti approfondire qualche aspetto particolare? Fatemelo sapere nei commenti!<\/p>\n","protected":false},"excerpt":{"rendered":"<p>Introduzione: Una Questione di Urgenza Spirituale e Sociale In un mondo segnato da crisi migratorie, frontiere chiuse e accesi dibattiti politici, la Chiesa Cattolica offre una luce di speranza e una guida morale. Il&nbsp;Catechismo della Chiesa Cattolica, insieme alla Sacra Scrittura e alla Dottrina Sociale della Chiesa, ci invita a riflettere sull&#8217;immigrazione non solo come &hellip;<\/p>\n","protected":false},"author":3,"featured_media":3934,"comment_status":"open","ping_status":"open","sticky":false,"template":"","format":"standard","meta":{"_seopress_robots_primary_cat":"","_seopress_titles_title":"","_seopress_titles_desc":"","_seopress_robots_index":"","footnotes":""},"categories":[43,37],"tags":[255,1418],"class_list":["post-3933","post","type-post","status-publish","format-standard","has-post-thumbnail","","category-catechismo-della-chiesa-cattolica","category-dottrina-e-fede","tag-catechismo","tag-immigrazione"],"_links":{"self":[{"href":"https:\/\/catholicus.eu\/it\/wp-json\/wp\/v2\/posts\/3933","targetHints":{"allow":["GET"]}}],"collection":[{"href":"https:\/\/catholicus.eu\/it\/wp-json\/wp\/v2\/posts"}],"about":[{"href":"https:\/\/catholicus.eu\/it\/wp-json\/wp\/v2\/types\/post"}],"author":[{"embeddable":true,"href":"https:\/\/catholicus.eu\/it\/wp-json\/wp\/v2\/users\/3"}],"replies":[{"embeddable":true,"href":"https:\/\/catholicus.eu\/it\/wp-json\/wp\/v2\/comments?post=3933"}],"version-history":[{"count":1,"href":"https:\/\/catholicus.eu\/it\/wp-json\/wp\/v2\/posts\/3933\/revisions"}],"predecessor-version":[{"id":3935,"href":"https:\/\/catholicus.eu\/it\/wp-json\/wp\/v2\/posts\/3933\/revisions\/3935"}],"wp:featuredmedia":[{"embeddable":true,"href":"https:\/\/catholicus.eu\/it\/wp-json\/wp\/v2\/media\/3934"}],"wp:attachment":[{"href":"https:\/\/catholicus.eu\/it\/wp-json\/wp\/v2\/media?parent=3933"}],"wp:term":[{"taxonomy":"category","embeddable":true,"href":"https:\/\/catholicus.eu\/it\/wp-json\/wp\/v2\/categories?post=3933"},{"taxonomy":"post_tag","embeddable":true,"href":"https:\/\/catholicus.eu\/it\/wp-json\/wp\/v2\/tags?post=3933"}],"curies":[{"name":"wp","href":"https:\/\/api.w.org\/{rel}","templated":true}]}}