{"id":3867,"date":"2025-05-16T11:11:56","date_gmt":"2025-05-16T09:11:56","guid":{"rendered":"https:\/\/catholicus.eu\/it\/?p=3867"},"modified":"2025-05-16T11:11:57","modified_gmt":"2025-05-16T09:11:57","slug":"la-crociata-spagnola-del-1936-fede-sangue-e-gloria-nella-difesa-della-chiesa","status":"publish","type":"post","link":"https:\/\/catholicus.eu\/it\/la-crociata-spagnola-del-1936-fede-sangue-e-gloria-nella-difesa-della-chiesa\/","title":{"rendered":"La Crociata Spagnola del 1936: Fede, Sangue e Gloria nella Difesa della Chiesa"},"content":{"rendered":"\n<p><em>Un viaggio spirituale attraverso il martirio, la fedelt\u00e0 e il coraggio di coloro che difesero la loro fede fino alla fine<\/em><\/p>\n\n\n\n<hr class=\"wp-block-separator has-alpha-channel-opacity\"\/>\n\n\n\n<h3 class=\"wp-block-heading\">\u271d\ufe0f Introduzione: Quando la fede viene perseguitata, il cielo si apre<\/h3>\n\n\n\n<p>Nel 1936, la Spagna divenne una prova ardente della fede cattolica. Mentre l\u2019Europa era scossa da tensioni politiche e ideologiche, la penisola iberica fu teatro di una delle pi\u00f9 sanguinose persecuzioni religiose della modernit\u00e0. Non si tratt\u00f2 solo di un conflitto tra fazioni politiche: fu un attacco diretto contro Cristo e la sua Chiesa.<\/p>\n\n\n\n<p>La Guerra Civile Spagnola (1936-1939), scoppiata dopo la caduta della Seconda Repubblica e l\u2019ascesa al potere del Fronte Popolare, scaten\u00f2 un\u2019ondata d\u2019odio contro tutto ci\u00f2 che era cattolico: chiese incendiate, immagini sacre profanate, sacerdoti, religiosi e fedeli laici assassinati \u2014 solo per aver portato una croce o vissuto secondo il Vangelo.<\/p>\n\n\n\n<p>Papa Pio XI, profondamente colpito dall\u2019estensione dei crimini, non esit\u00f2 a definire questo conflitto una vera e propria <strong>crociata<\/strong>. E aveva ragione: fu un tempo in cui migliaia di cristiani preferirono restare fedeli al Vangelo piuttosto che salvare la propria vita. Cosa possiamo imparare oggi da quel tempo di prova? Cosa ci dice questo capitolo oscuro ma luminoso della storia spagnola nel nostro XXI secolo?<\/p>\n\n\n\n<hr class=\"wp-block-separator has-alpha-channel-opacity\"\/>\n\n\n\n<h3 class=\"wp-block-heading\">\ud83d\udd6f\ufe0f Contesto storico: Oltre la politica \u2013 un odio spirituale<\/h3>\n\n\n\n<p>Va chiarito da subito: <strong>questo articolo non \u00e8 politico<\/strong>. Non prende parte tra destra e sinistra. Parliamo qui da una prospettiva teologica e spirituale di un evento che ha segnato profondamente la storia del cattolicesimo.<\/p>\n\n\n\n<p>Dopo la proclamazione della Seconda Repubblica nel 1931, furono avviate riforme profondamente anticlericali:<\/p>\n\n\n\n<ul class=\"wp-block-list\">\n<li>Gli ordini religiosi, come la Compagnia di Ges\u00f9, furono espulsi.<\/li>\n\n\n\n<li>L\u2019istruzione venne laicizzata.<\/li>\n\n\n\n<li>Una serie di attacchi incendiari a chiese e conventi si diffuse nel paese.<\/li>\n<\/ul>\n\n\n\n<p>Ma nel 1936, con l\u2019ascesa del Fronte Popolare, quell\u2019ostilit\u00e0 divenne <strong>una persecuzione sistematica<\/strong>. La Chiesa non fu un danno collaterale. <strong>Fu il bersaglio principale.<\/strong><\/p>\n\n\n\n<hr class=\"wp-block-separator has-alpha-channel-opacity\"\/>\n\n\n\n<h3 class=\"wp-block-heading\">\ud83e\ude78 Il martirio: Numeri che gridano al cielo<\/h3>\n\n\n\n<p>I numeri parlano da soli:<\/p>\n\n\n\n<ul class=\"wp-block-list\">\n<li>Oltre <strong>7.000 tra sacerdoti, religiosi e religiose<\/strong> vennero assassinati.<\/li>\n\n\n\n<li>Centinaia di chiese furono distrutte o profanate.<\/li>\n\n\n\n<li>Fedeli laici, inclusi bambini, furono giustiziati \u2014 solo perch\u00e9 andavano a Messa o portavano una medaglietta della Madonna.<\/li>\n<\/ul>\n\n\n\n<p>Tutto questo avvenne <strong>fuori dai campi di battaglia<\/strong>. Non furono perdite belliche, ma <strong>omicidi deliberati per odio verso la fede<\/strong>.<\/p>\n\n\n\n<p><strong>&#8220;Sarete odiati da tutti a causa del mio nome. Ma chi perseverer\u00e0 fino alla fine sar\u00e0 salvato.&#8221;<\/strong><br>(<em>Marco 13,13<\/em>)<\/p>\n\n\n\n<hr class=\"wp-block-separator has-alpha-channel-opacity\"\/>\n\n\n\n<h3 class=\"wp-block-heading\">\ud83d\udd4a\ufe0f La risposta della Chiesa: La proclamazione di una crociata<\/h3>\n\n\n\n<p>Di fronte a tanta barbarie, <strong>Papa Pio XI<\/strong> riconobbe il carattere spirituale del conflitto in diversi interventi tra il 1936 e il 1939. Nel discorso del 14 settembre 1936 dichiar\u00f2:<\/p>\n\n\n\n<blockquote class=\"wp-block-quote is-layout-flow wp-block-quote-is-layout-flow\">\n<p><em>&#8220;Siamo di fronte a una vera e dolorosa crociata per la libert\u00e0 della Chiesa e della coscienza cristiana.&#8221;<\/em><\/p>\n<\/blockquote>\n\n\n\n<p>Il Papa concesse inoltre <strong>indulgenze<\/strong> a coloro che difendevano la fede \u2014 non nel nome di un\u2019ideologia, ma come <strong>cristiani che combattevano per la libert\u00e0 religiosa<\/strong>. Nell&#8217;enciclica <em>Divini Redemptoris<\/em> del 1937, in cui condannava il comunismo ateo, cit\u00f2 proprio la Spagna come esempio lampante dei suoi effetti devastanti.<\/p>\n\n\n\n<hr class=\"wp-block-separator has-alpha-channel-opacity\"\/>\n\n\n\n<h3 class=\"wp-block-heading\">\ud83c\udf3f Significato teologico: Perch\u00e9 fu necessaria la crociata?<\/h3>\n\n\n\n<h4 class=\"wp-block-heading\">1. <strong>Il martirio: La pi\u00f9 alta testimonianza di amore a Cristo<\/strong><\/h4>\n\n\n\n<p>Il martirio non \u00e8 una tragedia, ma un mistero. Nella tradizione cristiana, il martire \u00e8 colui che d\u00e0 testimonianza (dal greco <em>martys<\/em>) \u2014 fino all\u2019estremo.<\/p>\n\n\n\n<blockquote class=\"wp-block-quote is-layout-flow wp-block-quote-is-layout-flow\">\n<p><em>&#8220;Non abbiate paura di quelli che uccidono il corpo, ma non hanno potere di uccidere l\u2019anima.&#8221;<\/em><br>(<em>Matteo 10,28<\/em>)<\/p>\n<\/blockquote>\n\n\n\n<p>Coloro che nel 1936 in Spagna morirono solo per la loro fede cattolica, oggi sono <strong>testimoni eterni dell\u2019amore fedele a Dio<\/strong>. Molti sono gi\u00e0 stati beatificati o canonizzati \u2014 come i martiri di Barbastro, i Carmelitani di Toledo o le suore uccise a Valencia.<\/p>\n\n\n\n<h4 class=\"wp-block-heading\">2. <strong>La Chiesa come corpo sofferente di Cristo<\/strong><\/h4>\n\n\n\n<p>Ogni volta che la Chiesa soffre, <strong>Cristo soffre in essa<\/strong>. Questa verit\u00e0 mistica ci invita a guardare alla storia non con occhi umani, ma con occhi spirituali: la persecuzione della Chiesa \u00e8 <strong>una partecipazione alla passione di Cristo<\/strong>.<\/p>\n\n\n\n<hr class=\"wp-block-separator has-alpha-channel-opacity\"\/>\n\n\n\n<h3 class=\"wp-block-heading\">\ud83d\udee1\ufe0f Applicazioni pratiche: Cosa possiamo imparare oggi?<\/h3>\n\n\n\n<p>Per molti, questi eventi sembrano lontani. Ma <strong>lo spirito che ha mosso quella persecuzione vive ancora oggi<\/strong>: l\u2019odio per la verit\u00e0, per il sacro, per la famiglia, per la vita e per Dio.<\/p>\n\n\n\n<h4 class=\"wp-block-heading\">\ud83d\udd6f\ufe0f 1. <strong>Apprezzare la libert\u00e0 religiosa<\/strong><\/h4>\n\n\n\n<p>In un\u2019epoca in cui professare apertamente la fede pu\u00f2 risultare scomodo o \u201ccancellabile\u201d, il sangue dei martiri del 1936 ci insegna che <strong>la fede vale pi\u00f9 della nostra reputazione o del nostro benessere.<\/strong><\/p>\n\n\n\n<h4 class=\"wp-block-heading\">\u271d\ufe0f 2. <strong>Portare con fierezza i segni della fede<\/strong><\/h4>\n\n\n\n<p>Molti vennero uccisi perch\u00e9 portavano un rosario. Oggi non ci uccidono, ma molti nascondono la fede per paura. L\u2019esempio dei martiri ci interpella: <strong>siamo pronti a manifestare pubblicamente la nostra fede?<\/strong><\/p>\n\n\n\n<h4 class=\"wp-block-heading\">\ud83c\udff0 3. <strong>Rafforzare la vita spirituale<\/strong><\/h4>\n\n\n\n<p>La persecuzione non inizia con le armi, ma con il raffreddamento della fede. Ogni volta che smettiamo di pregare, di andare a Messa o di vivere coerentemente il Vangelo, <strong>facciamo un passo verso la tiepidezza<\/strong>, terreno fertile dell\u2019apostasia.<\/p>\n\n\n\n<h4 class=\"wp-block-heading\">\ud83d\ude4f 4. <strong>Pregare per i nostri persecutori<\/strong><\/h4>\n\n\n\n<p>I martiri non odiano. Il loro sangue \u00e8 seme di riconciliazione. Se sono morti perdonando, <strong>dobbiamo anche noi imparare a perdonare e a pregare per la conversione di chi oggi attacca la Chiesa.<\/strong><\/p>\n\n\n\n<hr class=\"wp-block-separator has-alpha-channel-opacity\"\/>\n\n\n\n<h3 class=\"wp-block-heading\">\ud83d\udcd6 Guida spirituale: Vivere oggi con coraggio la fede<\/h3>\n\n\n\n<p><strong>1. Preghiera quotidiana di consacrazione:<\/strong> Consacra ogni giorno al Signore e chiedi la grazia di essere fedele anche nelle piccole cose.<\/p>\n\n\n\n<p><strong>2. Rosario per i martiri:<\/strong> Recita ogni settimana un Rosario per i martiri della Crociata Spagnola. Che il loro sangue fecondi la nostra tiepidezza.<\/p>\n\n\n\n<p><strong>3. Lettura spirituale:<\/strong> Leggi la vita dei martiri moderni. Biografie come quella di San Pedro Poveda, Santa Mar\u00eda del Carmen del Ni\u00f1o Jes\u00fas o i martiri di Almer\u00eda ti ispireranno nel quotidiano.<\/p>\n\n\n\n<p><strong>4. Partecipazione attiva alla parrocchia:<\/strong> Rafforza la tua comunit\u00e0 di fede. La Chiesa \u00e8 un corpo vivo: ha bisogno dei tuoi talenti, della tua presenza e del tuo impegno.<\/p>\n\n\n\n<p><strong>5. Confessione e Eucaristia frequenti:<\/strong> Le armi del cristiano non sono umane, ma spirituali. La grazia \u00e8 il nostro scudo.<\/p>\n\n\n\n<hr class=\"wp-block-separator has-alpha-channel-opacity\"\/>\n\n\n\n<h3 class=\"wp-block-heading\">\ud83d\udccc Conclusione: Spagna \u2014 terra di sangue e gloria<\/h3>\n\n\n\n<p>La Crociata Spagnola non fu un semplice conflitto. Fu un capitolo oscuro che rivel\u00f2 la luce di una fede potente. Una Chiesa perseguitata, ma non vinta. Un popolo diviso, in cui i santi brillarono in mezzo all\u2019odio.<\/p>\n\n\n\n<p>Oggi, in un\u2019epoca di indifferenza, secolarismo e relativismo \u2014 pi\u00f9 sottili ma non meno letali delle armi \u2014 la storia ci grida:<br><strong>Svegliati, Chiesa! Vivi la tua fede con coraggio!<\/strong><\/p>\n\n\n\n<p>Il sangue dei martiri spagnoli del 1936 non fu versato invano. Fu seme. Fu testimonianza. Fu crociata.<\/p>\n\n\n\n<blockquote class=\"wp-block-quote is-layout-flow wp-block-quote-is-layout-flow\">\n<p><em>&#8220;Vidi sotto l\u2019altare le anime di coloro che furono uccisi a causa della parola di Dio e della testimonianza che avevano resa.&#8221;<\/em><br>(<em>Apocalisse 6,9<\/em>)<\/p>\n<\/blockquote>\n\n\n\n<hr class=\"wp-block-separator has-alpha-channel-opacity\"\/>\n\n\n\n<p>Sei pronto oggi a vivere la tua crociata interiore?<br>Sei pronto a testimoniare \u2014 non con le armi, ma con la tua vita?<br>La storia non si ripete\u2026 <strong>diventa chiamata.<\/strong> E oggi, quella chiamata \u00e8 per te.<\/p>\n","protected":false},"excerpt":{"rendered":"<p>Un viaggio spirituale attraverso il martirio, la fedelt\u00e0 e il coraggio di coloro che difesero la loro fede fino alla fine \u271d\ufe0f Introduzione: Quando la fede viene perseguitata, il cielo si apre Nel 1936, la Spagna divenne una prova ardente della fede cattolica. Mentre l\u2019Europa era scossa da tensioni politiche e ideologiche, la penisola iberica &hellip;<\/p>\n","protected":false},"author":3,"featured_media":3868,"comment_status":"open","ping_status":"open","sticky":false,"template":"","format":"standard","meta":{"_seopress_robots_primary_cat":"","_seopress_titles_title":"","_seopress_titles_desc":"","_seopress_robots_index":"","footnotes":""},"categories":[48,38],"tags":[1388,1387],"class_list":["post-3867","post","type-post","status-publish","format-standard","has-post-thumbnail","","category-storia-della-chiesa","category-storia-e-tradizione","tag-1388","tag-crociata-spagnola"],"_links":{"self":[{"href":"https:\/\/catholicus.eu\/it\/wp-json\/wp\/v2\/posts\/3867","targetHints":{"allow":["GET"]}}],"collection":[{"href":"https:\/\/catholicus.eu\/it\/wp-json\/wp\/v2\/posts"}],"about":[{"href":"https:\/\/catholicus.eu\/it\/wp-json\/wp\/v2\/types\/post"}],"author":[{"embeddable":true,"href":"https:\/\/catholicus.eu\/it\/wp-json\/wp\/v2\/users\/3"}],"replies":[{"embeddable":true,"href":"https:\/\/catholicus.eu\/it\/wp-json\/wp\/v2\/comments?post=3867"}],"version-history":[{"count":1,"href":"https:\/\/catholicus.eu\/it\/wp-json\/wp\/v2\/posts\/3867\/revisions"}],"predecessor-version":[{"id":3869,"href":"https:\/\/catholicus.eu\/it\/wp-json\/wp\/v2\/posts\/3867\/revisions\/3869"}],"wp:featuredmedia":[{"embeddable":true,"href":"https:\/\/catholicus.eu\/it\/wp-json\/wp\/v2\/media\/3868"}],"wp:attachment":[{"href":"https:\/\/catholicus.eu\/it\/wp-json\/wp\/v2\/media?parent=3867"}],"wp:term":[{"taxonomy":"category","embeddable":true,"href":"https:\/\/catholicus.eu\/it\/wp-json\/wp\/v2\/categories?post=3867"},{"taxonomy":"post_tag","embeddable":true,"href":"https:\/\/catholicus.eu\/it\/wp-json\/wp\/v2\/tags?post=3867"}],"curies":[{"name":"wp","href":"https:\/\/api.w.org\/{rel}","templated":true}]}}