{"id":3798,"date":"2025-05-12T23:02:31","date_gmt":"2025-05-12T21:02:31","guid":{"rendered":"https:\/\/catholicus.eu\/it\/?p=3798"},"modified":"2025-05-12T23:02:32","modified_gmt":"2025-05-12T21:02:32","slug":"levoluzione-smentisce-dio-darwin-ha-davvero-sepolto-la-fede-cosa-insegna-davvero-la-chiesa","status":"publish","type":"post","link":"https:\/\/catholicus.eu\/it\/levoluzione-smentisce-dio-darwin-ha-davvero-sepolto-la-fede-cosa-insegna-davvero-la-chiesa\/","title":{"rendered":"\u00abL\u2019Evoluzione smentisce Dio\u00bb: Darwin ha davvero sepolto la fede? Cosa insegna davvero la Chiesa"},"content":{"rendered":"\n<p><em>Una guida teologica e pastorale per riconciliare scienza e fede nel mondo moderno<\/em><\/p>\n\n\n\n<hr class=\"wp-block-separator has-alpha-channel-opacity\"\/>\n\n\n\n<h3 class=\"wp-block-heading\">Introduzione: Scienza contro fede?<\/h3>\n\n\n\n<p>\u00abCredi ancora in Dio? Ma ormai sappiamo che veniamo dalle scimmie\u2026\u00bb<br>Frasi come questa risuonano nelle scuole, nei media e nelle conversazioni quotidiane. L\u2019opinione dominante spesso presenta un conflitto apparentemente insanabile tra scienza e fede: la prima cerca la verit\u00e0 oggettiva, la seconda rimarrebbe ancorata a miti antichi.<\/p>\n\n\n\n<p>Ma \u00e8 davvero cos\u00ec? Con la sua teoria dell\u2019evoluzione, Charles Darwin ha escluso Dio dall\u2019universo? Pu\u00f2 un cattolico credere nell\u2019evoluzione senza rinnegare la propria fede? Cosa insegna realmente la Chiesa?<\/p>\n\n\n\n<p>In questo articolo esamineremo la storia del dibattito, l\u2019insegnamento attuale della Chiesa e soprattutto offriremo una guida per vivere una fede cattolica autentica e profonda in un mondo segnato dalla scienza.<\/p>\n\n\n\n<hr class=\"wp-block-separator has-alpha-channel-opacity\"\/>\n\n\n\n<h3 class=\"wp-block-heading\">1. Storia del conflitto: Darwin, evoluzione e reazioni religiose<\/h3>\n\n\n\n<p>Nel 1859 Charles Darwin pubblic\u00f2 <em>L\u2019origine delle specie<\/em>, dove proponeva che le specie si sviluppano attraverso un processo di selezione naturale. L\u2019idea scaten\u00f2 un terremoto culturale \u2013 non tanto per il contenuto scientifico, quanto perch\u00e9 sembrava contraddire il racconto biblico della creazione.<\/p>\n\n\n\n<p>Le reazioni furono varie. Alcuni ambienti protestanti rimasero legati a una lettura letterale della Genesi, mentre la Chiesa cattolica si mostr\u00f2 fin da subito aperta al dialogo con la scienza. Gi\u00e0 nel XIX secolo, pensatori come John Henry Newman riconoscevano che una lettura non letterale della Genesi non minacciava la fede.<\/p>\n\n\n\n<p>La vera questione non \u00e8 se l\u2019universo segua leggi naturali \u2013 ma se queste leggi escludano Dio.<\/p>\n\n\n\n<hr class=\"wp-block-separator has-alpha-channel-opacity\"\/>\n\n\n\n<h3 class=\"wp-block-heading\">2. Cosa insegna davvero la Chiesa?<\/h3>\n\n\n\n<p>La Chiesa cattolica non ha mai condannato ufficialmente la teoria dell\u2019evoluzione. Anzi, ha pi\u00f9 volte affermato che fede e scienza <strong>non si contraddicono<\/strong>, perch\u00e9 entrambe cercano la verit\u00e0 \u2013 anche se in modi differenti.<\/p>\n\n\n\n<p><strong>Pio XII<\/strong>, nella sua enciclica <em>Humani Generis<\/em> (1950), afferm\u00f2 che \u00e8 lecito studiare se il corpo umano possa derivare da forme di vita preesistenti \u2013 <strong>a condizione che si creda che l\u2019anima \u00e8 creata direttamente da Dio<\/strong>.<\/p>\n\n\n\n<p><strong>Giovanni Paolo II<\/strong>, nel 1996, and\u00f2 oltre, affermando che la teoria dell\u2019evoluzione \u00e8 \u00abpi\u00f9 che un\u2019ipotesi\u00bb, perch\u00e9 sostenuta da numerose scoperte scientifiche.<\/p>\n\n\n\n<p><strong>Benedetto XVI<\/strong>, teologo raffinato, ribad\u00ec che evoluzione e creazione non si escludono \u2013 <strong>purch\u00e9 non si cada nello scientismo<\/strong>, che esclude Dio come origine dell\u2019essere.<\/p>\n\n\n\n<p><strong>Papa Francesco<\/strong>, in <em>Laudato Si\u2019<\/em>, afferma che \u00abl\u2019evoluzione non contrasta con la fede\u00bb, perch\u00e9 \u00abpresuppone la creazione\u00bb (n. 81).<\/p>\n\n\n\n<p><strong>Principali punti dell\u2019insegnamento ecclesiale<\/strong>:<\/p>\n\n\n\n<blockquote class=\"wp-block-quote is-layout-flow wp-block-quote-is-layout-flow\">\n<p>\u2714\ufe0f L\u2019universo ha un ordine e una razionalit\u00e0 che possono essere studiati scientificamente.<br>\u2714\ufe0f L\u2019evoluzione biologica \u00e8 compatibile con la fede, purch\u00e9 non si neghi che l\u2019anima \u00e8 opera di Dio.<br>\u2714\ufe0f La Genesi non \u00e8 un manuale di scienze naturali, ma un testo teologico che rivela verit\u00e0 fondamentali sull\u2019origine, la dignit\u00e0 e la vocazione dell\u2019uomo.<\/p>\n<\/blockquote>\n\n\n\n<hr class=\"wp-block-separator has-alpha-channel-opacity\"\/>\n\n\n\n<h3 class=\"wp-block-heading\">3. Cosa dice la Bibbia? Un\u2019interpretazione fedele<\/h3>\n\n\n\n<p>\u00c8 fondamentale leggere la Bibbia <strong>come insegna la Chiesa<\/strong>, cio\u00e8 tenendo conto dei generi letterari e con uno sguardo teologico, non scientifico.<\/p>\n\n\n\n<p>In Genesi leggiamo:<\/p>\n\n\n\n<blockquote class=\"wp-block-quote is-layout-flow wp-block-quote-is-layout-flow\">\n<p>\u00abAllora il Signore Dio plasm\u00f2 l\u2019uomo con polvere del suolo e soffi\u00f2 nelle sue narici un alito di vita e l\u2019uomo divenne un essere vivente.\u00bb (Genesi 2,7)<\/p>\n<\/blockquote>\n\n\n\n<p>Questo versetto non descrive un processo biologico, ma una <strong>verit\u00e0 profonda<\/strong>: l\u2019uomo non \u00e8 il frutto del caso, ma <strong>il risultato dell\u2019amore di Dio<\/strong>, dotato di un\u2019anima immortale creata a sua immagine.<\/p>\n\n\n\n<p>Il racconto di Adamo ed Eva ci insegna che l\u2019umanit\u00e0 \u00e8 stata creata buona, libera \u2013 e che il male \u00e8 entrato nel mondo attraverso una scelta morale. Questo messaggio <strong>non contraddice<\/strong> l\u2019evoluzione biologica \u2013 perch\u00e9 si muove su un altro piano: quello spirituale.<\/p>\n\n\n\n<hr class=\"wp-block-separator has-alpha-channel-opacity\"\/>\n\n\n\n<h3 class=\"wp-block-heading\">4. I pericoli dello scientismo e del fideismo<\/h3>\n\n\n\n<p>La Chiesa, madre e maestra, ci mette in guardia da due estremi:<\/p>\n\n\n\n<ul class=\"wp-block-list\">\n<li><strong>Scientismo<\/strong>: l\u2019idea che solo la scienza possa dirci la verit\u00e0, e che ci\u00f2 che non si pu\u00f2 misurare non esiste. Questo riduce l\u2019uomo a una macchina biologica, la vita a un caso senza senso.<\/li>\n\n\n\n<li><strong>Fideismo<\/strong>: il rifiuto totale della scienza, come se fosse nemica della fede. Questo porta all\u2019isolamento culturale e ostacola l\u2019evangelizzazione autentica.<\/li>\n<\/ul>\n\n\n\n<p>La fede cattolica abbraccia sia la ragione che la fede, la scienza, la filosofia e la rivelazione. Come diceva Giovanni Paolo II:<\/p>\n\n\n\n<blockquote class=\"wp-block-quote is-layout-flow wp-block-quote-is-layout-flow\">\n<p>\u00abFede e ragione sono come le due ali con le quali lo spirito umano si innalza verso la contemplazione della verit\u00e0.\u00bb (<em>Fides et Ratio<\/em>, n. 1)<\/p>\n<\/blockquote>\n\n\n\n<hr class=\"wp-block-separator has-alpha-channel-opacity\"\/>\n\n\n\n<h3 class=\"wp-block-heading\">5. L\u2019uomo discende dalla scimmia?<\/h3>\n\n\n\n<p>Cos\u00ec formulata, \u00e8 una caricatura. La teoria dell\u2019evoluzione non dice che \u00abdiscendiamo dalla scimmia\u00bb, ma che <strong>condividiamo un antenato comune con altri primati<\/strong>. Anche se il corpo umano si \u00e8 sviluppato nel tempo, <strong>la nostra anima \u00e8 unica e viene direttamente da Dio<\/strong>.<\/p>\n\n\n\n<p>Questo non toglie nulla alla nostra dignit\u00e0, ma anzi rivela un Dio cos\u00ec potente da poter suscitare, dalla materia, un essere capace di amare, pensare, credere.<\/p>\n\n\n\n<p>Ricordiamo: <strong>Ges\u00f9 Cristo ha assunto un corpo umano<\/strong>. Questo eleva la nostra natura e testimonia: <strong>Siamo stati creati, non generati dal caso.<\/strong><\/p>\n\n\n\n<hr class=\"wp-block-separator has-alpha-channel-opacity\"\/>\n\n\n\n<h3 class=\"wp-block-heading\">6. Una guida teologica e pastorale per la vita di fede nel mondo scientifico<\/h3>\n\n\n\n<h4 class=\"wp-block-heading\">\u2705 <strong>1. Vivi una fede intelligente<\/strong><\/h4>\n\n\n\n<p>Studia la tua fede. Leggi il Catechismo, le encicliche <em>Fides et Ratio<\/em>, <em>Humani Generis<\/em>, <em>Laudato Si\u2019<\/em>. Informati su bioetica, antropologia, teologia. La fede non \u00e8 nemica della conoscenza.<\/p>\n\n\n\n<h4 class=\"wp-block-heading\">\u2705 <strong>2. Impara a dialogare con rispetto<\/strong><\/h4>\n\n\n\n<p>Non tutti leggono la Bibbia allo stesso modo. Ascolta, spiega con chiarezza e amore. Ricorda: \u00abSiate sempre pronti a rispondere a chiunque vi domandi ragione della speranza che \u00e8 in voi\u00bb (1 Pietro 3,15) \u2013 \u00abma con dolcezza e rispetto\u00bb.<\/p>\n\n\n\n<h4 class=\"wp-block-heading\">\u2705 <strong>3. Insegna ai tuoi figli a pensare<\/strong><\/h4>\n\n\n\n<p>Aiutali a capire che Dio non \u00e8 nemico della scienza, ma suo fondamento. Mostra loro che la bellezza e l\u2019ordine del cosmo indicano un Creatore intelligente e amante.<\/p>\n\n\n\n<h4 class=\"wp-block-heading\">\u2705 <strong>4. Non temere la scienza<\/strong><\/h4>\n\n\n\n<p>Anche nella creazione Dio si rivela. Studiare l\u2019universo \u00e8 un atto di adorazione. Molti grandi scienziati erano credenti: Mendel, Lema\u00eetre (sacerdote e padre della teoria del Big Bang), Pasteur\u2026<\/p>\n\n\n\n<h4 class=\"wp-block-heading\">\u2705 <strong>5. Meravigliati di te stesso<\/strong><\/h4>\n\n\n\n<p>Non sei un caso. Sei stato creato per amore. Il tuo corpo ha una storia biologica, ma la tua anima \u00e8 stata soffiata da Dio. Questo ti rende prezioso oltre ogni misura.<\/p>\n\n\n\n<hr class=\"wp-block-separator has-alpha-channel-opacity\"\/>\n\n\n\n<h3 class=\"wp-block-heading\">7. Come applicarlo nella vita quotidiana<\/h3>\n\n\n\n<ul class=\"wp-block-list\">\n<li><strong>Quando incontri persone che hanno perso la fede a causa della scienza<\/strong>, ascolta i loro dubbi con rispetto. Offri risposte che parlino sia alla mente che al cuore.<\/li>\n\n\n\n<li><strong>Quando i media escludono Dio<\/strong>, ricordati che il metodo scientifico non misura lo spirituale. Il silenzio metodologico non \u00e8 negazione ontologica.<\/li>\n\n\n\n<li><strong>Quando la tua fede vacilla davanti ai fatti scientifici<\/strong>, torna alle domande fondamentali: Perch\u00e9 esiste qualcosa invece del nulla? Perch\u00e9 desideriamo la verit\u00e0, l\u2019amore, la bellezza, la giustizia? L\u00ec troverai Dio.<\/li>\n\n\n\n<li><strong>Nel tuo tempo di preghiera<\/strong>, contempla la creazione. Ringrazia per il tuo corpo, per la storia della vita, per le stelle. Tutto parla di Dio.<\/li>\n<\/ul>\n\n\n\n<hr class=\"wp-block-separator has-alpha-channel-opacity\"\/>\n\n\n\n<h3 class=\"wp-block-heading\">Conclusione: La scienza non seppellisce Dio \u2013 lo rivela<\/h3>\n\n\n\n<p>L\u2019evoluzione <strong>non contraddice Dio<\/strong>. Al contrario, mostra un universo dinamico e meraviglioso, destinato a una pienezza che supera la materia. La Chiesa non teme la verit\u00e0 scientifica \u2013 <strong>perch\u00e9 crede nel Dio della verit\u00e0<\/strong>.<\/p>\n\n\n\n<p>Il vero conflitto non \u00e8 tra fede e scienza \u2013 ma tra una <strong>visione materialista<\/strong> e una <strong>visione trascendente<\/strong> dell\u2019uomo.<\/p>\n\n\n\n<p>Darwin non ha seppellito Dio. Ha solo messo in crisi false immagini di Dio. La vera fede si lascia purificare e rafforzare dalla ragione.<\/p>\n\n\n\n<blockquote class=\"wp-block-quote is-layout-flow wp-block-quote-is-layout-flow\">\n<p>\u00abI cieli narrano la gloria di Dio, l\u2019opera delle sue mani annuncia il firmamento.\u00bb (Salmo 19,2)<\/p>\n<\/blockquote>\n\n\n\n<hr class=\"wp-block-separator has-alpha-channel-opacity\"\/>\n\n\n\n<p>Sei pronto a vivere una fede intelligente \u2013 una fede che non ha paura della scienza, ma la accoglie come via per scoprire il Creatore?<\/p>\n\n\n\n<p><strong>La tua fede e la tua ragione non si escludono: si completano.<\/strong><\/p>\n","protected":false},"excerpt":{"rendered":"<p>Una guida teologica e pastorale per riconciliare scienza e fede nel mondo moderno Introduzione: Scienza contro fede? \u00abCredi ancora in Dio? Ma ormai sappiamo che veniamo dalle scimmie\u2026\u00bbFrasi come questa risuonano nelle scuole, nei media e nelle conversazioni quotidiane. L\u2019opinione dominante spesso presenta un conflitto apparentemente insanabile tra scienza e fede: la prima cerca la &hellip;<\/p>\n","protected":false},"author":3,"featured_media":3799,"comment_status":"open","ping_status":"open","sticky":false,"template":"","format":"standard","meta":{"_seopress_robots_primary_cat":"","_seopress_titles_title":"","_seopress_titles_desc":"","_seopress_robots_index":"","footnotes":""},"categories":[41,64],"tags":[1364],"class_list":["post-3798","post","type-post","status-publish","format-standard","has-post-thumbnail","","category-fede-e-cultura","category-scienza-e-religione","tag-charles-darwin"],"_links":{"self":[{"href":"https:\/\/catholicus.eu\/it\/wp-json\/wp\/v2\/posts\/3798","targetHints":{"allow":["GET"]}}],"collection":[{"href":"https:\/\/catholicus.eu\/it\/wp-json\/wp\/v2\/posts"}],"about":[{"href":"https:\/\/catholicus.eu\/it\/wp-json\/wp\/v2\/types\/post"}],"author":[{"embeddable":true,"href":"https:\/\/catholicus.eu\/it\/wp-json\/wp\/v2\/users\/3"}],"replies":[{"embeddable":true,"href":"https:\/\/catholicus.eu\/it\/wp-json\/wp\/v2\/comments?post=3798"}],"version-history":[{"count":1,"href":"https:\/\/catholicus.eu\/it\/wp-json\/wp\/v2\/posts\/3798\/revisions"}],"predecessor-version":[{"id":3800,"href":"https:\/\/catholicus.eu\/it\/wp-json\/wp\/v2\/posts\/3798\/revisions\/3800"}],"wp:featuredmedia":[{"embeddable":true,"href":"https:\/\/catholicus.eu\/it\/wp-json\/wp\/v2\/media\/3799"}],"wp:attachment":[{"href":"https:\/\/catholicus.eu\/it\/wp-json\/wp\/v2\/media?parent=3798"}],"wp:term":[{"taxonomy":"category","embeddable":true,"href":"https:\/\/catholicus.eu\/it\/wp-json\/wp\/v2\/categories?post=3798"},{"taxonomy":"post_tag","embeddable":true,"href":"https:\/\/catholicus.eu\/it\/wp-json\/wp\/v2\/tags?post=3798"}],"curies":[{"name":"wp","href":"https:\/\/api.w.org\/{rel}","templated":true}]}}