{"id":3756,"date":"2025-05-11T14:25:42","date_gmt":"2025-05-11T12:25:42","guid":{"rendered":"https:\/\/catholicus.eu\/it\/?p=3756"},"modified":"2025-05-11T14:25:42","modified_gmt":"2025-05-11T12:25:42","slug":"fides-et-ratio-fede-e-ragione-un-abbraccio-eterno-per-lanima-assetata-di-verita","status":"publish","type":"post","link":"https:\/\/catholicus.eu\/it\/fides-et-ratio-fede-e-ragione-un-abbraccio-eterno-per-lanima-assetata-di-verita\/","title":{"rendered":"Fides et Ratio, Fede e Ragione: Un Abbraccio Eterno per l&#8217;Anima Assetata di Verit\u00e0"},"content":{"rendered":"\n<p><em>&#8220;Il giusto vivr\u00e0 mediante la fede&#8221;<\/em>&nbsp;(Romani 1,17). Con queste parole, San Paolo ci ricorda che la fede non \u00e8 un salto nel buio, ma un cammino illuminato dalla ragione &#8211; un dono divino che ci permette di cercare, comprendere e amare Dio con tutto il nostro essere. Ma qual \u00e8 il rapporto tra fede e ragione? Sono nemiche, come alcuni pensano oggi, o alleate inseparabili nella ricerca della Verit\u00e0?<\/p>\n\n\n\n<p>In un mondo dove crescono il relativismo e la diffidenza verso la religione, la Chiesa Cattolica ci offre un insegnamento perenne: fede e ragione non si oppongono, ma si completano come due ali che innalzano l&#8217;anima verso Dio. Questo \u00e8 il cuore dell&#8217;enciclica&nbsp;<em>Fides et Ratio<\/em>&nbsp;(Fede e Ragione) di San Giovanni Paolo II, un documento magistrale che ogni cattolico dovrebbe conoscere per difendersi dagli errori moderni e vivere una fede solida, intelligente e trasformatrice.<\/p>\n\n\n\n<h2 class=\"wp-block-heading\"><strong>I. Fede e Ragione: Un&#8217;Alleanza Divina<\/strong><\/h2>\n\n\n\n<p>Fin dai primi secoli, la Chiesa ha insegnato che la ragione umana, illuminata dalla grazia, pu\u00f2 conoscere verit\u00e0 fondamentali su Dio, l&#8217;uomo e il mondo. I Padri della Chiesa, come Sant&#8217;Agostino, e i grandi teologi, come San Tommaso d&#8217;Aquino, dimostrarono che la fede non annulla l&#8217;intelligenza, ma la perfeziona.<\/p>\n\n\n\n<p>Dio ci ha dato due libri per conoscerLo:<\/p>\n\n\n\n<ol start=\"1\" class=\"wp-block-list\">\n<li><strong>Il libro della Creazione (ragione)<\/strong>:\u00a0<em>&#8220;I cieli narrano la gloria di Dio&#8221;<\/em>\u00a0(Salmo 19,2). La filosofia e le scienze, correttamente intese, ci conducono a intravedere il Creatore.<\/li>\n\n\n\n<li><strong>Il libro della Rivelazione (fede)<\/strong>: La Sacra Scrittura e la Tradizione ci mostrano il volto di Cristo, il Verbo fatto carne (Giovanni 1,14).<\/li>\n<\/ol>\n\n\n\n<p>Quando l&#8217;uomo rifiuta una di queste vie, cade in pericolosi estremi:<\/p>\n\n\n\n<ul class=\"wp-block-list\">\n<li><strong>Razionalismo<\/strong>: Pretende di comprendere tutto solo con la ragione, negando il soprannaturale.<\/li>\n\n\n\n<li><strong>Fideismo<\/strong>: Disprezza la ragione e riduce la fede a sentimento irrazionale.<\/li>\n<\/ul>\n\n\n\n<p>La vera fede cattolica evita entrambi gli errori. Come disse San Giovanni Paolo II:&nbsp;<em>&#8220;Fede e ragione sono come le due ali con le quali lo spirito umano si innalza verso la contemplazione della verit\u00e0&#8221;<\/em>&nbsp;(<em>Fides et Ratio<\/em>, Prologo).<\/p>\n\n\n\n<h2 class=\"wp-block-heading\"><strong>II. La Crisi Moderna: Quando la Ragione si Ribella alla Fede<\/strong><\/h2>\n\n\n\n<p>Oggi viviamo in un&#8217;epoca di &#8220;dittatura del relativismo&#8221; (Benedetto XVI), dove si nega l&#8217;esistenza di una verit\u00e0 oggettiva. Molti pensano:<\/p>\n\n\n\n<ul class=\"wp-block-list\">\n<li><em>&#8220;La religione \u00e8 solo per persone poco intelligenti&#8221;<\/em>\u00a0(mito dell&#8217;ateismo illuminato).<\/li>\n\n\n\n<li><em>&#8220;Ci\u00f2 che conta \u00e8 ci\u00f2 che senti, non ci\u00f2 che dice la Chiesa&#8221;<\/em>\u00a0(soggettivismo religioso).<\/li>\n<\/ul>\n\n\n\n<p>Ma la fede cattolica non \u00e8 una favola per consolare i deboli. \u00c8 la risposta alle domande pi\u00f9 profonde dell&#8217;uomo:<\/p>\n\n\n\n<ul class=\"wp-block-list\">\n<li>Da dove vengo?<\/li>\n\n\n\n<li>Perch\u00e9 esisto?<\/li>\n\n\n\n<li>C&#8217;\u00e8 vita dopo la morte?<\/li>\n<\/ul>\n\n\n\n<p>Ges\u00f9 non ci disse:&nbsp;<em>&#8220;Credi senza pensare&#8221;<\/em>, ma:&nbsp;<em>&#8220;Amerai il Signore tuo Dio con tutto il tuo cuore, con tutta la tua anima e con tutta la tua mente&#8221;<\/em>&nbsp;(Matteo 22,37). La fede esige che usiamo la nostra intelligenza!<\/p>\n\n\n\n<h2 class=\"wp-block-heading\"><strong>III. Applicazioni Pratiche: Come Vivere l&#8217;Unione tra Fede e Ragione<\/strong><\/h2>\n\n\n\n<h3 class=\"wp-block-heading\"><strong>1. Forma la Tua Intelligenza nella Dottrina Cattolica<\/strong><\/h3>\n\n\n\n<p>Non basta &#8220;sentire&#8221; Dio; bisogna&nbsp;<em>conoscerLo<\/em>. Leggi il Catechismo, studia l&#8217;apologetica, approfondisci la filosofia tomista. L&#8217;ignoranza religiosa \u00e8 il terreno fertile per le eresie.<\/p>\n\n\n\n<h3 class=\"wp-block-heading\"><strong>2. Non Temere le Domande Difficili<\/strong><\/h3>\n\n\n\n<p>Se hai dubbi sulla fede, non ignorarli. Cerca risposte in buoni libri, parla con un sacerdote preparato, studia gli argomenti dei santi e dei dottori della Chiesa.<\/p>\n\n\n\n<h3 class=\"wp-block-heading\"><strong>3. Evangelizza con Ragione e Amore<\/strong><\/h3>\n\n\n\n<p>Molti lontani dalla fede pensano che il cristianesimo sia irrazionale. Mostra loro che la Chiesa valorizza la scienza, la logica e la bellezza. Usa argomenti solidi, come i miracoli eucaristici o le profezie adempiute.<\/p>\n\n\n\n<h3 class=\"wp-block-heading\"><strong>4. Prega con la Mente e il Cuore<\/strong><\/h3>\n\n\n\n<p>La preghiera non \u00e8 solo emozione; \u00e8 anche meditazione. La&nbsp;<em>lectio divina<\/em>, il Rosario e lo studio della Bibbia nutrono sia l&#8217;intelletto che lo spirito.<\/p>\n\n\n\n<h2 class=\"wp-block-heading\"><strong>Conclusione: Verso una Fede Matura e Raggiante<\/strong><\/h2>\n\n\n\n<p>In un mondo confuso, noi cattolici siamo chiamati ad essere luce. Non siamo &#8220;credenti ciechi&#8221;, ma discepoli di Cristo,&nbsp;<em>&#8220;la Via, la Verit\u00e0 e la Vita&#8221;<\/em>&nbsp;(Giovanni 14,6). La fede senza ragione diventa fanatismo; la ragione senza fede diventa scetticismo sterile. Ma quando le due si uniscono, l&#8217;anima trova pace e il mondo riceve speranza.<\/p>\n\n\n\n<p>Che la Santissima Vergine Maria,&nbsp;<em>Sede della Sapienza<\/em>, ci guidi ad amare Dio con tutto il nostro essere: con la mente illuminata e il cuore ardente.<\/p>\n\n\n\n<p><strong>Amen.<\/strong><\/p>\n\n\n\n<hr class=\"wp-block-separator has-alpha-channel-opacity\"\/>\n\n\n\n<p><em>Ti \u00e8 piaciuto questo articolo? Condividilo e continua ad esplorare la bellezza della fede cattolica. Dio ti benedica!<\/em><\/p>\n","protected":false},"excerpt":{"rendered":"<p>&#8220;Il giusto vivr\u00e0 mediante la fede&#8221;&nbsp;(Romani 1,17). Con queste parole, San Paolo ci ricorda che la fede non \u00e8 un salto nel buio, ma un cammino illuminato dalla ragione &#8211; un dono divino che ci permette di cercare, comprendere e amare Dio con tutto il nostro essere. Ma qual \u00e8 il rapporto tra fede e &hellip;<\/p>\n","protected":false},"author":3,"featured_media":3757,"comment_status":"open","ping_status":"open","sticky":false,"template":"","format":"standard","meta":{"_seopress_robots_primary_cat":"","_seopress_titles_title":"","_seopress_titles_desc":"","_seopress_robots_index":"","footnotes":""},"categories":[41,64],"tags":[1348,1347],"class_list":["post-3756","post","type-post","status-publish","format-standard","has-post-thumbnail","","category-fede-e-cultura","category-scienza-e-religione","tag-fede-e-ragione","tag-fides-et-ratio"],"_links":{"self":[{"href":"https:\/\/catholicus.eu\/it\/wp-json\/wp\/v2\/posts\/3756","targetHints":{"allow":["GET"]}}],"collection":[{"href":"https:\/\/catholicus.eu\/it\/wp-json\/wp\/v2\/posts"}],"about":[{"href":"https:\/\/catholicus.eu\/it\/wp-json\/wp\/v2\/types\/post"}],"author":[{"embeddable":true,"href":"https:\/\/catholicus.eu\/it\/wp-json\/wp\/v2\/users\/3"}],"replies":[{"embeddable":true,"href":"https:\/\/catholicus.eu\/it\/wp-json\/wp\/v2\/comments?post=3756"}],"version-history":[{"count":1,"href":"https:\/\/catholicus.eu\/it\/wp-json\/wp\/v2\/posts\/3756\/revisions"}],"predecessor-version":[{"id":3758,"href":"https:\/\/catholicus.eu\/it\/wp-json\/wp\/v2\/posts\/3756\/revisions\/3758"}],"wp:featuredmedia":[{"embeddable":true,"href":"https:\/\/catholicus.eu\/it\/wp-json\/wp\/v2\/media\/3757"}],"wp:attachment":[{"href":"https:\/\/catholicus.eu\/it\/wp-json\/wp\/v2\/media?parent=3756"}],"wp:term":[{"taxonomy":"category","embeddable":true,"href":"https:\/\/catholicus.eu\/it\/wp-json\/wp\/v2\/categories?post=3756"},{"taxonomy":"post_tag","embeddable":true,"href":"https:\/\/catholicus.eu\/it\/wp-json\/wp\/v2\/tags?post=3756"}],"curies":[{"name":"wp","href":"https:\/\/api.w.org\/{rel}","templated":true}]}}