{"id":3512,"date":"2025-04-27T21:35:03","date_gmt":"2025-04-27T19:35:03","guid":{"rendered":"https:\/\/catholicus.eu\/it\/?p=3512"},"modified":"2025-04-27T21:35:03","modified_gmt":"2025-04-27T19:35:03","slug":"non-sei-solo-un-laico-il-ruolo-profetico-dei-fedeli-nei-tempi-di-crisi-ecclesiale","status":"publish","type":"post","link":"https:\/\/catholicus.eu\/it\/non-sei-solo-un-laico-il-ruolo-profetico-dei-fedeli-nei-tempi-di-crisi-ecclesiale\/","title":{"rendered":"Non sei &#8220;solo un laico&#8221;! Il ruolo profetico dei fedeli nei tempi di crisi ecclesiale"},"content":{"rendered":"\n<p class=\"wp-block-paragraph\">Stiamo vivendo tempi difficili per la Chiesa. Scandali, confusione dottrinale, persecuzioni esterne e \u2013 forse pi\u00f9 doloroso \u2013 divisioni interne. Molti cattolici comuni \u2013 fedeli laici \u2013 provano tristezza, smarrimento o addirittura impotenza.<br>Cosa pu\u00f2 fare &#8220;solo un laico&#8221; di fronte a tali crisi?<\/p>\n\n\n\n<p class=\"wp-block-paragraph\">La risposta, potente e piena di speranza, \u00e8: <strong>Non sei solo un laico!<\/strong><br>La tua missione \u00e8 grande, profetica e assolutamente necessaria.<br>Oggi ti invito a riscoprire, alla luce della teologia e della storia della Chiesa, <strong>il tuo ruolo insostituibile come battezzato nella rinnovazione e santificazione del Corpo di Cristo<\/strong>.<\/p>\n\n\n\n<hr class=\"wp-block-separator has-alpha-channel-opacity\"\/>\n\n\n\n<h2 class=\"wp-block-heading\">1. Il laico al centro della storia della Chiesa<\/h2>\n\n\n\n<p class=\"wp-block-paragraph\">Sin dai primi secoli, i laici non sono stati semplici spettatori dell&#8217;evangelizzazione o della difesa della fede.<br>Pensa a figure come:<\/p>\n\n\n\n<ul class=\"wp-block-list\">\n<li><strong>San Giustino martire<\/strong>, un filosofo laico che difese la fede davanti agli imperatori pagani.<\/li>\n\n\n\n<li><strong>Santa Perpetua<\/strong>, una giovane madre e martire che confess\u00f2 la sua fede con eroismo.<\/li>\n\n\n\n<li><strong>Santa Caterina da Siena<\/strong>, una terziaria domenicana (ossia una laica consacrata) che nel XIV secolo esort\u00f2 papi e re alla riforma della Chiesa.<\/li>\n<\/ul>\n\n\n\n<p class=\"wp-block-paragraph\">Ci insegnano una verit\u00e0 luminosa: <strong>essere laico non \u00e8 uno stato passivo<\/strong>. Al contrario, <strong>\u00e8 una vocazione attiva<\/strong> all\u2019apostolato, alla santit\u00e0, alla difesa della verit\u00e0 e alla testimonianza pubblica di Cristo.<\/p>\n\n\n\n<hr class=\"wp-block-separator has-alpha-channel-opacity\"\/>\n\n\n\n<h2 class=\"wp-block-heading\">2. Il fondamento teologico: partecipazione all&#8217;ufficio profetico di Cristo<\/h2>\n\n\n\n<p class=\"wp-block-paragraph\">Il fondamento di questa missione \u00e8 il <strong>battesimo<\/strong>. Non \u00e8 solo un rito d&#8217;iniziazione, ma una vera <strong>nuova nascita<\/strong>, che ci configura a Cristo nel Suo triplice ufficio: <strong>sacerdotale, profetico e regale<\/strong>.<\/p>\n\n\n\n<p class=\"wp-block-paragraph\">Come insegna il Concilio Vaticano II nella <em>Lumen Gentium<\/em> (n. 12):<\/p>\n\n\n\n<blockquote class=\"wp-block-quote is-layout-flow wp-block-quote-is-layout-flow\">\n<p class=\"wp-block-paragraph\">&#8220;I fedeli, in forza della loro regalit\u00e0 sacerdotale, partecipano all&#8217;ufficio sacerdotale, profetico e regale di Cristo.&#8221;<\/p>\n<\/blockquote>\n\n\n\n<ul class=\"wp-block-list\">\n<li><strong>Sacerdotale<\/strong>: offrendo la propria vita quotidiana come sacrificio spirituale.<\/li>\n\n\n\n<li><strong>Profetico<\/strong>: annunciando la verit\u00e0 del Vangelo con la parola e con la vita.<\/li>\n\n\n\n<li><strong>Regale<\/strong>: ordinando il mondo secondo il disegno di Dio, a partire dalla propria esistenza.<\/li>\n<\/ul>\n\n\n\n<p class=\"wp-block-paragraph\">Quindi, <strong>l&#8217;azione profetica non \u00e8 riservata solo ai ministri ordinati<\/strong>. Ogni battezzato \u00e8 chiamato a essere <strong>una voce della verit\u00e0<\/strong> e <strong>a discernere i segni dei tempi<\/strong>.<\/p>\n\n\n\n<p class=\"wp-block-paragraph\">San Paolo ci esorta con forza:<\/p>\n\n\n\n<blockquote class=\"wp-block-quote is-layout-flow wp-block-quote-is-layout-flow\">\n<p class=\"wp-block-paragraph\">&#8220;Non spegnete lo Spirito, non disprezzate le profezie; vagliate ogni cosa e trattenete ci\u00f2 che \u00e8 buono.&#8221;<br><em>(1 Tessalonicesi 5,19-21)<\/em><\/p>\n<\/blockquote>\n\n\n\n<hr class=\"wp-block-separator has-alpha-channel-opacity\"\/>\n\n\n\n<h2 class=\"wp-block-heading\">3. Il ruolo profetico nei tempi di crisi: luce nell&#8217;oscurit\u00e0<\/h2>\n\n\n\n<p class=\"wp-block-paragraph\">Proprio nei momenti di confusione e oscurit\u00e0, la vocazione profetica dei laici diventa ancora pi\u00f9 decisiva.<br>Ma attenzione: un vero profeta non \u00e8 un ribelle o un seminatore di divisioni.<br>Il vero profeta, come lo vediamo nella Sacra Scrittura, <strong>\u00e8 innanzitutto un testimone fedele di Dio, disposto a subire incomprensioni, solitudine e persino persecuzioni<\/strong>, senza mai cessare di parlare in nome della verit\u00e0.<\/p>\n\n\n\n<p class=\"wp-block-paragraph\">Oggi, i fedeli laici sono chiamati a:<\/p>\n\n\n\n<ul class=\"wp-block-list\">\n<li><strong>Formarsi solidamente nella dottrina cattolica<\/strong>, per non essere &#8220;sballottati dalle onde e portati qua e l\u00e0 da qualsiasi vento di dottrina&#8221; (Efesini 4,14).<\/li>\n\n\n\n<li><strong>Testimoniare con coraggio la fede<\/strong>, nella famiglia, nel lavoro, nella societ\u00e0.<\/li>\n\n\n\n<li><strong>Difendere la liturgia, la sana dottrina e la morale cristiana<\/strong>, con carit\u00e0, ma senza compromessi sulla verit\u00e0.<\/li>\n\n\n\n<li><strong>Accompagnare, esortare e correggere i membri della Chiesa<\/strong>, inclusi sacerdoti e vescovi, sempre con rispetto ma con la franchezza dello Spirito Santo.<\/li>\n<\/ul>\n\n\n\n<p class=\"wp-block-paragraph\">La voce di un laico ben formato e saldo nella fede <strong>pu\u00f2 essere un faro di chiarezza<\/strong> per molti e un richiamo alla conversione anche per i pastori della Chiesa.<\/p>\n\n\n\n<hr class=\"wp-block-separator has-alpha-channel-opacity\"\/>\n\n\n\n<h2 class=\"wp-block-heading\">4. Applicazioni pratiche: come vivere oggi la tua vocazione profetica<\/h2>\n\n\n\n<p class=\"wp-block-paragraph\">Ecco una <strong>guida pratica<\/strong> dal punto di vista teologico e pastorale per agire come laico profetico in mezzo alla crisi attuale:<\/p>\n\n\n\n<h3 class=\"wp-block-heading\">4.1. <strong>Formazione solida e continua<\/strong><\/h3>\n\n\n\n<ul class=\"wp-block-list\">\n<li>Studia la Sacra Scrittura, il Catechismo della Chiesa Cattolica e i documenti autentici del Magistero.<\/li>\n\n\n\n<li>Non accontentarti di riassunti o opinioni altrui: <strong>vai alle fonti<\/strong>.<\/li>\n\n\n\n<li>Partecipa a corsi di formazione e a programmi di studio fedeli alla verit\u00e0 cattolica.<\/li>\n<\/ul>\n\n\n\n<h3 class=\"wp-block-heading\">4.2. <strong>Vita sacramentale intensa<\/strong><\/h3>\n\n\n\n<ul class=\"wp-block-list\">\n<li><strong>Confessione frequente<\/strong>: almeno una volta al mese o pi\u00f9 spesso, se necessario.<\/li>\n\n\n\n<li><strong>Eucaristia<\/strong>: partecipa con devozione alla Santa Messa e ricevi Cristo con l&#8217;anima pura.<\/li>\n\n\n\n<li><strong>Adorazione eucaristica<\/strong>: fonte di forza interiore e discernimento spirituale.<\/li>\n<\/ul>\n\n\n\n<h3 class=\"wp-block-heading\">4.3. <strong>Preghiera costante<\/strong><\/h3>\n\n\n\n<ul class=\"wp-block-list\">\n<li>Dedica momenti fissi ogni giorno alla preghiera personale.<\/li>\n\n\n\n<li>Recita il Santo Rosario: <strong>un&#8217;arma potente<\/strong> nel combattimento spirituale.<\/li>\n\n\n\n<li>Invoca frequentemente lo Spirito Santo per ricevere il dono del discernimento.<\/li>\n<\/ul>\n\n\n\n<h3 class=\"wp-block-heading\">4.4. <strong>Testimonianza pubblica<\/strong><\/h3>\n\n\n\n<ul class=\"wp-block-list\">\n<li>Non nascondere la tua fede nei contesti ostili.<\/li>\n\n\n\n<li>Parla naturalmente di Cristo, senza fanatismo ma senza vergogna.<\/li>\n\n\n\n<li>Vivi coerentemente: la tua vita deve essere il primo annuncio.<\/li>\n<\/ul>\n\n\n\n<h3 class=\"wp-block-heading\">4.5. <strong>Correzione fraterna e accompagnamento<\/strong><\/h3>\n\n\n\n<ul class=\"wp-block-list\">\n<li>Quando vedi errori o abusi nella Chiesa, <strong>non tacere<\/strong>, ma agisci con carit\u00e0 e rispetto.<\/li>\n\n\n\n<li>Scrivi lettere rispettose, presenta le tue osservazioni in modo argomentato e utilizza i canali appropriati per farti ascoltare.<\/li>\n\n\n\n<li>Ricorda: <strong>correggere non significa mancare di rispetto, ma amare nella verit\u00e0<\/strong>.<\/li>\n<\/ul>\n\n\n\n<hr class=\"wp-block-separator has-alpha-channel-opacity\"\/>\n\n\n\n<h2 class=\"wp-block-heading\">5. La grande chiamata: diventare santi per rinnovare la Chiesa<\/h2>\n\n\n\n<p class=\"wp-block-paragraph\">Non esiste una vera riforma ecclesiale senza <strong>santit\u00e0 personale<\/strong>.<br>Non aspettare che &#8220;altri&#8221; cambino le cose. Dio <strong>conta su di te<\/strong>, sui tuoi piccoli atti di fedelt\u00e0 quotidiana, sul tuo silenzioso ma fermo &#8220;s\u00ec&#8221;.<\/p>\n\n\n\n<p class=\"wp-block-paragraph\">San Francesco d&#8217;Assisi, in un&#8217;epoca di profonda crisi ecclesiale, non si limit\u00f2 a criticare. Si lasci\u00f2 consumare dal fuoco dello Spirito, visse radicalmente il Vangelo <strong>e cos\u00ec rinnov\u00f2 tutta la Chiesa<\/strong>.<\/p>\n\n\n\n<p class=\"wp-block-paragraph\">Oggi il Signore dice anche a te:<\/p>\n\n\n\n<blockquote class=\"wp-block-quote is-layout-flow wp-block-quote-is-layout-flow\">\n<p class=\"wp-block-paragraph\">&#8220;Voi siete il sale della terra&#8230; Voi siete la luce del mondo.&#8221;<br><em>(Matteo 5,13-14)<\/em><\/p>\n<\/blockquote>\n\n\n\n<p class=\"wp-block-paragraph\">Non avere paura. Non sei &#8220;solo&#8221; un laico. <strong>Sei un inviato. Sei un testimone. Sei un profeta.<\/strong><\/p>\n\n\n\n<hr class=\"wp-block-separator has-alpha-channel-opacity\"\/>\n\n\n\n<h1 class=\"wp-block-heading\"><strong>Conclusione: Svegliati, laico, e sii luce nella notte!<\/strong><\/h1>\n\n\n\n<p class=\"wp-block-paragraph\">Oggi la Chiesa ha pi\u00f9 che mai bisogno di laici che vivano con passione e verit\u00e0 la loro vocazione profetica.<br>Non per risentimento, non per superbia, ma per <strong>obbedienza a Dio<\/strong>, <strong>amore alla Chiesa<\/strong> e <strong>amore instancabile per la verit\u00e0<\/strong>.<\/p>\n\n\n\n<p class=\"wp-block-paragraph\">Il futuro della fede, in molte regioni, dipende dal coraggio dei laici. Dipende da te.<br>Ricorda: <strong>non sei un semplice spettatore. Sei una cellula viva del Corpo di Cristo. E in Lui la tua voce, la tua testimonianza e la tua santit\u00e0 possono fare la storia.<\/strong><\/p>\n\n\n\n<p class=\"wp-block-paragraph\">Coraggio!<br>\u00c8 tempo di santi!<br>\u00c8 tempo di profeti!<\/p>\n","protected":false},"excerpt":{"rendered":"<p>Stiamo vivendo tempi difficili per la Chiesa. Scandali, confusione dottrinale, persecuzioni esterne e \u2013 forse pi\u00f9 doloroso \u2013 divisioni interne. Molti cattolici comuni \u2013 fedeli laici \u2013 provano tristezza, smarrimento o addirittura impotenza.Cosa pu\u00f2 fare &#8220;solo un laico&#8221; di fronte a tali crisi? La risposta, potente e piena di speranza, \u00e8: Non sei solo un &hellip;<\/p>\n","protected":false},"author":3,"featured_media":3513,"comment_status":"open","ping_status":"open","sticky":false,"template":"","format":"standard","meta":{"_seopress_titles_title":"","_seopress_titles_desc":"","_seopress_robots_index":"","_seopress_robots_follow":"","_seopress_robots_imageindex":"","_seopress_robots_snippet":"","_seopress_robots_primary_cat":"","_seopress_robots_breadcrumbs":"","_seopress_robots_freeze_modified_date":"","_seopress_robots_custom_modified_date":"","_seopress_robots_canonical":"","_seopress_social_fb_title":"","_seopress_social_fb_desc":"","_seopress_social_fb_img":"","_seopress_social_fb_img_attachment_id":0,"_seopress_social_fb_img_width":0,"_seopress_social_fb_img_height":0,"_seopress_social_twitter_title":"","_seopress_social_twitter_desc":"","_seopress_social_twitter_img":"","_seopress_social_twitter_img_attachment_id":0,"_seopress_social_twitter_img_width":0,"_seopress_social_twitter_img_height":0,"_seopress_redirections_value":"","_seopress_redirections_enabled":"","_seopress_redirections_enabled_regex":"","_seopress_redirections_logged_status":"","_seopress_redirections_param":"","_seopress_redirections_type":0,"_seopress_analysis_target_kw":"","footnotes":""},"categories":[41,67],"tags":[1258],"class_list":["post-3512","post","type-post","status-publish","format-standard","has-post-thumbnail","","category-fede-e-cultura","category-testimonianze-di-fede","tag-laico"],"_links":{"self":[{"href":"https:\/\/catholicus.eu\/it\/wp-json\/wp\/v2\/posts\/3512","targetHints":{"allow":["GET"]}}],"collection":[{"href":"https:\/\/catholicus.eu\/it\/wp-json\/wp\/v2\/posts"}],"about":[{"href":"https:\/\/catholicus.eu\/it\/wp-json\/wp\/v2\/types\/post"}],"author":[{"embeddable":true,"href":"https:\/\/catholicus.eu\/it\/wp-json\/wp\/v2\/users\/3"}],"replies":[{"embeddable":true,"href":"https:\/\/catholicus.eu\/it\/wp-json\/wp\/v2\/comments?post=3512"}],"version-history":[{"count":1,"href":"https:\/\/catholicus.eu\/it\/wp-json\/wp\/v2\/posts\/3512\/revisions"}],"predecessor-version":[{"id":3514,"href":"https:\/\/catholicus.eu\/it\/wp-json\/wp\/v2\/posts\/3512\/revisions\/3514"}],"wp:featuredmedia":[{"embeddable":true,"href":"https:\/\/catholicus.eu\/it\/wp-json\/wp\/v2\/media\/3513"}],"wp:attachment":[{"href":"https:\/\/catholicus.eu\/it\/wp-json\/wp\/v2\/media?parent=3512"}],"wp:term":[{"taxonomy":"category","embeddable":true,"href":"https:\/\/catholicus.eu\/it\/wp-json\/wp\/v2\/categories?post=3512"},{"taxonomy":"post_tag","embeddable":true,"href":"https:\/\/catholicus.eu\/it\/wp-json\/wp\/v2\/tags?post=3512"}],"curies":[{"name":"wp","href":"https:\/\/api.w.org\/{rel}","templated":true}]}}