{"id":3506,"date":"2025-04-27T15:29:56","date_gmt":"2025-04-27T13:29:56","guid":{"rendered":"https:\/\/catholicus.eu\/it\/?p=3506"},"modified":"2025-04-27T15:29:56","modified_gmt":"2025-04-27T13:29:56","slug":"attenzione-quando-il-sentire-con-la-chiesa-si-scontra-con-le-opinioni-personali","status":"publish","type":"post","link":"https:\/\/catholicus.eu\/it\/attenzione-quando-il-sentire-con-la-chiesa-si-scontra-con-le-opinioni-personali\/","title":{"rendered":"Attenzione! Quando il &#8220;sentire con la Chiesa&#8221; si scontra con le opinioni personali"},"content":{"rendered":"\n<p>In un mondo pieno di opinioni, dove ogni idea sembra avere lo stesso peso della verit\u00e0 eterna, diventa urgente riscoprire una virt\u00f9 dimenticata, fondamentale per vivere autenticamente da cristiani: <strong>&#8220;sentire con la Chiesa&#8221;<\/strong> (<em>sentire cum Ecclesia<\/em>).<br>Ma cosa significa veramente questa espressione? Perch\u00e9 a volte le nostre idee personali sembrano entrare in conflitto con gli insegnamenti della Chiesa? E soprattutto: come possiamo affrontare queste tensioni con umilt\u00e0 e fedelt\u00e0?<\/p>\n\n\n\n<p>Oggi ti invito a un viaggio profondo, semplice e pratico per riscoprire il valore inestimabile di vivere in comunione autentica con la Chiesa, Corpo mistico di Cristo.<\/p>\n\n\n\n<hr class=\"wp-block-separator has-alpha-channel-opacity\"\/>\n\n\n\n<h2 class=\"wp-block-heading\">1. Cosa significa &#8220;sentire con la Chiesa&#8221;?<\/h2>\n\n\n\n<p>&#8220;Sentire con la Chiesa&#8221; non \u00e8 un concetto moderno. \u00c8 radicato gi\u00e0 nei primi cristiani e viene approfondito da sant&#8217;Ignazio di Loyola nei suoi <em>Esercizi Spirituali<\/em> come criterio fondamentale di discernimento spirituale.<br>Non significa semplicemente &#8220;essere d&#8217;accordo&#8221; con tutto ci\u00f2 che alcune persone nella Chiesa dicono (perch\u00e9 anche loro possono sbagliare), ma <strong>concordare profondamente con il senso dello Spirito che guida la Sposa di Cristo, nel cuore, nella mente e nella volont\u00e0<\/strong>.<\/p>\n\n\n\n<p>In parole semplici: <strong>&#8220;sentire con la Chiesa&#8221; significa amare ci\u00f2 che essa ama, rifiutare ci\u00f2 che essa rifiuta e fidarsi della sua guida come Madre e Maestra, anche quando i miei sentimenti o ragionamenti personali sembrano contrastare.<\/strong><\/p>\n\n\n\n<hr class=\"wp-block-separator has-alpha-channel-opacity\"\/>\n\n\n\n<h2 class=\"wp-block-heading\">2. Le radici bibliche dell&#8217;obbedienza ecclesiale<\/h2>\n\n\n\n<p>Cristo non ha lasciato la sua Chiesa come una comunit\u00e0 di opinioni sparse, ma come un Corpo vivo, guidato dallo Spirito Santo:<\/p>\n\n\n\n<blockquote class=\"wp-block-quote is-layout-flow wp-block-quote-is-layout-flow\">\n<p>&#8220;<strong>Chi ascolta voi ascolta me; chi disprezza voi disprezza me<\/strong>&#8221; (Luca 10,16).<\/p>\n<\/blockquote>\n\n\n\n<p>L&#8217;autorit\u00e0 degli Apostoli, che continua nei Vescovi e nel Papa, non \u00e8 semplicemente organizzativa, ma <strong>sacramentale<\/strong>: Cristo stesso agisce attraverso di loro, nonostante i loro limiti umani.<br>Rifiutare questa autorit\u00e0 non \u00e8 semplicemente &#8220;avere un&#8217;opinione diversa&#8221; \u2013 \u00e8 un rischio spirituale che pu\u00f2 allontanarci dalla comunione con Dio.<\/p>\n\n\n\n<hr class=\"wp-block-separator has-alpha-channel-opacity\"\/>\n\n\n\n<h2 class=\"wp-block-heading\">3. Perch\u00e9 a volte entriamo in conflitto con la Chiesa?<\/h2>\n\n\n\n<p>Questo conflitto pu\u00f2 avere diverse cause legittime e umane:<\/p>\n\n\n\n<ul class=\"wp-block-list\">\n<li><strong>Ignoranza<\/strong>: non comprendiamo pienamente gli insegnamenti della Chiesa.<\/li>\n\n\n\n<li><strong>Contesto culturale<\/strong>: siamo immersi in ideologie che si oppongono alla fede.<\/li>\n\n\n\n<li><strong>Ferite personali<\/strong>: esperienze negative nella vita ecclesiale possono oscurare il nostro giudizio.<\/li>\n\n\n\n<li><strong>Superbia spirituale<\/strong>: pensiamo di &#8220;sapere meglio&#8221; rispetto al Magistero.<\/li>\n<\/ul>\n\n\n\n<p>In ogni caso, \u00e8 fondamentale fare un onesto esame di coscienza:<br>Il mio dissenso nasce da un amore sincero per la verit\u00e0 \u2013 o dal mio orgoglio? Ho davvero cercato di capire, oppure reagisco solo emotivamente?<\/p>\n\n\n\n<hr class=\"wp-block-separator has-alpha-channel-opacity\"\/>\n\n\n\n<h2 class=\"wp-block-heading\">4. La profondit\u00e0 teologica: perch\u00e9 \u00e8 necessario &#8220;sentire con la Chiesa&#8221;?<\/h2>\n\n\n\n<p><strong>Perch\u00e9 la Chiesa \u00e8 il Corpo di Cristo<\/strong> (1 Corinzi 12,27).<br>La vera fede non esiste senza la comunione con questo Corpo. Gi\u00e0 nel III secolo, san Cipriano di Cartagine ammoniva:<\/p>\n\n\n\n<blockquote class=\"wp-block-quote is-layout-flow wp-block-quote-is-layout-flow\">\n<p>&#8220;<strong>Non pu\u00f2 avere Dio come Padre chi non ha la Chiesa come Madre.<\/strong>&#8220;<\/p>\n<\/blockquote>\n\n\n\n<p>Sentire con la Chiesa non significa annullare il pensiero critico o l&#8217;intelligenza, ma riconoscere che <strong>il nostro giudizio personale deve essere purificato, illuminato e arricchito da duemila anni di fede vissuta<\/strong>.<br>\u00c8 un atto di umilt\u00e0 soprannaturale.<\/p>\n\n\n\n<hr class=\"wp-block-separator has-alpha-channel-opacity\"\/>\n\n\n\n<h2 class=\"wp-block-heading\">5. Guida pratica: cosa fare se le mie opinioni si scontrano con la Chiesa?<\/h2>\n\n\n\n<p>Ecco un <strong>percorso di discernimento e crescita<\/strong>, dal punto di vista teologico e pastorale:<\/p>\n\n\n\n<h3 class=\"wp-block-heading\">a) Ascolto umile<\/h3>\n\n\n\n<p>Prima di respingere un insegnamento, <strong>ascolta<\/strong>. Leggi il Catechismo, consulta documenti ufficiali, parla con sacerdoti preparati. Chiediti: ho davvero compreso ci\u00f2 che la Chiesa insegna e il perch\u00e9?<\/p>\n\n\n\n<h3 class=\"wp-block-heading\">b) Discernimento nella preghiera<\/h3>\n\n\n\n<p>Chiedi allo Spirito Santo la luce per comprendere. La verit\u00e0 di Dio non contraddice mai la vera libert\u00e0 umana.<br>Puoi pregare cos\u00ec:<\/p>\n\n\n\n<blockquote class=\"wp-block-quote is-layout-flow wp-block-quote-is-layout-flow\">\n<p>&#8220;Signore, purifica il mio cuore da ogni pregiudizio e conducimi alla verit\u00e0 che salva.&#8221;<\/p>\n<\/blockquote>\n\n\n\n<h3 class=\"wp-block-heading\">c) Formare la coscienza, non seguire i gusti<\/h3>\n\n\n\n<p>Avere coscienza cristiana non significa fare ci\u00f2 che voglio, ma <strong>cercare la verit\u00e0 oggettiva e conformare ad essa la mia vita<\/strong>, come insegna il Concilio Vaticano II (<em>Gaudium et Spes<\/em>, 16).<\/p>\n\n\n\n<h3 class=\"wp-block-heading\">d) Accettare la tensione interiore<\/h3>\n\n\n\n<p>Non tutto si chiarisce immediatamente. A volte Dio permette che camminiamo nella fede, portando la tensione come atto di obbedienza fiduciosa.<\/p>\n\n\n\n<h3 class=\"wp-block-heading\">e) Trovare un accompagnatore spirituale<\/h3>\n\n\n\n<p>Un confessore o una guida spirituale fedele al Magistero pu\u00f2 aiutarti a discernere dove sei fedele e dove invece cedi al soggettivismo.<\/p>\n\n\n\n<h3 class=\"wp-block-heading\">f) Coltivare l&#8217;amore per la Chiesa<\/h3>\n\n\n\n<p>Scopri la sua storia, la sua bellezza, i suoi martiri, i suoi santi. Chi ama capisce meglio. Guarda oltre le fragilit\u00e0 umane e contempla la Chiesa <strong>come Cristo la vede: senza macchia n\u00e9 ruga nella sua essenza pi\u00f9 profonda<\/strong> (cfr. Efesini 5,27).<\/p>\n\n\n\n<hr class=\"wp-block-separator has-alpha-channel-opacity\"\/>\n\n\n\n<h2 class=\"wp-block-heading\">6. Applicazioni pratiche nella vita quotidiana<\/h2>\n\n\n\n<ul class=\"wp-block-list\">\n<li><strong>Nella tua preghiera<\/strong>: aggiungi ogni giorno una preghiera per la fedelt\u00e0 alla Chiesa.<\/li>\n\n\n\n<li><strong>Nelle tue letture<\/strong>: non affidarti a opinioni o social network \u2013 cerca fonti cattoliche affidabili.<\/li>\n\n\n\n<li><strong>Nei tuoi dialoghi<\/strong>: evita discussioni aggressive. Testimonia con la tua fedelt\u00e0 serena, anche se vieni considerato &#8220;retrogrado&#8221; o &#8220;fanatico&#8221;.<\/li>\n\n\n\n<li><strong>Nella tua formazione<\/strong>: dedica ogni settimana del tempo a formarti meglio nella fede, per amare di pi\u00f9.<\/li>\n<\/ul>\n\n\n\n<hr class=\"wp-block-separator has-alpha-channel-opacity\"\/>\n\n\n\n<h2 class=\"wp-block-heading\">7. Un ultimo consiglio<\/h2>\n\n\n\n<p><strong>Non temere di non capire tutto immediatamente.<\/strong> La fede non \u00e8 una collezione di assensi intellettuali, ma una relazione viva di fiducia con Dio, che si rivela attraverso la sua Chiesa.<br>Camminare con lei, anche nell&#8217;incertezza, \u00e8 parte del mistero dell'&#8221;obbedienza della fede&#8221; (Romani 1,5).<\/p>\n\n\n\n<p>Ricorda sempre: <strong>Cristo non si separa dalla sua Chiesa<\/strong>, anche quando alcuni membri peccano o sbagliano.<br>Chi rimane unito alla Chiesa, rimane unito a Lui.<\/p>\n\n\n\n<hr class=\"wp-block-separator has-alpha-channel-opacity\"\/>\n\n\n\n<h1 class=\"wp-block-heading\">Conclusione<\/h1>\n\n\n\n<p>Oggi pi\u00f9 che mai, in un mondo dove le opinioni cambiano continuamente, Dio ci chiama a una fede matura e salda \u2013 fondata non su emozioni volatili, ma sulla roccia stabile del Magistero ecclesiale.<\/p>\n\n\n\n<p><strong>Sentire con la Chiesa<\/strong> non significa perdere la libert\u00e0, ma trovare la vera libert\u00e0, quella che nasce dalla verit\u00e0.<\/p>\n\n\n\n<p>Fidati della sapienza della tua Madre. Abbraccia l&#8217;insegnamento della tua Sposa. Cammina nell&#8217;obbedienza fiduciosa.<br>Cos\u00ec, anche se il mondo ti giudicher\u00e0, tu rimarrai nella verit\u00e0 che salva.<\/p>\n\n\n\n<blockquote class=\"wp-block-quote is-layout-flow wp-block-quote-is-layout-flow\">\n<p>&#8220;<strong>Conoscerete la verit\u00e0, e la verit\u00e0 vi far\u00e0 liberi<\/strong>&#8221; (Giovanni 8,32).<\/p>\n<\/blockquote>\n","protected":false},"excerpt":{"rendered":"<p>In un mondo pieno di opinioni, dove ogni idea sembra avere lo stesso peso della verit\u00e0 eterna, diventa urgente riscoprire una virt\u00f9 dimenticata, fondamentale per vivere autenticamente da cristiani: &#8220;sentire con la Chiesa&#8221; (sentire cum Ecclesia).Ma cosa significa veramente questa espressione? Perch\u00e9 a volte le nostre idee personali sembrano entrare in conflitto con gli insegnamenti &hellip;<\/p>\n","protected":false},"author":3,"featured_media":3507,"comment_status":"open","ping_status":"open","sticky":false,"template":"","format":"standard","meta":{"_seopress_robots_primary_cat":"","_seopress_titles_title":"","_seopress_titles_desc":"","_seopress_robots_index":"","footnotes":""},"categories":[66,41],"tags":[1166],"class_list":["post-3506","post","type-post","status-publish","format-standard","has-post-thumbnail","","category-cultura-popolare-e-cattolicesimo","category-fede-e-cultura","tag-sentire-con-la-chiesa"],"_links":{"self":[{"href":"https:\/\/catholicus.eu\/it\/wp-json\/wp\/v2\/posts\/3506","targetHints":{"allow":["GET"]}}],"collection":[{"href":"https:\/\/catholicus.eu\/it\/wp-json\/wp\/v2\/posts"}],"about":[{"href":"https:\/\/catholicus.eu\/it\/wp-json\/wp\/v2\/types\/post"}],"author":[{"embeddable":true,"href":"https:\/\/catholicus.eu\/it\/wp-json\/wp\/v2\/users\/3"}],"replies":[{"embeddable":true,"href":"https:\/\/catholicus.eu\/it\/wp-json\/wp\/v2\/comments?post=3506"}],"version-history":[{"count":1,"href":"https:\/\/catholicus.eu\/it\/wp-json\/wp\/v2\/posts\/3506\/revisions"}],"predecessor-version":[{"id":3508,"href":"https:\/\/catholicus.eu\/it\/wp-json\/wp\/v2\/posts\/3506\/revisions\/3508"}],"wp:featuredmedia":[{"embeddable":true,"href":"https:\/\/catholicus.eu\/it\/wp-json\/wp\/v2\/media\/3507"}],"wp:attachment":[{"href":"https:\/\/catholicus.eu\/it\/wp-json\/wp\/v2\/media?parent=3506"}],"wp:term":[{"taxonomy":"category","embeddable":true,"href":"https:\/\/catholicus.eu\/it\/wp-json\/wp\/v2\/categories?post=3506"},{"taxonomy":"post_tag","embeddable":true,"href":"https:\/\/catholicus.eu\/it\/wp-json\/wp\/v2\/tags?post=3506"}],"curies":[{"name":"wp","href":"https:\/\/api.w.org\/{rel}","templated":true}]}}