{"id":3502,"date":"2025-04-27T14:57:24","date_gmt":"2025-04-27T12:57:24","guid":{"rendered":"https:\/\/catholicus.eu\/it\/?p=3502"},"modified":"2025-04-27T14:57:24","modified_gmt":"2025-04-27T12:57:24","slug":"ideologia-di-genere-cio-che-nessun-vescovo-osa-dirti-ma-il-catechismo-si","status":"publish","type":"post","link":"https:\/\/catholicus.eu\/it\/ideologia-di-genere-cio-che-nessun-vescovo-osa-dirti-ma-il-catechismo-si\/","title":{"rendered":"Ideologia di Genere: Ci\u00f2 che nessun vescovo osa dirti (ma il Catechismo s\u00ec)"},"content":{"rendered":"\n<h2 class=\"wp-block-heading\">Introduzione: Un silenzio che grida al cielo<\/h2>\n\n\n\n<p>Viviamo in tempi di grande confusione. Parole che un tempo avevano un significato chiaro \u2014 uomo, donna, famiglia \u2014 oggi sembrano dissolversi in una nebbia di concetti vaghi. E mentre tutto questo accade, molti pastori tacciono. Per paura? Per diplomazia? Per smarrimento? Non lo sappiamo. Ma una cosa \u00e8 certa: la verit\u00e0 rimane, e chi la cerca la trover\u00e0, perch\u00e9 &#8220;<strong>la verit\u00e0 vi far\u00e0 liberi<\/strong>&#8221; (Giovanni 8, 32).<\/p>\n\n\n\n<p>Oggi vogliamo affrontare uno dei temi pi\u00f9 urgenti del nostro tempo con chiarezza e carit\u00e0: <strong>l&#8217;ideologia di genere<\/strong>. Lo faremo alla luce del <strong>Catechismo della Chiesa Cattolica<\/strong> e della <strong>Sacra Scrittura<\/strong>, guidati dalla viva Tradizione della Chiesa. Non vogliamo condannare, ma educare e accompagnare, offrendo una guida pratica per resistere agli errori e vivere nella verit\u00e0 del Vangelo.<\/p>\n\n\n\n<h2 class=\"wp-block-heading\">1. Che cos&#8217;\u00e8 l&#8217;ideologia di genere?<\/h2>\n\n\n\n<p><strong>L&#8217;ideologia di genere<\/strong> sostiene che il sesso biologico (essere maschio o femmina) non determini necessariamente l&#8217;identit\u00e0 di genere (essere uomo o donna), ma che quest&#8217;ultima sia una costruzione sociale che ciascuno pu\u00f2 definire per s\u00e9. Secondo questa visione, non esisterebbero differenze essenziali tra uomo e donna: tutto sarebbe fluido, relativo, modificabile.<\/p>\n\n\n\n<p>Questa ideologia ha <strong>invaso le politiche pubbliche, l&#8217;educazione, i media, le leggi<\/strong> e persino certi ambienti ecclesiali. Si presenta come una &#8220;liberazione&#8221;, ma in realt\u00e0 propone una visione dell&#8217;uomo <strong>profondamente materialista e nichilista<\/strong>.<\/p>\n\n\n\n<p><strong>La radice teologica di questo errore<\/strong> \u00e8 evidente: si nega che Dio abbia creato l&#8217;uomo &#8220;<strong>maschio e femmina<\/strong>&#8221; a sua immagine (Genesi 1, 27).<\/p>\n\n\n\n<p><strong>&#8220;Il vasaio non ha forse il diritto sull&#8217;argilla?&#8221;<\/strong> (cfr. Romani 9, 21). Nella visione cristiana <strong>non ci inventiamo da soli<\/strong>; <strong>riceviamo la nostra esistenza come un dono<\/strong>.<\/p>\n\n\n\n<h2 class=\"wp-block-heading\">2. Cosa dice il Catechismo della Chiesa Cattolica?<\/h2>\n\n\n\n<p>Sebbene non menzioni espressamente il termine &#8220;ideologia di genere&#8221; (essendo stato pubblicato nel 1992, prima della sua grande diffusione), il <strong>Catechismo<\/strong> fornisce principi chiarissimi per giudicare questa questione alla luce della fede:<\/p>\n\n\n\n<ul class=\"wp-block-list\">\n<li><strong>L&#8217;identit\u00e0 sessuale \u00e8 un dono di Dio<\/strong>: &#8220;Uomo e donna sono creati, cio\u00e8 sono voluti da Dio: l&#8217;uno per l&#8217;altro nella loro piena uguaglianza in quanto persone.&#8221; (Catechismo, n. 369)<\/li>\n\n\n\n<li><strong>La differenza tra uomo e donna \u00e8 voluta da Dio<\/strong>: &#8220;La sessualit\u00e0 interessa tutti gli aspetti della persona umana nell&#8217;unit\u00e0 del suo corpo e della sua anima. Essa riguarda particolarmente l&#8217;affettivit\u00e0, la capacit\u00e0 di amare e di generare la vita e, in modo pi\u00f9 generale, l&#8217;attitudine a stabilire legami di comunione con altri.&#8221; (Catechismo, n. 2332)<\/li>\n\n\n\n<li><strong>Castit\u00e0 e rispetto del proprio corpo sono obbligatori<\/strong>: &#8220;Ciascun uomo e ciascuna donna devono riconoscere e accettare la propria identit\u00e0 sessuale.&#8221; (Catechismo, n. 2333)<\/li>\n<\/ul>\n\n\n\n<p>Il Catechismo insegna dunque che <strong>disprezzare il proprio sesso biologico<\/strong> o <strong>tentare di cambiarlo<\/strong> \u00e8 un&#8217;offesa alla dignit\u00e0 della persona e al progetto divino.<\/p>\n\n\n\n<h2 class=\"wp-block-heading\">3. Una storia di ribellione: radici culturali e filosofiche<\/h2>\n\n\n\n<p>Per comprendere come l&#8217;ideologia di genere abbia potuto affermarsi cos\u00ec rapidamente, dobbiamo guardare alla sua storia.<\/p>\n\n\n\n<ul class=\"wp-block-list\">\n<li><strong>XIX secolo<\/strong>: Filosofi come <strong>Marx<\/strong> e <strong>Engels<\/strong> affermavano che le differenze di genere fossero costruzioni sociali imposte dal sistema della propriet\u00e0 privata. La lotta di classe doveva estendersi alla lotta contro la famiglia.<\/li>\n\n\n\n<li><strong>XX secolo<\/strong>: L&#8217;esistenzialismo ateo di <strong>Simone de Beauvoir<\/strong> (&#8220;Donna non si nasce, lo si diventa&#8221;) e la psicanalisi di <strong>Freud<\/strong> hanno seminato l&#8217;idea di una sessualit\u00e0 svincolata da ogni norma naturale o divina.<\/li>\n\n\n\n<li><strong>Anni &#8217;90<\/strong>: La <strong>teoria queer<\/strong> (Judith Butler) ha propagato l&#8217;idea che il genere sia totalmente separato dal sesso biologico e possa essere modificato a piacimento.<\/li>\n<\/ul>\n\n\n\n<p>Questo processo non \u00e8 stato casuale n\u00e9 spontaneo: \u00e8 stato un <strong>progetto culturale intenzionale<\/strong>, volto a <strong>distruggere la famiglia tradizionale cristiana<\/strong> e <strong>ridefinire l&#8217;essere umano secondo criteri ideologici<\/strong>.<\/p>\n\n\n\n<h2 class=\"wp-block-heading\">4. Perch\u00e9 tanti vescovi tacciono?<\/h2>\n\n\n\n<p>Molti pastori temono di essere etichettati come <strong>&#8220;intolleranti&#8221;, &#8220;omofobi&#8221;<\/strong> o <strong>&#8220;reazionari&#8221;<\/strong>. Temono di perdere il favore dei media, di essere perseguitati dallo Stato o di essere emarginati all&#8217;interno della stessa Chiesa.<\/p>\n\n\n\n<p>Altri sono stati ingannati da una falsa concezione della misericordia, che <strong>confonde l&#8217;amore per il peccatore con la giustificazione del peccato<\/strong>. Ma la vera misericordia significa <strong>dire la verit\u00e0<\/strong>, con dolcezza e fermezza.<\/p>\n\n\n\n<p>Cristo stesso ci ha dato l&#8217;esempio:<\/p>\n\n\n\n<blockquote class=\"wp-block-quote is-layout-flow wp-block-quote-is-layout-flow\">\n<p>&#8220;Se il mondo vi odia, sappiate che prima di voi ha odiato me.&#8221; (Giovanni 15, 18)<\/p>\n<\/blockquote>\n\n\n\n<p>Il vero pastore <strong>non abbandona il suo gregge<\/strong> quando arrivano i lupi, anche a costo della vita.<\/p>\n\n\n\n<h2 class=\"wp-block-heading\">5. Guida pratica per i cattolici: Come resistere all&#8217;ideologia di genere<\/h2>\n\n\n\n<h3 class=\"wp-block-heading\">a) Formazione solida<\/h3>\n\n\n\n<p>Studia, approfondisci il Catechismo, leggi i documenti della Chiesa come:<\/p>\n\n\n\n<ul class=\"wp-block-list\">\n<li><strong>&#8220;Lettera ai Vescovi della Chiesa Cattolica sulla collaborazione dell&#8217;uomo e della donna nella Chiesa e nel mondo&#8221;<\/strong> (2004)<\/li>\n\n\n\n<li><strong>&#8220;Maschio e femmina li cre\u00f2&#8221;<\/strong>, della Congregazione per l&#8217;Educazione Cattolica (2019)<\/li>\n<\/ul>\n\n\n\n<p>Non lasciarti ingannare dagli slogan emotivi! L&#8217;ignoranza \u00e8 il primo passo verso la schiavit\u00f9 ideologica.<\/p>\n\n\n\n<h3 class=\"wp-block-heading\">b) Coraggio nella testimonianza<\/h3>\n\n\n\n<p>Non avere paura di dire rispettosamente la verit\u00e0 sull&#8217;uomo e sulla donna. <strong>Non conformarti alle mode del tempo<\/strong>.<\/p>\n\n\n\n<p>Nell&#8217;educazione dei figli, nei dibattiti pubblici o nelle conversazioni private: <strong>testimonia la verit\u00e0 con amore e coraggio<\/strong>.<\/p>\n\n\n\n<blockquote class=\"wp-block-quote is-layout-flow wp-block-quote-is-layout-flow\">\n<p>&#8220;Siate dunque prudenti come i serpenti e semplici come le colombe.&#8221; (Matteo 10, 16)<\/p>\n<\/blockquote>\n\n\n\n<h3 class=\"wp-block-heading\">c) Preghiera e penitenza<\/h3>\n\n\n\n<p>La lotta non \u00e8 solo intellettuale: <strong>\u00e8 spirituale<\/strong>. La confusione dei nostri tempi \u00e8 opera del Maligno, &#8220;padre della menzogna&#8221; (Giovanni 8, 44).<\/p>\n\n\n\n<p>Prega ogni giorno per la conversione dei cuori, offri sacrifici e resta saldamente unito a Cristo attraverso i Sacramenti.<\/p>\n\n\n\n<h3 class=\"wp-block-heading\">d) Difesa attiva della famiglia<\/h3>\n\n\n\n<p>Sostieni scuole, associazioni, parrocchie e movimenti che promuovono la visione cristiana della famiglia e della sessualit\u00e0.<\/p>\n\n\n\n<p>La famiglia cristiana \u00e8 <strong>la prima linea di difesa<\/strong> contro l&#8217;ideologia di genere!<\/p>\n\n\n\n<h2 class=\"wp-block-heading\">6. Speranza nel cuore della battaglia<\/h2>\n\n\n\n<p>Anche se il panorama appare oscuro, <strong>Cristo ha vinto il mondo<\/strong> (cfr. Giovanni 16, 33). La verit\u00e0 non sar\u00e0 distrutta, perch\u00e9 \u00e8 pi\u00f9 forte di ogni menzogna. La Chiesa ha superato tempeste peggiori, uscendo purificata e pi\u00f9 luminosa.<\/p>\n\n\n\n<p>A noi spetta <strong>essere fedeli<\/strong>, piccoli strumenti nelle mani di Dio, seminatori di verit\u00e0 e di carit\u00e0, anche senza vedere immediatamente i frutti.<\/p>\n\n\n\n<p>Ricordiamo le parole di San Paolo:<\/p>\n\n\n\n<blockquote class=\"wp-block-quote is-layout-flow wp-block-quote-is-layout-flow\">\n<p>&#8220;Annuncia la parola, insisti in ogni occasione opportuna e non opportuna, ammonisci, rimprovera, esorta con ogni magnanimit\u00e0 e dottrina.&#8221; (2 Timoteo 4, 2)<\/p>\n<\/blockquote>\n\n\n\n<hr class=\"wp-block-separator has-alpha-channel-opacity\"\/>\n\n\n\n<h1 class=\"wp-block-heading\">Conclusione: Essere luce nelle tenebre<\/h1>\n\n\n\n<p>L&#8217;ideologia di genere rappresenta una sfida storica per i cristiani di oggi. Non basta lamentarsi o nascondersi. \u00c8 necessario andare incontro al mondo, essere luce e sale in una societ\u00e0 smarrita e ferita!<\/p>\n\n\n\n<p>La verit\u00e0 sull&#8217;uomo e sulla donna non \u00e8 un peso, ma una <strong>liberazione gioiosa<\/strong>. Vivere nella verit\u00e0 significa essere pienamente umani e pienamente figli di Dio.<\/p>\n\n\n\n<p>Non temere dunque. <strong>Non sei solo<\/strong>. La Chiesa, il Catechismo, la Sacra Scrittura e Cristo stesso, risorto e vincitore, sono con te.<\/p>\n\n\n\n<p><strong>&#8220;Tutto posso in colui che mi d\u00e0 forza.&#8221;<\/strong> (Filippesi 4, 13)<\/p>\n","protected":false},"excerpt":{"rendered":"<p>Introduzione: Un silenzio che grida al cielo Viviamo in tempi di grande confusione. Parole che un tempo avevano un significato chiaro \u2014 uomo, donna, famiglia \u2014 oggi sembrano dissolversi in una nebbia di concetti vaghi. E mentre tutto questo accade, molti pastori tacciono. Per paura? Per diplomazia? Per smarrimento? Non lo sappiamo. Ma una cosa &hellip;<\/p>\n","protected":false},"author":3,"featured_media":3503,"comment_status":"open","ping_status":"open","sticky":false,"template":"","format":"standard","meta":{"_seopress_robots_primary_cat":"","_seopress_titles_title":"","_seopress_titles_desc":"","_seopress_robots_index":"","footnotes":""},"categories":[55,39],"tags":[1165],"class_list":["post-3502","post","type-post","status-publish","format-standard","has-post-thumbnail","","category-famiglia-e-matrimonio","category-morale-e-vita-cristiana","tag-ideologia-di-genere"],"_links":{"self":[{"href":"https:\/\/catholicus.eu\/it\/wp-json\/wp\/v2\/posts\/3502","targetHints":{"allow":["GET"]}}],"collection":[{"href":"https:\/\/catholicus.eu\/it\/wp-json\/wp\/v2\/posts"}],"about":[{"href":"https:\/\/catholicus.eu\/it\/wp-json\/wp\/v2\/types\/post"}],"author":[{"embeddable":true,"href":"https:\/\/catholicus.eu\/it\/wp-json\/wp\/v2\/users\/3"}],"replies":[{"embeddable":true,"href":"https:\/\/catholicus.eu\/it\/wp-json\/wp\/v2\/comments?post=3502"}],"version-history":[{"count":1,"href":"https:\/\/catholicus.eu\/it\/wp-json\/wp\/v2\/posts\/3502\/revisions"}],"predecessor-version":[{"id":3504,"href":"https:\/\/catholicus.eu\/it\/wp-json\/wp\/v2\/posts\/3502\/revisions\/3504"}],"wp:featuredmedia":[{"embeddable":true,"href":"https:\/\/catholicus.eu\/it\/wp-json\/wp\/v2\/media\/3503"}],"wp:attachment":[{"href":"https:\/\/catholicus.eu\/it\/wp-json\/wp\/v2\/media?parent=3502"}],"wp:term":[{"taxonomy":"category","embeddable":true,"href":"https:\/\/catholicus.eu\/it\/wp-json\/wp\/v2\/categories?post=3502"},{"taxonomy":"post_tag","embeddable":true,"href":"https:\/\/catholicus.eu\/it\/wp-json\/wp\/v2\/tags?post=3502"}],"curies":[{"name":"wp","href":"https:\/\/api.w.org\/{rel}","templated":true}]}}