{"id":3499,"date":"2025-04-27T14:09:08","date_gmt":"2025-04-27T12:09:08","guid":{"rendered":"https:\/\/catholicus.eu\/it\/?p=3499"},"modified":"2025-04-27T14:09:09","modified_gmt":"2025-04-27T12:09:09","slug":"si-deve-pregare-per-tutti-i-defunti-san-tommaso-daquino-chiarisce-solo-per-i-fedeli-non-per-eretici-e-apostati","status":"publish","type":"post","link":"https:\/\/catholicus.eu\/it\/si-deve-pregare-per-tutti-i-defunti-san-tommaso-daquino-chiarisce-solo-per-i-fedeli-non-per-eretici-e-apostati\/","title":{"rendered":"Si deve pregare per TUTTI i defunti? San Tommaso d&#8217;Aquino chiarisce: solo per i fedeli, non per eretici e apostati"},"content":{"rendered":"\n<p><strong>Introduzione<\/strong><br>Nella tradizione cattolica, la preghiera per i defunti \u00e8 un&#8217;opera di misericordia spirituale, un atto di carit\u00e0 volto ad alleviare le pene delle anime del Purgatorio. Tuttavia, dobbiamo pregare per&nbsp;<em>tutti<\/em>&nbsp;i morti indistintamente? San Tommaso d&#8217;Aquino, il&nbsp;<em>Dottore Angelico<\/em>&nbsp;e uno dei pi\u00f9 grandi teologi della Chiesa, affront\u00f2 questo tema nella sua&nbsp;<em>Summa Theologica<\/em>, dando istruzioni chiare:&nbsp;<strong>non si deve pregare per infedeli, eretici, scismatici o apostati<\/strong>.<\/p>\n\n\n\n<p>Questo principio, radicato nella dottrina cattolica tradizionale, pu\u00f2 sembrare scioccante in un&#8217;epoca in cui il relativismo e un falso ecumenismo cercano di confondere i confini tra verit\u00e0 ed errore. Ma come vedremo, l&#8217;insegnamento di San Tommaso non \u00e8 una semplice opinione &#8211; \u00e8 un&#8217;esposizione coerente allineata con la fede e la giustizia divina.<\/p>\n\n\n\n<hr class=\"wp-block-separator has-alpha-channel-opacity\"\/>\n\n\n\n<h3 class=\"wp-block-heading\"><strong>1. La preghiera per i defunti: per chi \u00e8 efficace?<\/strong><\/h3>\n\n\n\n<p>La Chiesa ha sempre insegnato che preghiere, messe e suffragi per i defunti giovano alle anime morte in stato di grazia ma bisognose di purificazione (Purgatorio). Tuttavia,&nbsp;<strong>non tutte le anime possono essere aiutate dalle nostre preghiere<\/strong>. San Tommaso lo spiega con precisione:<\/p>\n\n\n\n<blockquote class=\"wp-block-quote is-layout-flow wp-block-quote-is-layout-flow\">\n<p><em>&#8220;Non si deve pregare per gli infedeli e i peccatori impenitenti, perch\u00e9 tale preghiera non gioverebbe loro&#8221;<\/em>&nbsp;(Summa Theologica, Supplementum, q. 71, a. 5).<\/p>\n<\/blockquote>\n\n\n\n<p>Il ragionamento \u00e8 chiaro:&nbsp;<strong>la preghiera presuppone una comunione nella fede<\/strong>. Coloro che morirono rifiutando Dio o separandosi volontariamente dalla Chiesa (eretici, scismatici, apostati)&nbsp;<strong>non sono disposti a ricevere i frutti spirituali delle nostre preghiere<\/strong>.<\/p>\n\n\n\n<hr class=\"wp-block-separator has-alpha-channel-opacity\"\/>\n\n\n\n<h3 class=\"wp-block-heading\"><strong>2. Perch\u00e9 non pregare per eretici e apostati?<\/strong><\/h3>\n\n\n\n<p>San Tommaso adduce tre ragioni principali:<\/p>\n\n\n\n<h4 class=\"wp-block-heading\"><strong>A. La giustizia divina<\/strong><\/h4>\n\n\n\n<p>Dio \u00e8 misericordioso, ma \u00e8 anche giusto. Chi rifiut\u00f2 la verit\u00e0 e persever\u00f2 nell&#8217;errore&nbsp;<strong>non pu\u00f2 ricevere la stessa assistenza di un&#8217;anima fedele che lott\u00f2 per rimanere in grazia<\/strong>. Pregare per un&#8217;anima morta in ribellione contro Dio equivarrebbe a tentare di stravolgere il Suo giudizio eterno &#8211; cosa impossibile (cfr. Ebrei 9,27).<\/p>\n\n\n\n<h4 class=\"wp-block-heading\"><strong>B. L&#8217;appartenenza al Corpo Mistico<\/strong><\/h4>\n\n\n\n<p>Le preghiere della Chiesa&nbsp;<strong>giovano solo a chi ne fece parte in vita<\/strong>&nbsp;(almeno col battesimo e senza separazione volontaria). Eretici e apostati, rifiutando gli insegnamenti della Chiesa,&nbsp;<strong>si autoescludono dai suoi benefici spirituali<\/strong>.<\/p>\n\n\n\n<h4 class=\"wp-block-heading\"><strong>C. L&#8217;inutilit\u00e0 della preghiera<\/strong><\/h4>\n\n\n\n<p>San Tommaso nota che&nbsp;<strong>pregare per i dannati \u00e8 inutile<\/strong>, essendo il loro destino gi\u00e0 sigillato. E per chi mor\u00ec in peccato mortale senza pentimento, non v&#8217;\u00e8 indicazione che possa essere aiutato (cfr. 1 Giovanni 5,16-17).<\/p>\n\n\n\n<hr class=\"wp-block-separator has-alpha-channel-opacity\"\/>\n\n\n\n<h3 class=\"wp-block-heading\"><strong>3. Cosa dicono Scrittura e Tradizione?<\/strong><\/h3>\n\n\n\n<p>Questo insegnamento non \u00e8 un&#8217;invenzione medievale ma ha radici bibliche e patristiche:<\/p>\n\n\n\n<ul class=\"wp-block-list\">\n<li><strong>2 Maccabei 12,44-45<\/strong>\u00a0(libro canonico per i cattolici) parla di pregare\u00a0<em>&#8220;per i soldati ebrei caduti in battaglia&#8221;<\/em>\u00a0(che erano fedeli), non per i nemici pagani.<\/li>\n\n\n\n<li><strong>Sant&#8217;Agostino<\/strong>\u00a0insegna che\u00a0<em>&#8220;non si deve pregare per i defunti morti in peccato grave&#8221;<\/em>\u00a0(Enchiridion, 110).<\/li>\n\n\n\n<li><strong>Il Concilio di Trento<\/strong>\u00a0(Sessione XXV) conferma che le messe per i defunti\u00a0<strong>sono solo per i fedeli defunti<\/strong>, non per tutti indistintamente.<\/li>\n<\/ul>\n\n\n\n<hr class=\"wp-block-separator has-alpha-channel-opacity\"\/>\n\n\n\n<h3 class=\"wp-block-heading\"><strong>4. E la misericordia? Non dobbiamo amare tutti?<\/strong><\/h3>\n\n\n\n<p>Alcuni obietteranno:&nbsp;<em>&#8220;Non \u00e8 questo mancare di carit\u00e0?&#8221;<\/em>&nbsp;Ma la vera carit\u00e0&nbsp;<strong>non pu\u00f2 contraddire la giustizia n\u00e9 la verit\u00e0<\/strong>. Pregare per un eretico morto impenitente (come un capo protestante che neg\u00f2 la Vergine Maria) sarebbe&nbsp;<strong>un atto disordinato<\/strong>, poich\u00e9 Dio ha gi\u00e0 giudicato la sua anima.<\/p>\n\n\n\n<p>Del resto, la Chiesa&nbsp;<strong>prega s\u00ec per la conversione dei peccatori&nbsp;<em>in vita<\/em><\/strong>, ma dopo la morte, il loro destino dipende dalle loro libere scelte.<\/p>\n\n\n\n<hr class=\"wp-block-separator has-alpha-channel-opacity\"\/>\n\n\n\n<h3 class=\"wp-block-heading\"><strong>5. Conclusione: Pregare, ma con discernimento<\/strong><\/h3>\n\n\n\n<p>L&#8217;insegnamento di San Tommaso non \u00e8 &#8220;crudele&#8221; ma&nbsp;<strong>coerente con la fede<\/strong>. Dobbiamo pregare fervidamente per le anime del Purgatorio (\u00e8 un dovere di carit\u00e0), ma&nbsp;<strong>senza cadere in un universalismo che ignora il giudizio divino<\/strong>.<\/p>\n\n\n\n<p><strong>In tempi di confusione dottrinale, ricordiamo:<\/strong><\/p>\n\n\n\n<ul class=\"wp-block-list\">\n<li>Pregare\u00a0<em>specialmente<\/em>\u00a0per i fedeli defunti<\/li>\n\n\n\n<li>Non sprecare tempo in preghiere inutili per chi rifiut\u00f2 Dio<\/li>\n\n\n\n<li>Confidare che la misericordia divina\u00a0<strong>rispetta sempre la libert\u00e0 umana<\/strong><\/li>\n<\/ul>\n\n\n\n<blockquote class=\"wp-block-quote is-layout-flow wp-block-quote-is-layout-flow\">\n<p><em>&#8220;Chi vuol salvare la propria vita, la perder\u00e0; ma chi perder\u00e0 la propria vita per causa mia, la trover\u00e0&#8221;<\/em>&nbsp;(Matteo 16,25).<\/p>\n<\/blockquote>\n\n\n\n<p><strong>Preghiamo con discernimento o con sentimentalismo?<\/strong>&nbsp;La risposta riguarda non solo i defunti, ma anche la nostra fedelt\u00e0 alla verit\u00e0.<\/p>\n\n\n\n<hr class=\"wp-block-separator has-alpha-channel-opacity\"\/>\n\n\n\n<p><strong>Cosa ne pensate?<\/strong>&nbsp;Conoscevate questo insegnamento di San Tommaso? Lasciate i vostri commenti e condividete questo articolo per favorire una seria discussione sulla fede.<\/p>\n\n\n\n<p><em>(Nota: Questo articolo si basa sulla dottrina cattolica tradizionale. Per casi specifici, consultare un sacerdote o teologo ben formato.)<\/em><\/p>\n","protected":false},"excerpt":{"rendered":"<p>IntroduzioneNella tradizione cattolica, la preghiera per i defunti \u00e8 un&#8217;opera di misericordia spirituale, un atto di carit\u00e0 volto ad alleviare le pene delle anime del Purgatorio. Tuttavia, dobbiamo pregare per&nbsp;tutti&nbsp;i morti indistintamente? San Tommaso d&#8217;Aquino, il&nbsp;Dottore Angelico&nbsp;e uno dei pi\u00f9 grandi teologi della Chiesa, affront\u00f2 questo tema nella sua&nbsp;Summa Theologica, dando istruzioni chiare:&nbsp;non si deve &hellip;<\/p>\n","protected":false},"author":3,"featured_media":3500,"comment_status":"open","ping_status":"open","sticky":false,"template":"","format":"standard","meta":{"_seopress_robots_primary_cat":"","_seopress_titles_title":"","_seopress_titles_desc":"","_seopress_robots_index":"","footnotes":""},"categories":[51,38],"tags":[1047,100,1164],"class_list":["post-3499","post","type-post","status-publish","format-standard","has-post-thumbnail","","category-magistero-della-chiesa","category-storia-e-tradizione","tag-defunti","tag-san-tommaso-daquino","tag-summa-theologica"],"_links":{"self":[{"href":"https:\/\/catholicus.eu\/it\/wp-json\/wp\/v2\/posts\/3499","targetHints":{"allow":["GET"]}}],"collection":[{"href":"https:\/\/catholicus.eu\/it\/wp-json\/wp\/v2\/posts"}],"about":[{"href":"https:\/\/catholicus.eu\/it\/wp-json\/wp\/v2\/types\/post"}],"author":[{"embeddable":true,"href":"https:\/\/catholicus.eu\/it\/wp-json\/wp\/v2\/users\/3"}],"replies":[{"embeddable":true,"href":"https:\/\/catholicus.eu\/it\/wp-json\/wp\/v2\/comments?post=3499"}],"version-history":[{"count":1,"href":"https:\/\/catholicus.eu\/it\/wp-json\/wp\/v2\/posts\/3499\/revisions"}],"predecessor-version":[{"id":3501,"href":"https:\/\/catholicus.eu\/it\/wp-json\/wp\/v2\/posts\/3499\/revisions\/3501"}],"wp:featuredmedia":[{"embeddable":true,"href":"https:\/\/catholicus.eu\/it\/wp-json\/wp\/v2\/media\/3500"}],"wp:attachment":[{"href":"https:\/\/catholicus.eu\/it\/wp-json\/wp\/v2\/media?parent=3499"}],"wp:term":[{"taxonomy":"category","embeddable":true,"href":"https:\/\/catholicus.eu\/it\/wp-json\/wp\/v2\/categories?post=3499"},{"taxonomy":"post_tag","embeddable":true,"href":"https:\/\/catholicus.eu\/it\/wp-json\/wp\/v2\/tags?post=3499"}],"curies":[{"name":"wp","href":"https:\/\/api.w.org\/{rel}","templated":true}]}}