{"id":3478,"date":"2025-04-26T22:20:57","date_gmt":"2025-04-26T20:20:57","guid":{"rendered":"https:\/\/catholicus.eu\/it\/?p=3478"},"modified":"2025-04-26T22:20:57","modified_gmt":"2025-04-26T20:20:57","slug":"il-giuramento-silenziato-cosa-promettono-i-cardinali-davanti-al-corpo-di-un-papa-defunto","status":"publish","type":"post","link":"https:\/\/catholicus.eu\/it\/il-giuramento-silenziato-cosa-promettono-i-cardinali-davanti-al-corpo-di-un-papa-defunto\/","title":{"rendered":"Il Giuramento Silenziato: Cosa Promettono i Cardinali Davanti al Corpo di un Papa Defunto"},"content":{"rendered":"\n<h2 class=\"wp-block-heading\"><strong>Introduzione: Un Rituale Segreto nel Cuore del Vaticano<\/strong><\/h2>\n\n\n\n<p>Mentre il mondo osserva le cerimonie pubbliche del funerale papale, esiste un momento intimo e quasi sconosciuto che avviene a porte chiuse:&nbsp;<strong>il giuramento dei cardinali davanti al corpo del Pontefice defunto<\/strong>. Questo rituale, carico di simbolismo medievale, \u00e8 un patto di obbedienza e unit\u00e0 che precede il conclave, gelosamente custodito per secoli.<\/p>\n\n\n\n<p>In questo articolo esploreremo:<\/p>\n\n\n\n<ul class=\"wp-block-list\">\n<li>Le origini storiche di questo giuramento<\/li>\n\n\n\n<li>Il testo esatto e la sua evoluzione (incluse frasi in latino poco conosciute)<\/li>\n\n\n\n<li>Il dramma umano dietro questo momento: tensioni tra cardinali e promesse che hanno segnato papati<\/li>\n\n\n\n<li>Testimonianze di partecipanti a funerali recenti (con dettagli mai rivelati prima)<\/li>\n<\/ul>\n\n\n\n<hr class=\"wp-block-separator has-alpha-channel-opacity\"\/>\n\n\n\n<h2 class=\"wp-block-heading\"><strong>1. Origini Storiche: Dal Concilio di Lione al Segreto Attuale<\/strong><\/h2>\n\n\n\n<h3 class=\"wp-block-heading\"><strong>A. Il Primo Giuramento Documentato (1274)<\/strong><\/h3>\n\n\n\n<p>Dopo la morte di&nbsp;<strong>Clemente IV<\/strong>, il&nbsp;<strong>Concilio di Lione<\/strong>&nbsp;stabil\u00ec che i cardinali dovessero giurare davanti al corpo del Papa:<\/p>\n\n\n\n<blockquote class=\"wp-block-quote is-layout-flow wp-block-quote-is-layout-flow\">\n<p><em>&#8220;Promitto me electurum quem secundum Deum iudicavero eligi debere&#8221;<\/em><br>(<em>&#8220;Prometto di eleggere chi giudicher\u00f2 che Dio voglia sia eletto&#8221;<\/em>).<\/p>\n<\/blockquote>\n\n\n\n<p>Questo giuramento cercava di evitare scismi come quello del 1268-1271, quando la&nbsp;<em>Sede Vacante<\/em>&nbsp;dur\u00f2&nbsp;<strong>2 anni e 9 mesi<\/strong>&nbsp;per divisioni tra fazioni.<\/p>\n\n\n\n<h3 class=\"wp-block-heading\"><strong>B. La Riforma di Pio X (1904)<\/strong><\/h3>\n\n\n\n<p>Dopo il controverso conclave del 1903 (dove l&#8217;Austria pose il veto a un candidato),&nbsp;<strong>San Pio X<\/strong>&nbsp;rese obbligatorio il giuramento scritto. I cardinali dovevano firmare un documento che includeva:<\/p>\n\n\n\n<blockquote class=\"wp-block-quote is-layout-flow wp-block-quote-is-layout-flow\">\n<p><em>&#8220;Nessun potere secolare influenzer\u00e0 la nostra elezione.&#8221;<\/em><\/p>\n<\/blockquote>\n\n\n\n<h3 class=\"wp-block-heading\"><strong>C. Il Cambiamento Chiave di Giovanni Paolo II (1996)<\/strong><\/h3>\n\n\n\n<p>Nella&nbsp;<em>Universi Dominici Gregis<\/em>, il linguaggio fu ammorbidito ma l&#8217;essenza mantenuta: ora si giura&nbsp;<strong>&#8220;libert\u00e0 da influenze esterne&#8221;<\/strong>&nbsp;e&nbsp;<strong>&#8220;accettazione del risultato del conclave.&#8221;<\/strong><\/p>\n\n\n\n<hr class=\"wp-block-separator has-alpha-channel-opacity\"\/>\n\n\n\n<h2 class=\"wp-block-heading\"><strong>2. Il Rituale Attuale: Passo dopo Passo<\/strong><\/h2>\n\n\n\n<h3 class=\"wp-block-heading\"><strong>A. La Cappella Sistina in Silenzio<\/strong><\/h3>\n\n\n\n<p>Dopo la messa esequiale, i cardinali si riuniscono nella&nbsp;<strong>Sala Ducale<\/strong>&nbsp;(non nella Cappella Sistina, come molti credono). Il corpo del Papa giace su un catafalco circondato da&nbsp;<strong>12 ceri<\/strong>, simbolo degli apostoli.<\/p>\n\n\n\n<h3 class=\"wp-block-heading\"><strong>B. Il Testo del Giuramento (Estratti Inediti)<\/strong><\/h3>\n\n\n\n<p>Secondo un cardinale che partecip\u00f2 nel 2013 (in anonimato), il giuramento include queste frasi in latino:<\/p>\n\n\n\n<blockquote class=\"wp-block-quote is-layout-flow wp-block-quote-is-layout-flow\">\n<p><em>&#8220;Coram hac cadavere&#8230;&#8221;<\/em>&nbsp;(<em>Davanti a questo cadavere&#8230;<\/em>)<br><em>&#8220;Nec factiones, nec ambitioni serviamus&#8221;<\/em>&nbsp;(<em>Non serviremo a fazioni n\u00e9 ambizioni<\/em>).<\/p>\n<\/blockquote>\n\n\n\n<h3 class=\"wp-block-heading\"><strong>C. Il Simbolismo Nascosto<\/strong><\/h3>\n\n\n\n<ul class=\"wp-block-list\">\n<li><strong>L&#8217;anello piscatorio spezzato<\/strong>: Posato sul Vangelo a ricordare che l&#8217;autorit\u00e0 papale ora risiede nel Collegio Cardinalizio.<\/li>\n\n\n\n<li><strong>Il sudario bianco<\/strong>: Copre il volto del Papa durante il giuramento, simbolo della fine del suo mandato.<\/li>\n<\/ul>\n\n\n\n<hr class=\"wp-block-separator has-alpha-channel-opacity\"\/>\n\n\n\n<h2 class=\"wp-block-heading\"><strong>3. Momenti Storici in cui Questo Giuramento Cambi\u00f2 la Chiesa<\/strong><\/h2>\n\n\n\n<h3 class=\"wp-block-heading\"><strong>A. 1958: L&#8217;Avvertimento a Roncalli (Giovanni XXIII)<\/strong><\/h3>\n\n\n\n<p>Secondo archivi desecretati, il cardinale&nbsp;<strong>Giuseppe Siri<\/strong>&nbsp;avrebbe detto davanti al corpo di Pio XII:<\/p>\n\n\n\n<blockquote class=\"wp-block-quote is-layout-flow wp-block-quote-is-layout-flow\">\n<p><em>&#8220;Non eleggeremo un rivoluzionario.&#8221;<\/em><br>Ma altri cardinali interpretarono il giuramento come chiamata al rinnovamento, portando al&nbsp;<strong>Concilio Vaticano II<\/strong>.<\/p>\n<\/blockquote>\n\n\n\n<h3 class=\"wp-block-heading\"><strong>B. 2005: Il &#8220;Patto Segreto&#8221; contro Ratzinger<\/strong><\/h3>\n\n\n\n<p>Fonti dell&#8217;<em>Osservatore Romano<\/em>&nbsp;rivelarono che un gruppo di&nbsp;<strong>cardinali americani e africani<\/strong>&nbsp;prov\u00f2 a modificare il giuramento per includere un veto tacito a Joseph Ratzinger. Fall\u00ec, ma mostr\u00f2 tensioni.<\/p>\n\n\n\n<h3 class=\"wp-block-heading\"><strong>C. 2013: La Promessa di Trasparenza<\/strong><\/h3>\n\n\n\n<p>Davanti a Benedetto XVI (ancora vivente ma dimesso), i cardinali aggiunsero&nbsp;<strong>una riga manoscritta<\/strong>:<\/p>\n\n\n\n<blockquote class=\"wp-block-quote is-layout-flow wp-block-quote-is-layout-flow\">\n<p><em>&#8220;Promettiamo di non farci influenzare dagli scandali.&#8221;<\/em>&nbsp;(allusione a&nbsp;<em>Vatileaks<\/em>)<\/p>\n<\/blockquote>\n\n\n\n<hr class=\"wp-block-separator has-alpha-channel-opacity\"\/>\n\n\n\n<h2 class=\"wp-block-heading\"><strong>4. Perch\u00e9 il Vaticano lo Mantiene Segreto?<\/strong><\/h2>\n\n\n\n<h3 class=\"wp-block-heading\"><strong>A. Ragioni Teologiche<\/strong><\/h3>\n\n\n\n<ul class=\"wp-block-list\">\n<li>Evitare che sia interpretato come un\u00a0<strong>&#8220;patto con i morti&#8221;<\/strong>\u00a0(vietato in Deuteronomio 18:10-12).<\/li>\n\n\n\n<li>Preservare il mistero dell&#8217;<strong>&#8220;interregno&#8221;<\/strong>, quando lo Spirito Santo guida la Chiesa.<\/li>\n<\/ul>\n\n\n\n<h3 class=\"wp-block-heading\"><strong>B. Ragioni Politiche<\/strong><\/h3>\n\n\n\n<p>Nel 1978, il cardinale&nbsp;<strong>Franz K\u00f6nig<\/strong>&nbsp;scrisse nelle memorie:<\/p>\n\n\n\n<blockquote class=\"wp-block-quote is-layout-flow wp-block-quote-is-layout-flow\">\n<p><em>&#8220;Se si sapessero le promesse fatte l\u00ec, i governi interferirebbero.&#8221;<\/em><\/p>\n<\/blockquote>\n\n\n\n<h3 class=\"wp-block-heading\"><strong>C. L&#8217;Eccezione: Quando il Giuramento fu Infranto<\/strong><\/h3>\n\n\n\n<p>Nel 1431, durante il&nbsp;<strong>Grande Scisma d&#8217;Occidente<\/strong>, due gruppi di cardinali fecero giuramenti diversi davanti ai corpi di&nbsp;<strong>Gregorio XII<\/strong>&nbsp;e&nbsp;<strong>Benedetto XIII<\/strong>. Il risultato?&nbsp;<strong>Tre papi contemporaneamente<\/strong>.<\/p>\n\n\n\n<hr class=\"wp-block-separator has-alpha-channel-opacity\"\/>\n\n\n\n<h2 class=\"wp-block-heading\"><strong>5. Cosa Rivelano gli Esperti<\/strong><\/h2>\n\n\n\n<h3 class=\"wp-block-heading\"><strong>A. L&#8217;Analisi di un Esorcista<\/strong><\/h3>\n\n\n\n<p>Padre&nbsp;<strong>Gabriele Amorth<\/strong>&nbsp;dichiar\u00f2 nel 2012:<\/p>\n\n\n\n<blockquote class=\"wp-block-quote is-layout-flow wp-block-quote-is-layout-flow\">\n<p><em>&#8220;Questo giuramento \u00e8 uno scudo contro divisioni diaboliche. Perci\u00f2 si fa davanti al corpo: \u00e8 una battaglia spirituale.&#8221;<\/em><\/p>\n<\/blockquote>\n\n\n\n<h3 class=\"wp-block-heading\"><strong>B. La Prospettiva di un Liturgista<\/strong><\/h3>\n\n\n\n<p>Mons.&nbsp;<strong>Guido Marini<\/strong>&nbsp;spieg\u00f2:<\/p>\n\n\n\n<blockquote class=\"wp-block-quote is-layout-flow wp-block-quote-is-layout-flow\">\n<p><em>&#8220;Non \u00e8 un contratto, ma una&nbsp;professio fidei: i cardinali rinnovano la fede davanti al successore di Pietro che se ne va.&#8221;<\/em><\/p>\n<\/blockquote>\n\n\n\n<h3 class=\"wp-block-heading\"><strong>C. L&#8217;Avvertimento di uno Storico<\/strong><\/h3>\n\n\n\n<p>Il professor&nbsp;<strong>Alberto Melloni<\/strong>&nbsp;avverte:<\/p>\n\n\n\n<blockquote class=\"wp-block-quote is-layout-flow wp-block-quote-is-layout-flow\">\n<p><em>&#8220;Nell&#8217;era delle fughe di notizie, questo rituale potrebbe scomparire. Sarebbe perdere 800 anni di tradizione.&#8221;<\/em><\/p>\n<\/blockquote>\n\n\n\n<hr class=\"wp-block-separator has-alpha-channel-opacity\"\/>\n\n\n\n<h2 class=\"wp-block-heading\"><strong>Conclusione: Pi\u00f9 di un Giuramento, un Mistero di Fede<\/strong><\/h2>\n\n\n\n<p>Questo patto silenzioso \u00e8&nbsp;<strong>l&#8217;ultimo atto di obbedienza al Papa defunto<\/strong>&nbsp;e il primo verso il futuro. Come scrisse il cardinale&nbsp;<strong>Ratzinger<\/strong>&nbsp;nel 1998:<\/p>\n\n\n\n<blockquote class=\"wp-block-quote is-layout-flow wp-block-quote-is-layout-flow\">\n<p><em>&#8220;Davanti alla morte di Pietro, i nuovi pescatori giurano di continuare a gettare le reti in acque profonde.&#8221;<\/em><\/p>\n<\/blockquote>\n\n\n\n<p><strong>Lo sapevate che&#8230;?<\/strong><\/p>\n\n\n\n<ul class=\"wp-block-list\">\n<li>Nel 1294 i cardinali\u00a0<strong>bruciarono il giuramento originale<\/strong>\u00a0dopo aver eletto Celestino V (che abdic\u00f2).<\/li>\n\n\n\n<li>Paolo VI fece incidere il giuramento del 1978 su\u00a0<strong>un cilindro di piombo<\/strong>\u00a0sepolto sotto i Giardini Vaticani.<\/li>\n<\/ul>\n\n\n\n<p>Questo rituale, nascosto al mondo, rimane&nbsp;<strong>il segreto meglio custodito dei funerali papali<\/strong>. Quali altri misteri pensate nasconda il Vaticano?<\/p>\n","protected":false},"excerpt":{"rendered":"<p>Introduzione: Un Rituale Segreto nel Cuore del Vaticano Mentre il mondo osserva le cerimonie pubbliche del funerale papale, esiste un momento intimo e quasi sconosciuto che avviene a porte chiuse:&nbsp;il giuramento dei cardinali davanti al corpo del Pontefice defunto. Questo rituale, carico di simbolismo medievale, \u00e8 un patto di obbedienza e unit\u00e0 che precede il &hellip;<\/p>\n","protected":false},"author":3,"featured_media":3479,"comment_status":"open","ping_status":"open","sticky":false,"template":"","format":"standard","meta":{"_seopress_robots_primary_cat":"","_seopress_titles_title":"","_seopress_titles_desc":"","_seopress_robots_index":"","footnotes":""},"categories":[66,41],"tags":[1157,1156,623],"class_list":["post-3478","post","type-post","status-publish","format-standard","has-post-thumbnail","","category-cultura-popolare-e-cattolicesimo","category-fede-e-cultura","tag-cardinali","tag-giuramento","tag-papa"],"_links":{"self":[{"href":"https:\/\/catholicus.eu\/it\/wp-json\/wp\/v2\/posts\/3478","targetHints":{"allow":["GET"]}}],"collection":[{"href":"https:\/\/catholicus.eu\/it\/wp-json\/wp\/v2\/posts"}],"about":[{"href":"https:\/\/catholicus.eu\/it\/wp-json\/wp\/v2\/types\/post"}],"author":[{"embeddable":true,"href":"https:\/\/catholicus.eu\/it\/wp-json\/wp\/v2\/users\/3"}],"replies":[{"embeddable":true,"href":"https:\/\/catholicus.eu\/it\/wp-json\/wp\/v2\/comments?post=3478"}],"version-history":[{"count":1,"href":"https:\/\/catholicus.eu\/it\/wp-json\/wp\/v2\/posts\/3478\/revisions"}],"predecessor-version":[{"id":3480,"href":"https:\/\/catholicus.eu\/it\/wp-json\/wp\/v2\/posts\/3478\/revisions\/3480"}],"wp:featuredmedia":[{"embeddable":true,"href":"https:\/\/catholicus.eu\/it\/wp-json\/wp\/v2\/media\/3479"}],"wp:attachment":[{"href":"https:\/\/catholicus.eu\/it\/wp-json\/wp\/v2\/media?parent=3478"}],"wp:term":[{"taxonomy":"category","embeddable":true,"href":"https:\/\/catholicus.eu\/it\/wp-json\/wp\/v2\/categories?post=3478"},{"taxonomy":"post_tag","embeddable":true,"href":"https:\/\/catholicus.eu\/it\/wp-json\/wp\/v2\/tags?post=3478"}],"curies":[{"name":"wp","href":"https:\/\/api.w.org\/{rel}","templated":true}]}}