{"id":3456,"date":"2025-04-24T23:47:16","date_gmt":"2025-04-24T21:47:16","guid":{"rendered":"https:\/\/catholicus.eu\/it\/?p=3456"},"modified":"2025-04-24T23:47:16","modified_gmt":"2025-04-24T21:47:16","slug":"lalleanza-santa-il-servizio-segreto-vaticano-che-combatteva-nellombra-per-la-luce","status":"publish","type":"post","link":"https:\/\/catholicus.eu\/it\/lalleanza-santa-il-servizio-segreto-vaticano-che-combatteva-nellombra-per-la-luce\/","title":{"rendered":"L\u2019Alleanza Santa: Il servizio segreto vaticano che combatteva nell\u2019ombra per la luce"},"content":{"rendered":"\n<h3 class=\"wp-block-heading\">Introduzione: Mistero, fede e potere spirituale<\/h3>\n\n\n\n<p>Nei silenziosi corridoi del Vaticano, dove la storia e l\u2019eternit\u00e0 sembrano intrecciarsi, esisteva per secoli un\u2019organizzazione di cui pochi conoscevano l\u2019esistenza e ancor meno ne comprendevano la missione: <strong>L\u2019Alleanza Santa<\/strong>, il servizio segreto del Papa. Non si trattava di un\u2019agenzia in stile hollywoodiano, ma di una <strong>sentinella silenziosa della fede<\/strong>, uno scudo invisibile che proteggeva non solo il Pontefice, ma la Chiesa stessa da minacce esterne e interne.<\/p>\n\n\n\n<p>Ma cosa c\u2019entra tutto questo con te, caro lettore, che forse desideri comprendere meglio la tua fede, riconoscere il tuo ruolo nel mondo e restare saldo in questi tempi turbolenti?<\/p>\n\n\n\n<p>Questo articolo \u00e8 un <strong>viaggio nel tempo<\/strong>, ma anche una <strong>guida per comprendere come un \u201cpatto segreto\u201d possa insegnarci ad essere coraggiosi, vigilanti e fedeli in un mondo dove la verit\u00e0 \u00e8 sotto attacco continuo<\/strong>.<\/p>\n\n\n\n<hr class=\"wp-block-separator has-alpha-channel-opacity\"\/>\n\n\n\n<h3 class=\"wp-block-heading\">1. Che cos\u2019era l\u2019Alleanza Santa?<\/h3>\n\n\n\n<p>L\u2019Alleanza Santa (in italiano <em>Santa Alleanza<\/em>, conosciuta anche come <em>L\u2019Ente<\/em> o il <em>Servizio Segreto del Papa<\/em>) era un\u2019organizzazione di intelligence vaticana, le cui origini, secondo alcune fonti, risalgono al XVI secolo o persino prima. Fu ufficialmente istituita da Papa Pio V nel XVI secolo per contrastare l\u2019espansione del protestantesimo e proteggere il Papa da minacce fisiche, politiche e spirituali. Questa organizzazione operava con il massimo della discrezione.<\/p>\n\n\n\n<p>I suoi agenti erano, secondo le testimonianze, sacerdoti, laici devoti, diplomatici e religiosi, con missioni ben definite: <strong>infiltrarsi, osservare, intervenire\u2026 e pregare<\/strong>.<\/p>\n\n\n\n<p>Non portavano armi, ma rosari, abiti religiosi e una fedelt\u00e0 incrollabile al Vicario di Cristo. Il loro combattimento era spirituale, ma anche molto concreto: <strong>proteggere documenti, sventare complotti, individuare movimenti anticattolici, scoprire eresie e clero corrotto<\/strong>.<\/p>\n\n\n\n<hr class=\"wp-block-separator has-alpha-channel-opacity\"\/>\n\n\n\n<h3 class=\"wp-block-heading\">2. Una storia nascosta: quando la fede si difende nel silenzio<\/h3>\n\n\n\n<h4 class=\"wp-block-heading\">Origini in tempi di guerra spirituale<\/h4>\n\n\n\n<p>Dopo il Concilio di Trento (1545\u20131563), in piena Riforma protestante, il Vaticano comprese che la battaglia per le anime si combatteva anche sul campo dell\u2019informazione. Papa Pio V, domenicano e uomo di profonda preghiera, consolid\u00f2 questo servizio speciale, convinto che non bastasse predicare: <strong>la Chiesa doveva anche proteggersi da attacchi sottili e nemici interni<\/strong>.<\/p>\n\n\n\n<p>Nel corso dei secoli, l\u2019Alleanza Santa assunse nomi e forme diverse. Nei secoli della secolarizzazione, XIX e XX secolo, si oppose a massoni, nazisti, comunisti \u2013 e anche a minacce sorte all\u2019interno della stessa Curia romana.<\/p>\n\n\n\n<h4 class=\"wp-block-heading\">Aneddoto: la spia confessore<\/h4>\n\n\n\n<p>Si racconta che un gesuita, confessore e al contempo agente dell\u2019Alleanza Santa, scopr\u00ec un complotto per avvelenare Papa Leone XIII ascoltando la confessione di un cuoco vaticano. Non viol\u00f2 il sigillo sacramentale, ma riusc\u00ec per vie indirette a impedire l\u2019attentato. <strong>Cos\u00ec operavano: con prudenza, discrezione e zelo per la verit\u00e0<\/strong>.<\/p>\n\n\n\n<hr class=\"wp-block-separator has-alpha-channel-opacity\"\/>\n\n\n\n<h3 class=\"wp-block-heading\">3. La teologia della vigilanza: \u201cVegliate e pregate\u201d<\/h3>\n\n\n\n<p>Ges\u00f9 fu chiaro:<\/p>\n\n\n\n<blockquote class=\"wp-block-quote is-layout-flow wp-block-quote-is-layout-flow\">\n<p><strong>\u201cVegliate e pregate per non entrare in tentazione; lo spirito \u00e8 pronto, ma la carne \u00e8 debole.\u201d<\/strong> (Matteo 26,41)<\/p>\n<\/blockquote>\n\n\n\n<p>Questo ammonimento \u00e8 <strong>il cuore teologico dell\u2019Alleanza Santa<\/strong>. I suoi membri sapevano che la battaglia spirituale non si combatteva solo sugli altari, ma anche nei centri di potere, nei media, nelle universit\u00e0, nelle menti.<\/p>\n\n\n\n<p>L\u2019Alleanza Santa incarnava una <strong>dimensione dimenticata del Vangelo: la vigilanza spirituale<\/strong>. Non paranoia o controllo, ma <strong>custodia del deposito della fede<\/strong>. San Paolo invita ad indossare l\u2019armatura di Dio (Efesini 6,10\u201317). Questa organizzazione fu in senso pieno <strong>\u201cun esercito invisibile\u201d<\/strong> che ogni giorno indossava quell\u2019armatura.<\/p>\n\n\n\n<hr class=\"wp-block-separator has-alpha-channel-opacity\"\/>\n\n\n\n<h3 class=\"wp-block-heading\">4. Esiste ancora oggi?<\/h3>\n\n\n\n<p>Ufficialmente, l\u2019Alleanza Santa fu soppressa da Papa Paolo VI negli anni Settanta, durante una riforma delle strutture di sicurezza vaticane. Fu sostituita dall\u2019attuale <strong>Servizio di Informazione e Sicurezza del Vaticano<\/strong>, un\u2019istituzione molto pi\u00f9 formale.<\/p>\n\n\n\n<p>Tuttavia, <strong>l\u2019idea teologica dietro l\u2019Alleanza Santa \u00e8 ancora viva<\/strong>. In un mondo dove le minacce alla fede aumentano \u2013 non pi\u00f9 con le spade, ma con le leggi, le ideologie e il relativismo \u2013 <strong>ogni battezzato \u00e8 chiamato a far parte di questa nuova \u201calleanza\u201d: coloro che vegliano, pregano e difendono la verit\u00e0.<\/strong><\/p>\n\n\n\n<hr class=\"wp-block-separator has-alpha-channel-opacity\"\/>\n\n\n\n<h3 class=\"wp-block-heading\">5. Applicazioni pratiche nella vita quotidiana: come diventare un membro spirituale dell\u2019Alleanza<\/h3>\n\n\n\n<h4 class=\"wp-block-heading\">a) Vivi nella vigilanza: Impara a discernere<\/h4>\n\n\n\n<p>Non credere a tutto ci\u00f2 che vedi o senti. <strong>Discerni.<\/strong> Valuta idee, mode, tendenze. Chiediti: <strong>Mi avvicina a Cristo o me ne allontana? Quale spirito ci sta dietro?<\/strong><\/p>\n\n\n\n<h4 class=\"wp-block-heading\">b) Prega con intelligenza: Il Rosario \u00e8 la tua arma<\/h4>\n\n\n\n<p>Come gli agenti dell\u2019Alleanza Santa, fai del <strong>Rosario la tua spada spirituale<\/strong>. Papa Pio V, fondatore dell\u2019organizzazione, lo promosse come arma contro il male. Non sottovalutarlo.<\/p>\n\n\n\n<h4 class=\"wp-block-heading\">c) Forma la tua mente: Conosci la tua fede<\/h4>\n\n\n\n<p>L\u2019ignoranza \u00e8 <strong>una delle porte principali da cui entra l\u2019errore<\/strong>. Leggi il Catechismo, studia la dottrina della Chiesa, usa fonti fedeli. La vera resistenza nasce nella mente.<\/p>\n\n\n\n<h4 class=\"wp-block-heading\">d) Difendi la verit\u00e0 con amore<\/h4>\n\n\n\n<p>Quando vedi ingiustizie, errori dottrinali o sacrilegi, <strong>non tacere<\/strong>, ma parla con carit\u00e0. Sii testimone della verit\u00e0, <strong>non un fanatico<\/strong>, ma una luce.<\/p>\n\n\n\n<h4 class=\"wp-block-heading\">e) Confida nella Provvidenza<\/h4>\n\n\n\n<p>L\u2019Alleanza Santa agiva nel silenzio, ma con fiducia. Sapevano che <strong>tutto dipende da Dio<\/strong>. Noi facciamo la nostra parte, ma <strong>\u00e8 Lui che salva<\/strong>. Anche questo fa parte del combattimento spirituale.<\/p>\n\n\n\n<hr class=\"wp-block-separator has-alpha-channel-opacity\"\/>\n\n\n\n<h3 class=\"wp-block-heading\">6. Conclusione: Un appello alle sentinelle del nostro tempo<\/h3>\n\n\n\n<p>Forse non entrerai mai a far parte di un\u2019organizzazione segreta. Ma se ami la verit\u00e0, vivi nella vigilanza, preghi e formi la tua anima nella fedelt\u00e0 a Cristo e alla sua Chiesa, <strong>sei gi\u00e0 parte di questa Alleanza Santa spirituale.<\/strong><\/p>\n\n\n\n<p>In tempi di confusione abbiamo bisogno pi\u00f9 che mai di <strong>uomini e donne pronti a custodire il deposito della fede<\/strong>, che sappiano riconoscere che \u00e8 in atto una battaglia \u2013 <strong>non con l\u2019odio, ma con la luce.<\/strong><\/p>\n\n\n\n<blockquote class=\"wp-block-quote is-layout-flow wp-block-quote-is-layout-flow\">\n<p><strong>\u201cNon lasciarti vincere dal male, ma vinci il male con il bene.\u201d<\/strong> (Romani 12,21)<\/p>\n<\/blockquote>\n\n\n\n<hr class=\"wp-block-separator has-alpha-channel-opacity\"\/>\n\n\n\n<h3 class=\"wp-block-heading\">GUIDA PRATICA PASTORALE: Come vivere da membro spirituale dell\u2019Alleanza Santa<\/h3>\n\n\n\n<figure class=\"wp-block-table\"><table class=\"has-fixed-layout\"><thead><tr><th>Ambito<\/th><th>Azione concreta<\/th><th>Risorsa consigliata<\/th><\/tr><\/thead><tbody><tr><td>Preghiera<\/td><td>Recita quotidiana del Rosario<\/td><td>\u201cIl segreto meraviglioso del Santo Rosario\u201d \u2013 San Luigi Maria Grignion de Montfort<\/td><\/tr><tr><td>Studio<\/td><td>Lettura quotidiana (15 min) di teologia cattolica tradizionale<\/td><td>Catechismo di San Pio X, Dottrina di San Tommaso d\u2019Aquino<\/td><\/tr><tr><td>Vigilanza<\/td><td>Verifica settimanale dei contenuti consumati<\/td><td>Diario spirituale, esame dei media<\/td><\/tr><tr><td>Apologetica<\/td><td>Correggi con carit\u00e0 gli errori dottrinali<\/td><td>Manuali di apologetica tradizionale<\/td><\/tr><tr><td>Vita sacramentale<\/td><td>Confessione mensile, Messa domenicale (o quotidiana)<\/td><td>Parrocchia tradizionale o comunit\u00e0 fedele al Magistero<\/td><\/tr><tr><td>Digiuno e penitenza<\/td><td>Un giorno settimanale di astinenza o digiuno per la Chiesa<\/td><td>Mercoled\u00ec o venerd\u00ec, secondo la tradizione<\/td><\/tr><\/tbody><\/table><\/figure>\n\n\n\n<hr class=\"wp-block-separator has-alpha-channel-opacity\"\/>\n\n\n\n<h3 class=\"wp-block-heading\">E tu?<\/h3>\n\n\n\n<p>Sei pronto a essere una sentinella della fede nel nostro tempo?<\/p>\n\n\n\n<p>L\u2019Alleanza Santa forse non ha pi\u00f9 una sede in Vaticano\u2026<br><strong>ma forse ora ce l\u2019ha nel tuo cuore.<\/strong><\/p>\n\n\n\n<p><strong>Veglia, prega e difendi la verit\u00e0!<\/strong><\/p>\n","protected":false},"excerpt":{"rendered":"<p>Introduzione: Mistero, fede e potere spirituale Nei silenziosi corridoi del Vaticano, dove la storia e l\u2019eternit\u00e0 sembrano intrecciarsi, esisteva per secoli un\u2019organizzazione di cui pochi conoscevano l\u2019esistenza e ancor meno ne comprendevano la missione: L\u2019Alleanza Santa, il servizio segreto del Papa. Non si trattava di un\u2019agenzia in stile hollywoodiano, ma di una sentinella silenziosa della &hellip;<\/p>\n","protected":false},"author":3,"featured_media":3457,"comment_status":"open","ping_status":"open","sticky":false,"template":"","format":"standard","meta":{"_seopress_robots_primary_cat":"","_seopress_titles_title":"","_seopress_titles_desc":"","_seopress_robots_index":"","footnotes":""},"categories":[48,38],"tags":[1150],"class_list":["post-3456","post","type-post","status-publish","format-standard","has-post-thumbnail","","category-storia-della-chiesa","category-storia-e-tradizione","tag-alleanza-santa"],"_links":{"self":[{"href":"https:\/\/catholicus.eu\/it\/wp-json\/wp\/v2\/posts\/3456","targetHints":{"allow":["GET"]}}],"collection":[{"href":"https:\/\/catholicus.eu\/it\/wp-json\/wp\/v2\/posts"}],"about":[{"href":"https:\/\/catholicus.eu\/it\/wp-json\/wp\/v2\/types\/post"}],"author":[{"embeddable":true,"href":"https:\/\/catholicus.eu\/it\/wp-json\/wp\/v2\/users\/3"}],"replies":[{"embeddable":true,"href":"https:\/\/catholicus.eu\/it\/wp-json\/wp\/v2\/comments?post=3456"}],"version-history":[{"count":1,"href":"https:\/\/catholicus.eu\/it\/wp-json\/wp\/v2\/posts\/3456\/revisions"}],"predecessor-version":[{"id":3458,"href":"https:\/\/catholicus.eu\/it\/wp-json\/wp\/v2\/posts\/3456\/revisions\/3458"}],"wp:featuredmedia":[{"embeddable":true,"href":"https:\/\/catholicus.eu\/it\/wp-json\/wp\/v2\/media\/3457"}],"wp:attachment":[{"href":"https:\/\/catholicus.eu\/it\/wp-json\/wp\/v2\/media?parent=3456"}],"wp:term":[{"taxonomy":"category","embeddable":true,"href":"https:\/\/catholicus.eu\/it\/wp-json\/wp\/v2\/categories?post=3456"},{"taxonomy":"post_tag","embeddable":true,"href":"https:\/\/catholicus.eu\/it\/wp-json\/wp\/v2\/tags?post=3456"}],"curies":[{"name":"wp","href":"https:\/\/api.w.org\/{rel}","templated":true}]}}