{"id":3441,"date":"2025-04-23T21:45:03","date_gmt":"2025-04-23T19:45:03","guid":{"rendered":"https:\/\/catholicus.eu\/it\/?p=3441"},"modified":"2025-04-23T21:45:03","modified_gmt":"2025-04-23T19:45:03","slug":"lobolo-di-san-pietro-la-fede-che-si-fa-dono","status":"publish","type":"post","link":"https:\/\/catholicus.eu\/it\/lobolo-di-san-pietro-la-fede-che-si-fa-dono\/","title":{"rendered":"L\u2019Obolo di San Pietro: La fede che si fa dono"},"content":{"rendered":"\n<p><em>\u00abSe hai un dono, donalo. Se possiedi qualcosa, offrilo. Se hai solo il tuo cuore, offrilo a Dio.\u00bb<\/em><br>\u2014 Sant\u2019Agostino<\/p>\n\n\n\n<hr class=\"wp-block-separator has-alpha-channel-opacity\"\/>\n\n\n\n<h3 class=\"wp-block-heading\">Introduzione: Il piccolo dono che sostiene una grande Chiesa<\/h3>\n\n\n\n<p>Viviamo in un mondo in cui tutto viene misurato in base all\u2019utilit\u00e0 immediata. Ma al centro della fede cattolica ci sono gesti silenziosi e umili \u2013 apparentemente insignificanti \u2013 che sorreggono il peso eterno della Chiesa. Uno di questi gesti \u00e8 <strong>l\u2019Obolo di San Pietro<\/strong>: un piccolo contributo materiale che esprime una profonda comunione spirituale con il Successore di Pietro e con la missione universale della Chiesa.<\/p>\n\n\n\n<p>Questo articolo \u00e8 una guida spirituale, storica e pastorale a questa antica pratica \u2013 sempre attuale \u2013 non solo per comprenderne l\u2019origine e il significato, ma per riscoprire come azioni concrete \u2013 anche economiche \u2013 possano diventare autentiche espressioni di fede, unit\u00e0 e carit\u00e0.<\/p>\n\n\n\n<hr class=\"wp-block-separator has-alpha-channel-opacity\"\/>\n\n\n\n<h2 class=\"wp-block-heading\">1. Che cos\u2019\u00e8 l\u2019Obolo di San Pietro?<\/h2>\n\n\n\n<p>L\u2019Obolo di San Pietro \u2013 anche noto come <em>Peter\u2019s Pence<\/em> \u2013 \u00e8 il sostegno economico che i fedeli offrono direttamente al Papa per promuovere le opere caritative, gli aiuti umanitari e le attivit\u00e0 pastorali della Chiesa universale.<\/p>\n\n\n\n<p>Ma ridurlo a una semplice offerta sarebbe un errore. Al cuore, l\u2019Obolo \u00e8 un\u2019espressione di comunione con il Papa in quanto Vicario di Cristo \u2013 un modo concreto per sostenere colui che guida la barca di Pietro nei mari agitati del mondo.<\/p>\n\n\n\n<hr class=\"wp-block-separator has-alpha-channel-opacity\"\/>\n\n\n\n<h2 class=\"wp-block-heading\">2. Uno sguardo alla storia: dal denaro all\u2019Obolo<\/h2>\n\n\n\n<h3 class=\"wp-block-heading\">Origini bibliche e patristiche<\/h3>\n\n\n\n<p>Le origini dell\u2019Obolo risalgono ai primi secoli del cristianesimo. Nella seconda Lettera ai Corinzi, san Paolo esorta le comunit\u00e0 cristiane a sostenere economicamente la Chiesa di Gerusalemme, che attraversava un momento di grave necessit\u00e0:<\/p>\n\n\n\n<blockquote class=\"wp-block-quote is-layout-flow wp-block-quote-is-layout-flow\">\n<p>\u00abCiascuno dia secondo quanto ha deciso nel suo cuore, non con tristezza n\u00e9 per forza, perch\u00e9 Dio ama chi dona con gioia.\u00bb<br><em>(2 Corinzi 9,7)<\/em><\/p>\n<\/blockquote>\n\n\n\n<p>Questa pratica di sostenere la Chiesa attraverso l\u2019elemosina per i poveri \u00e8 stata una costante. Con il tempo, questo sostegno ha cominciato a rivolgersi anche al Successore di Pietro, quale capo visibile della Chiesa.<\/p>\n\n\n\n<h3 class=\"wp-block-heading\">Medioevo: il consolidamento della tradizione<\/h3>\n\n\n\n<p>Nel Medioevo, in particolare sotto l\u2019Impero carolingio, i re cristiani iniziarono a inviare regolarmente offerte al Papa. Questa consuetudine fu poi istituzionalizzata e resa accessibile anche ai fedeli.<\/p>\n\n\n\n<p>Nell\u2019VIII secolo, il re Offa di Mercia (in Inghilterra) introdusse ufficialmente il <em>Peter\u2019s Pence<\/em> \u2013 un tributo annuale al Papa come segno di fedelt\u00e0 e unit\u00e0 con Roma. Da qui deriva il termine <em>obolo<\/em>: una piccola moneta che rappresenta una grande fedelt\u00e0.<\/p>\n\n\n\n<h3 class=\"wp-block-heading\">Et\u00e0 moderna e contemporaneit\u00e0<\/h3>\n\n\n\n<p>Papa Pio IX riprese e formalizz\u00f2 questa pratica nel 1871, in particolare per sostenere il Papa dopo la perdita dello Stato Pontificio. Oggi, questa raccolta avviene in tutto il mondo intorno al 29 giugno \u2013 solennit\u00e0 dei santi Apostoli Pietro e Paolo.<\/p>\n\n\n\n<hr class=\"wp-block-separator has-alpha-channel-opacity\"\/>\n\n\n\n<h2 class=\"wp-block-heading\">3. L\u2019Obolo come atto teologico: pi\u00f9 di un gesto economico<\/h2>\n\n\n\n<h3 class=\"wp-block-heading\">a. Un atto di comunione<\/h3>\n\n\n\n<p>Quando un fedele offre l\u2019Obolo, non si tratta di una semplice donazione: testimonia la propria unit\u00e0 con il Papa, con la Chiesa universale e con le sofferenze di innumerevoli fratelli e sorelle nel bisogno. \u00c8 un\u2019espressione vissuta della cattolicit\u00e0.<\/p>\n\n\n\n<h3 class=\"wp-block-heading\">b. Un atto di fede incarnata<\/h3>\n\n\n\n<p>La fede cattolica non \u00e8 astratta. \u00c8 incarnata \u2013 si fa carne. Questo vale anche per l\u2019uso dei nostri beni, del nostro tempo, dei nostri talenti\u2026 e s\u00ec, anche del nostro denaro. L\u2019Obolo \u00e8 un modo concreto per rendere visibile il nostro \u201cs\u00ec\u201d a Cristo.<\/p>\n\n\n\n<h3 class=\"wp-block-heading\">c. Un atto di carit\u00e0<\/h3>\n\n\n\n<p>I fondi raccolti attraverso l\u2019Obolo vengono utilizzati per molteplici opere umanitarie: aiuti alle vittime di disastri naturali, sostegno a Chiese perseguitate, progetti educativi, ospedali, missioni. Attraverso l\u2019Obolo, diventiamo le mani del Papa che consolano e curano.<\/p>\n\n\n\n<hr class=\"wp-block-separator has-alpha-channel-opacity\"\/>\n\n\n\n<h2 class=\"wp-block-heading\">4. Obiezioni comuni\u2026 e risposte spirituali<\/h2>\n\n\n\n<p><strong>\u00abIl Vaticano non ha gi\u00e0 abbastanza denaro?\u00bb<\/strong><\/p>\n\n\n\n<p>La questione non \u00e8 quanto possieda la Chiesa, ma quanto siamo disposti a dare. L\u2019Obolo \u00e8, prima di tutto, un atto spirituale. Come per la vedova del Vangelo, non conta l\u2019importo, ma il cuore con cui si offre:<\/p>\n\n\n\n<blockquote class=\"wp-block-quote is-layout-flow wp-block-quote-is-layout-flow\">\n<p>\u00abQuesta vedova, cos\u00ec povera, ha dato pi\u00f9 di tutti gli altri\u2026 Essa infatti, nella sua miseria, ha dato tutto quello che aveva, tutto quanto aveva per vivere.\u00bb<br><em>(Marco 12,43\u201344)<\/em><\/p>\n<\/blockquote>\n\n\n\n<p><strong>\u00abE se non mi fido di come vengono usati i soldi?\u00bb<\/strong><\/p>\n\n\n\n<p>La trasparenza \u00e8 importante, ma non deve paralizzarci. L\u2019Obolo \u00e8, anzitutto, un\u2019offerta a Dio e alla Sua Chiesa. Puoi offrirlo con un\u2019intenzione precisa e pregare affinch\u00e9 venga amministrato con giustizia. La fiducia cresce anche nel fare.<\/p>\n\n\n\n<p><strong>\u00abUn piccolo dono fa davvero la differenza?\u00bb<\/strong><\/p>\n\n\n\n<p>Dio non misura in euro o dollari. Un piccolo dono, offerto nella fede, pu\u00f2 essere pi\u00f9 potente di una grande somma priva di amore. Ogni moneta donata con amore per la Chiesa e in comunione col Papa ha valore eterno.<\/p>\n\n\n\n<hr class=\"wp-block-separator has-alpha-channel-opacity\"\/>\n\n\n\n<h2 class=\"wp-block-heading\">5. Applicazioni pratiche: come vivere l\u2019Obolo nel quotidiano<\/h2>\n\n\n\n<h3 class=\"wp-block-heading\">a. Una spiritualit\u00e0 dell\u2019Obolo<\/h3>\n\n\n\n<ul class=\"wp-block-list\">\n<li><strong>Prega ogni giorno per il Papa.<\/strong> L\u2019Obolo comincia con la preghiera.<\/li>\n\n\n\n<li><strong>Rinuncia a una spesa superflua e offrila per l\u2019Obolo.<\/strong> Un modo concreto per fare spazio a Dio.<\/li>\n\n\n\n<li><strong>Informa e forma altri su questa pratica.<\/strong> Fai dell\u2019Obolo una catena di comunione.<\/li>\n<\/ul>\n\n\n\n<h3 class=\"wp-block-heading\">b. Partecipare alla raccolta del 29 giugno<\/h3>\n\n\n\n<ul class=\"wp-block-list\">\n<li>Segna la data sul calendario.<\/li>\n\n\n\n<li>Vivi quel giorno come una giornata di preghiera per la Chiesa universale.<\/li>\n\n\n\n<li>Insegna ai tuoi figli a donare \u2013 anche solo una moneta \u2013 e spiegane il significato.<\/li>\n<\/ul>\n\n\n\n<h3 class=\"wp-block-heading\">c. Donare ogni mese, non solo una volta all\u2019anno<\/h3>\n\n\n\n<ul class=\"wp-block-list\">\n<li>Anche se la raccolta ufficiale avviene una volta l\u2019anno, puoi impostare un\u2019offerta mensile per l\u2019Obolo.<\/li>\n\n\n\n<li>Collega questa offerta a un\u2019intenzione precisa: una causa, una diocesi in difficolt\u00e0, una missione, una preghiera.<\/li>\n<\/ul>\n\n\n\n<h3 class=\"wp-block-heading\">d. L\u2019obolo interiore<\/h3>\n\n\n\n<p>Non tutti gli \u201coboli\u201d sono monetari. Puoi offrire il tuo tempo, i tuoi talenti, le tue sofferenze \u2013 uniti a quelli del Papa e della Chiesa. Tutto pu\u00f2 diventare un \u201cObolo di San Pietro\u201d, se offerto per amore di Cristo.<\/p>\n\n\n\n<hr class=\"wp-block-separator has-alpha-channel-opacity\"\/>\n\n\n\n<h2 class=\"wp-block-heading\">6. L\u2019Obolo e la Chiesa del XXI secolo<\/h2>\n\n\n\n<p>In un\u2019epoca in cui la Chiesa \u00e8 criticata, perseguitata o fraintesa, l\u2019Obolo \u00e8 un gesto controcorrente. Esso proclama coraggiosamente: \u00abCredo nella Chiesa, credo nella sua missione e sto con Pietro.\u00bb<\/p>\n\n\n\n<p>In un mondo frammentato, sostenere il Papa \u00e8 un\u2019opera di unit\u00e0.<\/p>\n\n\n\n<p>In una societ\u00e0 che deride il sacro, un piccolo obolo \u00e8 un seme di eternit\u00e0.<\/p>\n\n\n\n<hr class=\"wp-block-separator has-alpha-channel-opacity\"\/>\n\n\n\n<h3 class=\"wp-block-heading\">Conclusione: L\u2019Obolo come segno profetico<\/h3>\n\n\n\n<p>L\u2019Obolo di San Pietro non \u00e8 una pratica devozionale del passato. \u00c8 una necessit\u00e0 viva del presente. In una Chiesa che soffre, che evangelizza, che serve\u2026 tu puoi essere parte attiva \u2013 con la tua preghiera, il tuo amore, la tua offerta.<\/p>\n\n\n\n<p>Non importa quanto hai. Ci\u00f2 che conta \u00e8 la tua fede. E che, come la vedova del Vangelo, tu metta nelle mani di Dio ci\u00f2 che possiedi: la tua fede, il tuo cuore\u2026 e s\u00ec, anche il tuo obolo.<\/p>\n\n\n\n<hr class=\"wp-block-separator has-alpha-channel-opacity\"\/>\n\n\n\n<p><strong>\u00abDov\u2019\u00e8 il tuo tesoro, l\u00e0 sar\u00e0 anche il tuo cuore.\u00bb<\/strong><br><em>(Matteo 6,21)<\/em><\/p>\n","protected":false},"excerpt":{"rendered":"<p>\u00abSe hai un dono, donalo. Se possiedi qualcosa, offrilo. Se hai solo il tuo cuore, offrilo a Dio.\u00bb\u2014 Sant\u2019Agostino Introduzione: Il piccolo dono che sostiene una grande Chiesa Viviamo in un mondo in cui tutto viene misurato in base all\u2019utilit\u00e0 immediata. Ma al centro della fede cattolica ci sono gesti silenziosi e umili \u2013 apparentemente &hellip;<\/p>\n","protected":false},"author":3,"featured_media":3442,"comment_status":"open","ping_status":"open","sticky":false,"template":"","format":"standard","meta":{"_seopress_robots_primary_cat":"","_seopress_titles_title":"","_seopress_titles_desc":"","_seopress_robots_index":"","footnotes":""},"categories":[53,39],"tags":[1144],"class_list":["post-3441","post","type-post","status-publish","format-standard","has-post-thumbnail","","category-dottrina-sociale-della-chiesa","category-morale-e-vita-cristiana","tag-obolo-di-san-pietro"],"_links":{"self":[{"href":"https:\/\/catholicus.eu\/it\/wp-json\/wp\/v2\/posts\/3441","targetHints":{"allow":["GET"]}}],"collection":[{"href":"https:\/\/catholicus.eu\/it\/wp-json\/wp\/v2\/posts"}],"about":[{"href":"https:\/\/catholicus.eu\/it\/wp-json\/wp\/v2\/types\/post"}],"author":[{"embeddable":true,"href":"https:\/\/catholicus.eu\/it\/wp-json\/wp\/v2\/users\/3"}],"replies":[{"embeddable":true,"href":"https:\/\/catholicus.eu\/it\/wp-json\/wp\/v2\/comments?post=3441"}],"version-history":[{"count":1,"href":"https:\/\/catholicus.eu\/it\/wp-json\/wp\/v2\/posts\/3441\/revisions"}],"predecessor-version":[{"id":3443,"href":"https:\/\/catholicus.eu\/it\/wp-json\/wp\/v2\/posts\/3441\/revisions\/3443"}],"wp:featuredmedia":[{"embeddable":true,"href":"https:\/\/catholicus.eu\/it\/wp-json\/wp\/v2\/media\/3442"}],"wp:attachment":[{"href":"https:\/\/catholicus.eu\/it\/wp-json\/wp\/v2\/media?parent=3441"}],"wp:term":[{"taxonomy":"category","embeddable":true,"href":"https:\/\/catholicus.eu\/it\/wp-json\/wp\/v2\/categories?post=3441"},{"taxonomy":"post_tag","embeddable":true,"href":"https:\/\/catholicus.eu\/it\/wp-json\/wp\/v2\/tags?post=3441"}],"curies":[{"name":"wp","href":"https:\/\/api.w.org\/{rel}","templated":true}]}}