{"id":3438,"date":"2025-04-23T19:04:12","date_gmt":"2025-04-23T17:04:12","guid":{"rendered":"https:\/\/catholicus.eu\/it\/?p=3438"},"modified":"2025-04-23T19:04:13","modified_gmt":"2025-04-23T17:04:13","slug":"il-silenzio-che-parla-al-mondo-la-bara-del-papa-e-il-suo-messaggio-eterno","status":"publish","type":"post","link":"https:\/\/catholicus.eu\/it\/il-silenzio-che-parla-al-mondo-la-bara-del-papa-e-il-suo-messaggio-eterno\/","title":{"rendered":"Il Silenzio che Parla al Mondo: La Bara del Papa e il Suo Messaggio Eterno"},"content":{"rendered":"\n<p>Quando un Papa muore, il mondo trattiene il respiro. Non solo perch\u00e9 si perde un pastore universale, ma perch\u00e9 la Chiesa si confronta di nuovo con il mistero ultimo della vita: la morte. In questo momento solenne, permeato di preghiera, storia e speranza, c\u2019\u00e8 un elemento che spesso passa inosservato \u2013 nel mezzo della cerimonia liturgica e della solennit\u00e0 della tradizione \u2013 e che tuttavia porta con s\u00e9 un significato teologico profondo: <strong>la bara del Papa<\/strong>.<\/p>\n\n\n\n<p>Questo articolo non svela solo gli elementi storici e simbolici di questo rito, ma offre anche una guida pastorale e spirituale su ci\u00f2 che <strong>la morte di un Papa<\/strong> insegna a ogni cristiano su <strong>umilt\u00e0, eternit\u00e0 e giudizio davanti a Dio<\/strong>. Ci\u00f2 che pu\u00f2 sembrare una semplice bara, \u00e8 in realt\u00e0 un catechismo silenzioso sulla fede e sul destino eterno dell\u2019uomo.<\/p>\n\n\n\n<hr class=\"wp-block-separator has-alpha-channel-opacity\"\/>\n\n\n\n<h2 class=\"wp-block-heading\">I. La Bara del Papa: Pi\u00f9 di un Semplice Legno<\/h2>\n\n\n\n<p>A differenza di molti funerali, quello del Papa non prevede una, ma <strong>tre bare<\/strong>, ciascuna con un proprio significato:<\/p>\n\n\n\n<h3 class=\"wp-block-heading\">1. La Prima Bara: <strong>Legno di Cipresso<\/strong><\/h3>\n\n\n\n<p>Il corpo del Papa viene inizialmente deposto in una semplice bara di legno di cipresso.<br><strong>Perch\u00e9 il cipresso?<\/strong><\/p>\n\n\n\n<ul class=\"wp-block-list\">\n<li>Simboleggia <strong>incorruttibilit\u00e0 e umilt\u00e0<\/strong>.<\/li>\n\n\n\n<li>Rappresenta <strong>la vita eterna<\/strong>, essendo un albero sempreverde.<\/li>\n\n\n\n<li>Ricorda che <strong>siamo tutti uguali davanti a Dio<\/strong>: \u201cPolvere tu sei e in polvere ritornerai\u201d (cfr. Genesi 3,19).<\/li>\n<\/ul>\n\n\n\n<p>Questa bara di cipresso \u00e8 anche espressione di <strong>povert\u00e0 evangelica<\/strong>, nello spirito di San Francesco d\u2019Assisi, e ci ricorda che neanche il successore di Pietro porta con s\u00e9 nulla.<\/p>\n\n\n\n<h3 class=\"wp-block-heading\">2. La Seconda Bara: <strong>Piombo<\/strong><\/h3>\n\n\n\n<p>All\u2019interno della bara di cipresso si colloca una seconda bara in piombo, sigillata ermeticamente.<br><strong>Che cosa significa?<\/strong><\/p>\n\n\n\n<ul class=\"wp-block-list\">\n<li><strong>Solidit\u00e0 e durata<\/strong>. Simboleggia la fermezza della dottrina e l\u2019immortalit\u00e0 dell\u2019eredit\u00e0 del Papa.<\/li>\n\n\n\n<li>Al suo interno vengono posti documenti importanti, come una copia del testamento e una breve biografia del pontificato.<\/li>\n<\/ul>\n\n\n\n<p>Il piombo, metallo durevole, ricorda che il magistero del Papa \u00e8 parte della Tradizione viva della Chiesa.<\/p>\n\n\n\n<h3 class=\"wp-block-heading\">3. La Terza Bara: <strong>Legno Nobile (di solito rovere o noce)<\/strong><\/h3>\n\n\n\n<p>Infine, l\u2019intera struttura viene racchiusa in una bara esterna di legno pregiato.<br>Questa \u00e8 la bara visibile durante la celebrazione funebre e rappresenta <strong>la dignit\u00e0 dell\u2019uomo<\/strong> e il rispetto per il corpo, tempio dello Spirito Santo (cfr. 1 Corinzi 6,19).<\/p>\n\n\n\n<hr class=\"wp-block-separator has-alpha-channel-opacity\"\/>\n\n\n\n<h2 class=\"wp-block-heading\">II. Il Mistero dei Tre Sacchetti di Velluto: Oro, Argento e Rame<\/h2>\n\n\n\n<p>Sopra o all\u2019interno della bara pi\u00f9 interna si collocano <strong>tre piccoli sacchetti di velluto<\/strong>, che contengono:<\/p>\n\n\n\n<ul class=\"wp-block-list\">\n<li><strong>Monete d\u2019oro<\/strong><\/li>\n\n\n\n<li><strong>Monete d\u2019argento<\/strong><\/li>\n\n\n\n<li><strong>Monete di rame<\/strong><\/li>\n<\/ul>\n\n\n\n<p>Non si tratta di elementi decorativi. Essi portano un significato simbolico profondo:<\/p>\n\n\n\n<ul class=\"wp-block-list\">\n<li><strong>L\u2019oro<\/strong> rappresenta i doni spirituali del pontificato.<\/li>\n\n\n\n<li><strong>L\u2019argento<\/strong> le virt\u00f9 pastorali e morali.<\/li>\n\n\n\n<li><strong>Il rame<\/strong> le sofferenze, le fatiche e le umiliazioni del Papa.<\/li>\n<\/ul>\n\n\n\n<p>Richiamano le parole di Ges\u00f9 nel Vangelo di Matteo:<\/p>\n\n\n\n<blockquote class=\"wp-block-quote is-layout-flow wp-block-quote-is-layout-flow\">\n<p>\u201cNon accumulate per voi tesori sulla terra&#8230; Accumulate invece tesori in cielo\u201d (Matteo 6,19-20).<\/p>\n<\/blockquote>\n\n\n\n<p>Questi sacchetti evocano la parabola dei talenti (cfr. Matteo 25,14\u201330): Il Papa, come servo del Signore, restituisce ci\u00f2 che gli \u00e8 stato affidato. Il messaggio \u00e8 chiaro: <strong>n\u00e9 l\u2019oro, n\u00e9 la fama, n\u00e9 il potere salvano. Solo la fedelt\u00e0 al Vangelo<\/strong>.<\/p>\n\n\n\n<hr class=\"wp-block-separator has-alpha-channel-opacity\"\/>\n\n\n\n<h2 class=\"wp-block-heading\">III. Significato Teologico e Pastorale<\/h2>\n\n\n\n<h3 class=\"wp-block-heading\">a. <strong>La Morte del Papa Parla a Tutti<\/strong><\/h3>\n\n\n\n<p>La morte del Papa ricorda alla Chiesa e al mondo che <strong>nessun incarico, neppure il pi\u00f9 alto sulla terra, sfugge al giudizio di Dio<\/strong>. La cerimonia \u00e8 come uno specchio spirituale che invita ciascuno a preparare la propria anima.<\/p>\n\n\n\n<p>Alla morte del Papa, egli diventa <strong>un semplice penitente<\/strong>, vestito con paramenti liturgici semplici, senza anello, senza mitra, senza potere.<\/p>\n\n\n\n<h3 class=\"wp-block-heading\">b. <strong>Applicazioni Spirituali per la Tua Vita<\/strong><\/h3>\n\n\n\n<p>Cosa puoi imparare tu, come cristiano comune, da questo rito?<\/p>\n\n\n\n<ul class=\"wp-block-list\">\n<li><strong>Umilt\u00e0 radicale<\/strong>: Vivi senza attaccamenti. Neppure il Papa porta nulla con s\u00e9. Cosa stai accumulando <em>tu<\/em>?<\/li>\n\n\n\n<li><strong>Conversione continua<\/strong>: Vivi ogni giorno come se fosse l\u2019ultimo.<\/li>\n\n\n\n<li><strong>Lascia una eredit\u00e0 spirituale<\/strong>: Pensa oltre il materiale \u2013 lascia fede, preghiera, servizio e amore.<\/li>\n<\/ul>\n\n\n\n<blockquote class=\"wp-block-quote is-layout-flow wp-block-quote-is-layout-flow\">\n<p>\u201cInfatti non abbiamo portato nulla nel mondo e nulla possiamo portare via\u201d (1 Timoteo 6,7).<\/p>\n<\/blockquote>\n\n\n\n<hr class=\"wp-block-separator has-alpha-channel-opacity\"\/>\n\n\n\n<h2 class=\"wp-block-heading\">IV. Una Guida Pastorale: Vivere in Vista della Fine<\/h2>\n\n\n\n<h3 class=\"wp-block-heading\">1. <strong>Medita spesso sulla morte<\/strong><\/h3>\n\n\n\n<p>Non con paura, ma con speranza. <em>Memento mori<\/em> non \u00e8 pessimismo, ma sapienza cristiana.<\/p>\n\n\n\n<h3 class=\"wp-block-heading\">2. <strong>Confessione regolare<\/strong><\/h3>\n\n\n\n<p>Come il Papa si prepara all\u2019incontro con Dio, anche tu vivi in grazia.<\/p>\n\n\n\n<h3 class=\"wp-block-heading\">3. <strong>Scrivi il tuo \u201ctestamento spirituale\u201d<\/strong><\/h3>\n\n\n\n<p>Pensa oltre al materiale. Quali valori, preghiere e insegnamenti vuoi lasciare ai tuoi figli, nipoti o comunit\u00e0?<\/p>\n\n\n\n<h3 class=\"wp-block-heading\">4. <strong>Offri le tue sofferenze<\/strong><\/h3>\n\n\n\n<p>Le monete di rame simboleggiano le prove del Papa. Unisci le tue sofferenze a quelle di Cristo per la salvezza del mondo.<\/p>\n\n\n\n<h3 class=\"wp-block-heading\">5. <strong>Prega per i defunti<\/strong><\/h3>\n\n\n\n<p>La morte del Papa ti richiama anche ai tuoi cari defunti. Prega per loro. Offri messe. Dona elemosine in loro nome.<\/p>\n\n\n\n<hr class=\"wp-block-separator has-alpha-channel-opacity\"\/>\n\n\n\n<h2 class=\"wp-block-heading\">V. La Bara come Omelia Vivente<\/h2>\n\n\n\n<p>In un mondo che rimuove e banalizza la morte, la bara papale \u00e8 un <strong>catechismo silenzioso<\/strong> che proclama:<\/p>\n\n\n\n<ul class=\"wp-block-list\">\n<li><strong>La dignit\u00e0 del corpo umano<\/strong><\/li>\n\n\n\n<li><strong>La speranza nella risurrezione<\/strong><\/li>\n\n\n\n<li><strong>La verit\u00e0 del giudizio<\/strong><\/li>\n\n\n\n<li><strong>La bellezza di un\u2019anima in grazia<\/strong><\/li>\n<\/ul>\n\n\n\n<p>L\u2019ultima dimora del Papa non \u00e8 una tomba. \u00c8 <strong>una porta verso il cielo<\/strong>.<\/p>\n\n\n\n<hr class=\"wp-block-separator has-alpha-channel-opacity\"\/>\n\n\n\n<h2 class=\"wp-block-heading\">Conclusione: \u201cNon Porta Nulla\u2026 Se Non la Sua Fede\u201d<\/h2>\n\n\n\n<p>Quando il Papa viene deposto nelle sue tre bare, circondato da preghiere, incenso e silenzio, non porta con s\u00e9 n\u00e9 ricchezze, n\u00e9 titoli, n\u00e9 onori.<\/p>\n\n\n\n<p>Solo la sua croce pettorale, il Vangelo e il giudizio di Dio.<\/p>\n\n\n\n<p><strong>E cos\u00ec dev\u2019essere anche per te.<\/strong><\/p>\n\n\n\n<p>Ricorda ogni giorno che anche tu \u2013 come il Papa \u2013 sei chiamato a lasciare una traccia di santit\u00e0, a costruire un\u2019eredit\u00e0 d\u2019amore e a morire povero di beni, ma ricco nello Spirito.<\/p>\n\n\n\n<blockquote class=\"wp-block-quote is-layout-flow wp-block-quote-is-layout-flow\">\n<p>\u201cHo combattuto la buona battaglia, ho terminato la corsa, ho conservato la fede\u201d (2 Timoteo 4,7).<\/p>\n<\/blockquote>\n\n\n\n<hr class=\"wp-block-separator has-alpha-channel-opacity\"\/>\n\n\n\n<p>Sei pronto a preparare il tuo cuore, come se anche tu un giorno \u2013 come il Papa \u2013 fossi deposto in una bara che parla al mondo?<\/p>\n\n\n\n<p>Perch\u00e9, in un certo senso\u2026 lo sarai.<\/p>\n","protected":false},"excerpt":{"rendered":"<p>Quando un Papa muore, il mondo trattiene il respiro. Non solo perch\u00e9 si perde un pastore universale, ma perch\u00e9 la Chiesa si confronta di nuovo con il mistero ultimo della vita: la morte. In questo momento solenne, permeato di preghiera, storia e speranza, c\u2019\u00e8 un elemento che spesso passa inosservato \u2013 nel mezzo della cerimonia &hellip;<\/p>\n","protected":false},"author":3,"featured_media":3439,"comment_status":"open","ping_status":"open","sticky":false,"template":"","format":"standard","meta":{"_seopress_robots_primary_cat":"","_seopress_titles_title":"","_seopress_titles_desc":"","_seopress_robots_index":"","footnotes":""},"categories":[48,38],"tags":[1143],"class_list":["post-3438","post","type-post","status-publish","format-standard","has-post-thumbnail","","category-storia-della-chiesa","category-storia-e-tradizione","tag-bara-del-papa"],"_links":{"self":[{"href":"https:\/\/catholicus.eu\/it\/wp-json\/wp\/v2\/posts\/3438","targetHints":{"allow":["GET"]}}],"collection":[{"href":"https:\/\/catholicus.eu\/it\/wp-json\/wp\/v2\/posts"}],"about":[{"href":"https:\/\/catholicus.eu\/it\/wp-json\/wp\/v2\/types\/post"}],"author":[{"embeddable":true,"href":"https:\/\/catholicus.eu\/it\/wp-json\/wp\/v2\/users\/3"}],"replies":[{"embeddable":true,"href":"https:\/\/catholicus.eu\/it\/wp-json\/wp\/v2\/comments?post=3438"}],"version-history":[{"count":1,"href":"https:\/\/catholicus.eu\/it\/wp-json\/wp\/v2\/posts\/3438\/revisions"}],"predecessor-version":[{"id":3440,"href":"https:\/\/catholicus.eu\/it\/wp-json\/wp\/v2\/posts\/3438\/revisions\/3440"}],"wp:featuredmedia":[{"embeddable":true,"href":"https:\/\/catholicus.eu\/it\/wp-json\/wp\/v2\/media\/3439"}],"wp:attachment":[{"href":"https:\/\/catholicus.eu\/it\/wp-json\/wp\/v2\/media?parent=3438"}],"wp:term":[{"taxonomy":"category","embeddable":true,"href":"https:\/\/catholicus.eu\/it\/wp-json\/wp\/v2\/categories?post=3438"},{"taxonomy":"post_tag","embeddable":true,"href":"https:\/\/catholicus.eu\/it\/wp-json\/wp\/v2\/tags?post=3438"}],"curies":[{"name":"wp","href":"https:\/\/api.w.org\/{rel}","templated":true}]}}