{"id":3313,"date":"2025-04-18T01:11:05","date_gmt":"2025-04-17T23:11:05","guid":{"rendered":"https:\/\/catholicus.eu\/it\/?p=3313"},"modified":"2025-04-18T01:11:05","modified_gmt":"2025-04-17T23:11:05","slug":"perche-la-data-di-pasqua-cambia-ogni-anno-scopri-il-mistero-del-calendario-pasquale-e-il-suo-potente-messaggio-spirituale","status":"publish","type":"post","link":"https:\/\/catholicus.eu\/it\/perche-la-data-di-pasqua-cambia-ogni-anno-scopri-il-mistero-del-calendario-pasquale-e-il-suo-potente-messaggio-spirituale\/","title":{"rendered":"Perch\u00e9 la data di Pasqua cambia ogni anno? Scopri il mistero del calendario pasquale e il suo potente messaggio spirituale"},"content":{"rendered":"\n<h2 class=\"wp-block-heading\">Introduzione: Un mistero che si ripete ogni anno<\/h2>\n\n\n\n<p>Perch\u00e9 celebriamo la Pasqua in una data diversa ogni anno? Perch\u00e9 a volte cade a marzo e altre ad aprile? Perch\u00e9 non coincide sempre con la Pasqua ortodossa? Sono domande che molti cattolici si pongono, senza sapere che dietro queste variazioni si nascondono secoli di storia, complessi calcoli astronomici e un profondo messaggio spirituale. In questo articolo esploreremo il mondo affascinante del <strong>calendario pasquale<\/strong>, analizzandone le origini, lo sviluppo, la dimensione teologica e la rilevanza per la nostra fede oggi.<\/p>\n\n\n\n<hr class=\"wp-block-separator has-alpha-channel-opacity\"\/>\n\n\n\n<h2 class=\"wp-block-heading\">I. L&#8217;origine del calendario pasquale: tra storia e rivelazione<\/h2>\n\n\n\n<h3 class=\"wp-block-heading\">1. La Pasqua ebraica: il punto di partenza<\/h3>\n\n\n\n<p>Tutto comincia con la <strong>Pasqua ebraica (Pesach)<\/strong>, che commemora la liberazione del popolo d\u2019Israele dalla schiavit\u00f9 in Egitto. Ges\u00f9, da buon ebreo, celebr\u00f2 questa festa con i suoi discepoli nell\u2019Ultima Cena. Cos\u00ec, il Mistero pasquale cristiano (Passione, Morte e Risurrezione di Cristo) si trova intimamente legato a questa festa.<\/p>\n\n\n\n<h3 class=\"wp-block-heading\">2. La sfida di unificare la data<\/h3>\n\n\n\n<p>Gi\u00e0 nei primi secoli del cristianesimo, sorse una domanda essenziale:<br><strong>Quando dobbiamo celebrare la Risurrezione del Signore?<\/strong><br>Alcuni cristiani dell\u2019Asia Minore celebravano la Pasqua il 14 di Nisan (una data fissa del calendario ebraico), a prescindere dal giorno della settimana. Altri, soprattutto a Roma, insistevano perch\u00e9 si celebrasse <strong>la domenica successiva<\/strong>, in onore del giorno della Risurrezione. Questa disputa \u00e8 nota come <strong>controversia quartodecimana<\/strong>.<\/p>\n\n\n\n<p>Il <strong>Concilio di Nicea (325 d.C.)<\/strong>, uno dei pi\u00f9 importanti della storia della Chiesa, stabil\u00ec una regola universale:<\/p>\n\n\n\n<blockquote class=\"wp-block-quote is-layout-flow wp-block-quote-is-layout-flow\">\n<p><strong>La Pasqua cristiana sar\u00e0 celebrata la prima domenica dopo la prima luna piena successiva all\u2019equinozio di primavera.<\/strong><\/p>\n<\/blockquote>\n\n\n\n<hr class=\"wp-block-separator has-alpha-channel-opacity\"\/>\n\n\n\n<h2 class=\"wp-block-heading\">II. Il Computus: come si calcola la data della Pasqua<\/h2>\n\n\n\n<h3 class=\"wp-block-heading\">1. Cos&#8217;\u00e8 il Computus?<\/h3>\n\n\n\n<p>Il <strong>Computus<\/strong> \u00e8 l\u2019insieme delle regole e dei calcoli astronomici e matematici usati dalla Chiesa per determinare la data della Pasqua ogni anno. Il termine deriva dal latino <em>computare<\/em>, cio\u00e8 \u201ccalcolare\u201d.<\/p>\n\n\n\n<p>Questo calcolo \u00e8 complesso, perch\u00e9 combina <strong>elementi solari e lunari<\/strong>, unendo il calendario civile (solare) ai ritmi del calendario ebraico (lunare).<\/p>\n\n\n\n<p>La formula di base \u00e8 la seguente:<\/p>\n\n\n\n<blockquote class=\"wp-block-quote is-layout-flow wp-block-quote-is-layout-flow\">\n<p><strong>La Pasqua si celebra la prima domenica dopo la prima luna piena (chiamata luna piena pasquale) successiva all\u2019equinozio di primavera (21 marzo).<\/strong><\/p>\n<\/blockquote>\n\n\n\n<p>Ci\u00f2 significa che la Pasqua pu\u00f2 cadere tra il <strong>22 marzo e il 25 aprile<\/strong>.<\/p>\n\n\n\n<h3 class=\"wp-block-heading\">2. Calendario solare e calendario lunare<\/h3>\n\n\n\n<ul class=\"wp-block-list\">\n<li><strong>Calendario solare<\/strong>: segue il ciclo del Sole. Esempio: il calendario gregoriano (che usiamo oggi), con 365 giorni e gli anni bisestili.<\/li>\n\n\n\n<li><strong>Calendario lunare<\/strong>: segue le fasi della Luna. Esempio: i calendari ebraico e islamico.<\/li>\n<\/ul>\n\n\n\n<p>Il cristianesimo adotta una <strong>sintesi dei due sistemi<\/strong>: fissa l\u2019equinozio (solare) ma utilizza la luna piena (lunare) per determinare la data della Pasqua.<\/p>\n\n\n\n<h3 class=\"wp-block-heading\">3. Il ruolo dell&#8217;algoritmo di Gauss<\/h3>\n\n\n\n<p>Il matematico tedesco <strong>Carl Friedrich Gauss<\/strong>, nel XIX secolo, svilupp\u00f2 un <strong>algoritmo matematico<\/strong> per calcolare la data della Pasqua nel calendario gregoriano.<\/p>\n\n\n\n<p>Questo algoritmo tiene conto di:<\/p>\n\n\n\n<ul class=\"wp-block-list\">\n<li>Il ciclo metonico (ogni 19 anni le fasi lunari si ripetono nelle stesse date),<\/li>\n\n\n\n<li>Il numero aureo dell\u2019anno,<\/li>\n\n\n\n<li>Correzioni specifiche del calendario gregoriano.<\/li>\n<\/ul>\n\n\n\n<p>Sebbene oggi si usino tabelle precompilate e strumenti informatici, l\u2019algoritmo di Gauss \u00e8 stato un importante contributo alla comprensione del complesso Computus pasquale.<\/p>\n\n\n\n<hr class=\"wp-block-separator has-alpha-channel-opacity\"\/>\n\n\n\n<h2 class=\"wp-block-heading\">III. La differenza tra la Pasqua cattolica e quella ortodossa<\/h2>\n\n\n\n<h3 class=\"wp-block-heading\">1. Due calendari, due date<\/h3>\n\n\n\n<p>I cattolici seguono il <strong>calendario gregoriano<\/strong>, introdotto da papa Gregorio XIII nel 1582 per correggere gli errori astronomici del calendario giuliano (in uso dall\u2019epoca di Giulio Cesare).<\/p>\n\n\n\n<p>Gli ortodossi, invece, <strong>utilizzano ancora in gran parte il calendario giuliano<\/strong>. Poich\u00e9 questo calendario ha un ritardo di 13 giorni rispetto a quello gregoriano, l\u2019equinozio di primavera e la luna piena sono calcolati in modo diverso.<\/p>\n\n\n\n<h3 class=\"wp-block-heading\">2. Il risultato: Pasque diverse<\/h3>\n\n\n\n<p>Anche se la formula di calcolo \u00e8 la stessa, <strong>la Pasqua ortodossa e quella cattolica raramente coincidono<\/strong>. Alcuni anni sono separate da una o due settimane; in altri, invece, capitano lo stesso giorno.<\/p>\n\n\n\n<h3 class=\"wp-block-heading\">3. Un futuro comune?<\/h3>\n\n\n\n<p>Negli ultimi decenni, i dialoghi ecumenici tra cattolici e ortodossi mirano a <strong>unificare la data della Pasqua<\/strong>. Papa Francesco ha espresso pi\u00f9 volte il desiderio di raggiungere questo obiettivo come segno di unit\u00e0 tra i cristiani. Tuttavia, non \u00e8 stato ancora trovato un accordo definitivo.<\/p>\n\n\n\n<hr class=\"wp-block-separator has-alpha-channel-opacity\"\/>\n\n\n\n<h2 class=\"wp-block-heading\">IV. Significato teologico e pastorale del calendario pasquale<\/h2>\n\n\n\n<h3 class=\"wp-block-heading\">1. Pi\u00f9 di una data: un Evento<\/h3>\n\n\n\n<p>Il fatto che la Pasqua non abbia una data fissa ci ricorda qualcosa di profondo:<\/p>\n\n\n\n<blockquote class=\"wp-block-quote is-layout-flow wp-block-quote-is-layout-flow\">\n<p><strong>La Risurrezione non \u00e8 un semplice anniversario. \u00c8 un Evento che trascende il tempo.<\/strong><\/p>\n<\/blockquote>\n\n\n\n<p>Celebrare la Pasqua non \u00e8 solo ricordare un fatto passato, ma <strong>rinnovare l\u2019esperienza viva del Risorto<\/strong>, che continua ad agire oggi nella nostra vita e nella storia.<\/p>\n\n\n\n<h3 class=\"wp-block-heading\">2. Un tempo sacro che trasforma<\/h3>\n\n\n\n<p>Il calendario liturgico ruota attorno alla Pasqua. Da essa derivano:<\/p>\n\n\n\n<ul class=\"wp-block-list\">\n<li>La <strong>Quaresima<\/strong> (40 giorni di preparazione),<\/li>\n\n\n\n<li>Il <strong>Tempo pasquale<\/strong> (50 giorni fino alla Pentecoste),<\/li>\n\n\n\n<li>L\u2019intero <strong>anno liturgico<\/strong>, con feste mobili come l\u2019Ascensione e il Corpus Domini.<\/li>\n<\/ul>\n\n\n\n<p>Il calendario pasquale impone cos\u00ec <strong>un ritmo spirituale<\/strong>, guidandoci in un cammino di conversione, di morte al peccato e di risurrezione a vita nuova.<\/p>\n\n\n\n<h3 class=\"wp-block-heading\">3. Una pedagogia divina<\/h3>\n\n\n\n<p>Nella sua pedagogia, Dio ci insegna che la vita cristiana \u00e8 un <strong>cammino ciclico<\/strong>, in cui il tempo non si ripete inutilmente, ma<\/p>\n\n\n\n<blockquote class=\"wp-block-quote is-layout-flow wp-block-quote-is-layout-flow\">\n<p><strong>ogni anno ci fa salire un gradino nel mistero pasquale.<\/strong><\/p>\n<\/blockquote>\n\n\n\n<p>La Pasqua ci ricorda che <strong>c\u2019\u00e8 sempre una domenica dopo ogni Venerd\u00ec santo<\/strong>, che la morte non ha l\u2019ultima parola, e che l\u2019amore di Dio si rinnova ogni anno per ciascuno di noi.<\/p>\n\n\n\n<hr class=\"wp-block-separator has-alpha-channel-opacity\"\/>\n\n\n\n<h2 class=\"wp-block-heading\">V. Conclusione: Una bussola spirituale per il nostro tempo<\/h2>\n\n\n\n<p>In un mondo sempre pi\u00f9 disconnesso dai ritmi sacri, il <strong>calendario pasquale \u00e8 una bussola che ci riporta all\u2019essenziale<\/strong>. Ci insegna a guardare il cielo per comprendere la terra, a contemplare il sole e la luna non solo come corpi celesti, ma come <strong>testimoni silenziosi della storia della salvezza<\/strong>.<\/p>\n\n\n\n<p>Questo antico Computus, questo calcolo millenario, rimane oggi un <strong>cammino spirituale<\/strong>, un invito a entrare nel Mistero di Cristo con cuore aperto.<\/p>\n\n\n\n<h3 class=\"wp-block-heading\">Che ogni Pasqua che celebriamo non sia semplicemente una data sul calendario, ma un rinnovamento vivo della nostra fede, un\u2019esperienza di Risurrezione e un\u2019occasione per rinascere a vita nuova.<\/h3>\n","protected":false},"excerpt":{"rendered":"<p>Introduzione: Un mistero che si ripete ogni anno Perch\u00e9 celebriamo la Pasqua in una data diversa ogni anno? Perch\u00e9 a volte cade a marzo e altre ad aprile? Perch\u00e9 non coincide sempre con la Pasqua ortodossa? Sono domande che molti cattolici si pongono, senza sapere che dietro queste variazioni si nascondono secoli di storia, complessi &hellip;<\/p>\n","protected":false},"author":3,"featured_media":3314,"comment_status":"open","ping_status":"open","sticky":false,"template":"","format":"standard","meta":{"_seopress_robots_primary_cat":"","_seopress_titles_title":"","_seopress_titles_desc":"","_seopress_robots_index":"","footnotes":""},"categories":[41,64],"tags":[1096,1097,1095],"class_list":["post-3313","post","type-post","status-publish","format-standard","has-post-thumbnail","","category-fede-e-cultura","category-scienza-e-religione","tag-calendario-pasquale","tag-computus","tag-data-di-pasqua"],"_links":{"self":[{"href":"https:\/\/catholicus.eu\/it\/wp-json\/wp\/v2\/posts\/3313","targetHints":{"allow":["GET"]}}],"collection":[{"href":"https:\/\/catholicus.eu\/it\/wp-json\/wp\/v2\/posts"}],"about":[{"href":"https:\/\/catholicus.eu\/it\/wp-json\/wp\/v2\/types\/post"}],"author":[{"embeddable":true,"href":"https:\/\/catholicus.eu\/it\/wp-json\/wp\/v2\/users\/3"}],"replies":[{"embeddable":true,"href":"https:\/\/catholicus.eu\/it\/wp-json\/wp\/v2\/comments?post=3313"}],"version-history":[{"count":1,"href":"https:\/\/catholicus.eu\/it\/wp-json\/wp\/v2\/posts\/3313\/revisions"}],"predecessor-version":[{"id":3315,"href":"https:\/\/catholicus.eu\/it\/wp-json\/wp\/v2\/posts\/3313\/revisions\/3315"}],"wp:featuredmedia":[{"embeddable":true,"href":"https:\/\/catholicus.eu\/it\/wp-json\/wp\/v2\/media\/3314"}],"wp:attachment":[{"href":"https:\/\/catholicus.eu\/it\/wp-json\/wp\/v2\/media?parent=3313"}],"wp:term":[{"taxonomy":"category","embeddable":true,"href":"https:\/\/catholicus.eu\/it\/wp-json\/wp\/v2\/categories?post=3313"},{"taxonomy":"post_tag","embeddable":true,"href":"https:\/\/catholicus.eu\/it\/wp-json\/wp\/v2\/tags?post=3313"}],"curies":[{"name":"wp","href":"https:\/\/api.w.org\/{rel}","templated":true}]}}