{"id":3231,"date":"2025-04-12T23:50:35","date_gmt":"2025-04-12T21:50:35","guid":{"rendered":"https:\/\/catholicus.eu\/it\/?p=3231"},"modified":"2025-04-12T23:50:35","modified_gmt":"2025-04-12T21:50:35","slug":"dove-abita-lamore-il-mistero-e-la-grandezza-della-riserva-del-santissimo-al-sepolcro","status":"publish","type":"post","link":"https:\/\/catholicus.eu\/it\/dove-abita-lamore-il-mistero-e-la-grandezza-della-riserva-del-santissimo-al-sepolcro\/","title":{"rendered":"Dove abita l\u2019Amore: Il mistero e la grandezza della Riserva del Santissimo al Sepolcro"},"content":{"rendered":"\n<p><strong>Introduzione: Un silenzio che dice tutto<\/strong><\/p>\n\n\n\n<p>Ogni anno, il Gioved\u00ec Santo, le luci della chiesa si attenuano, il tabernacolo viene svuotato e l&#8217;altare spogliato. In questo clima di solenne raccoglimento, il Santissimo Sacramento viene portato in processione a un luogo preparato con cura: <strong>il Sepolcro<\/strong>, spesso chiamato semplicemente \u201cil Monumento\u201d. \u00c8 un momento di grande riverenza e profondit\u00e0 mistica, che per\u00f2 molti fedeli vivono solo superficialmente. Eppure, in questo gesto liturgico si cela un tesoro di spiritualit\u00e0, storia e teologia. Questo articolo vuole essere un invito a riscoprire <strong>il grande mistero d\u2019amore nascosto nella Riserva del Santissimo al Sepolcro<\/strong>, nella notte in cui il Signore fu tradito.<\/p>\n\n\n\n<hr class=\"wp-block-separator has-alpha-channel-opacity\"\/>\n\n\n\n<h2 class=\"wp-block-heading\">I. Che cos\u2019\u00e8 la Riserva del Santissimo al Sepolcro?<\/h2>\n\n\n\n<p>La <strong>Riserva al Sepolcro<\/strong> \u00e8 un atto liturgico della sera del Gioved\u00ec Santo, durante il quale il Santissimo Sacramento, consacrato nella Messa in Coena Domini, viene solennemente trasportato dal tabernacolo dell\u2019altare maggiore a un altare laterale o una cappella appositamente ornata, chiamata \u201cSepolcro\u201d o \u201cMonumento\u201d.<\/p>\n\n\n\n<p>Questo gesto, carico di simbolismo, esprime una verit\u00e0 profonda: <strong>Cristo si consegna, ma non ci abbandona<\/strong>.<\/p>\n\n\n\n<p>Anche se il Venerd\u00ec e il Sabato Santo non si celebra l\u2019Eucaristia, <strong>la presenza reale di Ges\u00f9 continua<\/strong>, custodita in silenzio nel Sepolcro, testimone della sua fedelt\u00e0 nel cuore della prova, della solitudine e dell\u2019abbandono.<\/p>\n\n\n\n<hr class=\"wp-block-separator has-alpha-channel-opacity\"\/>\n\n\n\n<h2 class=\"wp-block-heading\">II. Una storia radicata nell\u2019amore<\/h2>\n\n\n\n<h3 class=\"wp-block-heading\">1. L\u2019Ultima Cena: origine del mistero<\/h3>\n\n\n\n<p>Il primo e pi\u00f9 profondo riferimento al Sepolcro \u00e8 <strong>l\u2019Ultima Cena<\/strong>, nella quale Ges\u00f9 istitu\u00ec l\u2019Eucaristia. In quella notte, anticipando la sua passione e morte, <strong>Egli si fece pane<\/strong> per restare con noi fino alla fine dei tempi.<\/p>\n\n\n\n<p>Sin dai primi secoli, la Chiesa ha compreso che l\u2019Eucaristia \u00e8 inseparabile dal Mistero Pasquale. La liturgia ha sviluppato segni per rendere visibile questo legame: tra questi, <strong>la riserva del Santissimo dopo la Messa del Gioved\u00ec Santo<\/strong>, come memoria del dono che precede il sacrificio.<\/p>\n\n\n\n<h3 class=\"wp-block-heading\">2. Lo sviluppo liturgico nel Medioevo<\/h3>\n\n\n\n<p>Nel Medioevo, la pratica del Sepolcro si arricchisce. Si allestisce un altare laterale o una cappella ornata con candele, fiori, drappi preziosi: simbolo della tomba di Cristo, ma anche dell\u2019arca dell\u2019alleanza che custodisce la Presenza.<\/p>\n\n\n\n<p>I fedeli si avvicinano in adorazione, spesso fino a notte inoltrata, vegliando con Ges\u00f9, come Egli stesso aveva chiesto: <em>\u00abVegliate e pregate con me\u00bb<\/em> (Mt 26,38).<\/p>\n\n\n\n<p>Durante la Controriforma, il Concilio di Trento riafferma la presenza reale di Cristo nell\u2019Eucaristia e la pratica della Riserva al Sepolcro diventa un atto di fede pubblico e solenne.<\/p>\n\n\n\n<hr class=\"wp-block-separator has-alpha-channel-opacity\"\/>\n\n\n\n<h2 class=\"wp-block-heading\">III. Teologia del Sepolcro: presenza, veglia e fedelt\u00e0<\/h2>\n\n\n\n<h3 class=\"wp-block-heading\">1. Cristo \u00e8 presente nel silenzio dell\u2019abbandono<\/h3>\n\n\n\n<p>Nel Sepolcro, <strong>Ges\u00f9 \u00e8 realmente presente<\/strong>, ma in un silenzio liturgico. Il Venerd\u00ec Santo non si celebra la Messa: \u00e8 il giorno della Passione, del \u201cgrande silenzio\u201d. Eppure, <strong>il Signore resta<\/strong>, come nell\u2019Orto degli Ulivi, dove chiese ai discepoli di vegliare\u2026 ma essi dormivano.<\/p>\n\n\n\n<p>La sua <strong>presenza silenziosa e nascosta<\/strong> al Sepolcro \u00e8 un invito alla fedelt\u00e0: restare con Lui quando sembra che tutto sia perduto, quando l\u2019altare \u00e8 spoglio, quando la Chiesa tace.<\/p>\n\n\n\n<h3 class=\"wp-block-heading\">2. Un segno di amore incrollabile<\/h3>\n\n\n\n<p>Anche se tutto \u00e8 stato spogliato, <strong>Ges\u00f9 non \u00e8 stato tolto da noi<\/strong>. Il Sepolcro \u00e8 la risposta divina alla nostra fragilit\u00e0: <strong>Dio resta<\/strong>, anche se tradito, dimenticato, abbandonato. Nelle nostre notti interiori, nelle croci quotidiane, nelle solitudini dell\u2019anima, il Sepolcro ci ricorda: <strong>Cristo \u00e8 l\u00ec<\/strong>, silenzioso, ma vivo, e ci aspetta.<\/p>\n\n\n\n<h3 class=\"wp-block-heading\">3. Uno sguardo verso la risurrezione<\/h3>\n\n\n\n<p>Il Sepolcro non \u00e8 solo segno di morte, ma anche <strong>attesa della vita<\/strong>. \u00c8 la tomba che gi\u00e0 annuncia la risurrezione. Ogni candela accesa, ogni fiore posto con amore, ogni istante trascorso in adorazione \u00e8 un atto di speranza: <em>\u00abNon \u00e8 qui, \u00e8 risorto\u00bb<\/em>.<\/p>\n\n\n\n<hr class=\"wp-block-separator has-alpha-channel-opacity\"\/>\n\n\n\n<h2 class=\"wp-block-heading\">IV. Una proposta pastorale: il Sepolcro oggi<\/h2>\n\n\n\n<h3 class=\"wp-block-heading\">1. Un invito all\u2019adorazione silenziosa<\/h3>\n\n\n\n<p>In una societ\u00e0 frenetica, rumorosa e distratta, <strong>il Sepolcro \u00e8 un\u2019oasi di silenzio<\/strong>, dove lo sguardo incontra lo Sguardo, dove l\u2019anima riposa nel suo Signore. Nessuna parola \u00e8 necessaria: basta <strong>stare<\/strong>, come Maria sotto la croce.<\/p>\n\n\n\n<p>Imparare a rimanere in adorazione \u00e8 imparare ad amare.<\/p>\n\n\n\n<h3 class=\"wp-block-heading\">2. Fedelt\u00e0 nelle notti dell\u2019anima<\/h3>\n\n\n\n<p>Tutti conosciamo momenti di oscurit\u00e0: dubbi, prove, fallimenti. Il Sepolcro ci insegna <strong>la fedelt\u00e0 nella notte<\/strong>. Rimanere l\u00ec, anche se non si sente nulla, anche se tutto appare perduto, \u00e8 un atto di fede pi\u00f9 forte della morte.<\/p>\n\n\n\n<p>Il vero amore si misura <strong>non nei momenti di luce, ma nelle ore di buio<\/strong>.<\/p>\n\n\n\n<h3 class=\"wp-block-heading\">3. Un gesto che educa alla fede<\/h3>\n\n\n\n<p>Il Sepolcro non \u00e8 una semplice decorazione pasquale: \u00e8 <strong>una catechesi vivente<\/strong>, una testimonianza visibile della presenza reale di Cristo. I bambini, i giovani, gli adulti imparano \u2014 semplicemente vedendolo \u2014 che <strong>Ges\u00f9 non \u00e8 un\u2019idea<\/strong>, ma un Dio presente, vicino, che ci ama fino a donarsi.<\/p>\n\n\n\n<p>In un tempo in cui la sacralit\u00e0 \u00e8 spesso dimenticata, <strong>il Sepolcro educa al senso del sacro<\/strong>, al rispetto, alla bellezza, al mistero.<\/p>\n\n\n\n<hr class=\"wp-block-separator has-alpha-channel-opacity\"\/>\n\n\n\n<h2 class=\"wp-block-heading\">V. Come vivere oggi la Riserva al Sepolcro?<\/h2>\n\n\n\n<ol class=\"wp-block-list\">\n<li><strong>Partecipa alla Messa del Gioved\u00ec Santo<\/strong> con raccoglimento, sapendo che assisti all\u2019ultima Cena del Signore con i suoi amici.<\/li>\n\n\n\n<li><strong>Segui con devozione la processione al Sepolcro<\/strong>, come chi accompagna l\u2019Amato verso il sacrificio.<\/li>\n\n\n\n<li><strong>Fermati in adorazione<\/strong>, anche solo per pochi minuti, ma con tutto il cuore.<\/li>\n\n\n\n<li><strong>Porta nel cuore la presenza del Signore<\/strong>, anche una volta uscito dalla chiesa. La veglia continua nella vita.<\/li>\n\n\n\n<li><strong>Invita altri a vivere questa esperienza.<\/strong> Molti non conoscono il valore del Sepolcro. Tu puoi essere ponte tra loro e il Signore nascosto.<\/li>\n<\/ol>\n\n\n\n<hr class=\"wp-block-separator has-alpha-channel-opacity\"\/>\n\n\n\n<h2 class=\"wp-block-heading\">Conclusione: \u00abVegliate e pregate con me\u00bb<\/h2>\n\n\n\n<p>La Riserva al Sepolcro non \u00e8 una semplice tradizione: \u00e8 <strong>una scuola d\u2019amore fedele<\/strong>. In una cultura che fugge il dolore, <strong>Cristo ci attende nel silenzio<\/strong>, per insegnarci a rimanere.<\/p>\n\n\n\n<p>Non tutti possiamo cambiare il mondo. Ma possiamo restare con Ges\u00f9 per un\u2019ora.<\/p>\n\n\n\n<p>Non tutti possiamo fare miracoli. Ma possiamo <strong>amarlo nella sua solitudine<\/strong>. E questo \u00e8 gi\u00e0 un miracolo.<\/p>\n\n\n\n<p>Perch\u00e9 l\u00ec, <strong>dove abita l\u2019Amore<\/strong>, tutto pu\u00f2 rinascere.<\/p>\n\n\n\n<p>E chi si avvicina\u2026 non resta pi\u00f9 lo stesso.<\/p>\n","protected":false},"excerpt":{"rendered":"<p>Introduzione: Un silenzio che dice tutto Ogni anno, il Gioved\u00ec Santo, le luci della chiesa si attenuano, il tabernacolo viene svuotato e l&#8217;altare spogliato. In questo clima di solenne raccoglimento, il Santissimo Sacramento viene portato in processione a un luogo preparato con cura: il Sepolcro, spesso chiamato semplicemente \u201cil Monumento\u201d. \u00c8 un momento di grande &hellip;<\/p>\n","protected":false},"author":3,"featured_media":3232,"comment_status":"open","ping_status":"open","sticky":false,"template":"","format":"standard","meta":{"_seopress_robots_primary_cat":"","_seopress_titles_title":"","_seopress_titles_desc":"","_seopress_robots_index":"","footnotes":""},"categories":[59,40],"tags":[733,1061],"class_list":["post-3231","post","type-post","status-publish","format-standard","has-post-thumbnail","","category-eucaristia-e-adorazione","category-preghiera-e-spiritualita","tag-giovedi-santo","tag-riserva-del-santissimo-al-sepolcro"],"_links":{"self":[{"href":"https:\/\/catholicus.eu\/it\/wp-json\/wp\/v2\/posts\/3231","targetHints":{"allow":["GET"]}}],"collection":[{"href":"https:\/\/catholicus.eu\/it\/wp-json\/wp\/v2\/posts"}],"about":[{"href":"https:\/\/catholicus.eu\/it\/wp-json\/wp\/v2\/types\/post"}],"author":[{"embeddable":true,"href":"https:\/\/catholicus.eu\/it\/wp-json\/wp\/v2\/users\/3"}],"replies":[{"embeddable":true,"href":"https:\/\/catholicus.eu\/it\/wp-json\/wp\/v2\/comments?post=3231"}],"version-history":[{"count":1,"href":"https:\/\/catholicus.eu\/it\/wp-json\/wp\/v2\/posts\/3231\/revisions"}],"predecessor-version":[{"id":3233,"href":"https:\/\/catholicus.eu\/it\/wp-json\/wp\/v2\/posts\/3231\/revisions\/3233"}],"wp:featuredmedia":[{"embeddable":true,"href":"https:\/\/catholicus.eu\/it\/wp-json\/wp\/v2\/media\/3232"}],"wp:attachment":[{"href":"https:\/\/catholicus.eu\/it\/wp-json\/wp\/v2\/media?parent=3231"}],"wp:term":[{"taxonomy":"category","embeddable":true,"href":"https:\/\/catholicus.eu\/it\/wp-json\/wp\/v2\/categories?post=3231"},{"taxonomy":"post_tag","embeddable":true,"href":"https:\/\/catholicus.eu\/it\/wp-json\/wp\/v2\/tags?post=3231"}],"curies":[{"name":"wp","href":"https:\/\/api.w.org\/{rel}","templated":true}]}}