{"id":3118,"date":"2025-04-06T00:21:07","date_gmt":"2025-04-05T22:21:07","guid":{"rendered":"https:\/\/catholicus.eu\/it\/?p=3118"},"modified":"2025-04-06T00:21:08","modified_gmt":"2025-04-05T22:21:08","slug":"san-isidoro-di-siviglia-il-saggio-che-illumino-leta-oscura-e-il-suo-messaggio-urgente-per-oggi","status":"publish","type":"post","link":"https:\/\/catholicus.eu\/it\/san-isidoro-di-siviglia-il-saggio-che-illumino-leta-oscura-e-il-suo-messaggio-urgente-per-oggi\/","title":{"rendered":"San Isidoro di Siviglia: Il Saggio che Illumin\u00f2 l&#8217;Et\u00e0 Oscura e il suo Messaggio Urgente per Oggi"},"content":{"rendered":"\n<h3 class=\"wp-block-heading\"><strong>Introduzione: Un Faro in Tempi di Crisi<\/strong><\/h3>\n\n\n\n<p>In un mondo che sembra sprofondare in una nuova &#8220;et\u00e0 oscura&#8221; \u2013 dove la verit\u00e0 \u00e8 relativizzata, la fede si indebolisce e la cultura dimentica le sue radici \u2013 la figura di&nbsp;<strong>San Isidoro di Siviglia<\/strong>&nbsp;emerge come un gigante spirituale e intellettuale. Dottore della Chiesa, patrono di Internet (s\u00ec, avete letto bene!), e uno degli uomini pi\u00f9 sapienti della storia cristiana, la sua eredit\u00e0 \u00e8&nbsp;<strong>una bussola per riconquistare fede, ragione e civilt\u00e0<\/strong>.<\/p>\n\n\n\n<p>Ma chi era questo santo? Perch\u00e9 la sua opera \u00e8&nbsp;<strong>pi\u00f9 rilevante oggi che mai<\/strong>? E soprattutto, come possiamo imitarne l&#8217;esempio nel caos moderno?<\/p>\n\n\n\n<hr class=\"wp-block-separator has-alpha-channel-opacity\"\/>\n\n\n\n<h3 class=\"wp-block-heading\"><strong>1. L&#8217;Uomo che Salv\u00f2 il Sapere: Vita e Contesto Storico<\/strong><\/h3>\n\n\n\n<h4 class=\"wp-block-heading\"><strong>Nato tra le Rovine di un Impero<\/strong><\/h4>\n\n\n\n<p>Isidoro nacque a&nbsp;<strong>Cartagena (Spagna) intorno al 556<\/strong>, in una famiglia ispano-romana profondamente cristiana. Suo fratello maggiore,&nbsp;<strong>San Leandro<\/strong>, era arcivescovo di Siviglia e un baluardo contro l&#8217;eresia ariana che minacciava la Chiesa visigota. Dopo la morte dei genitori, Leandro si occup\u00f2 della sua educazione, sebbene \u2013 secondo la tradizione \u2013 il giovane Isidoro&nbsp;<strong>all&#8217;inizio non fosse uno studente diligente<\/strong>.<\/p>\n\n\n\n<p>Un giorno, stanco della sua mancanza di disciplina, fugg\u00ec in campagna. L\u00ec, osservando&nbsp;<strong>gocce d&#8217;acqua scavare lentamente la pietra<\/strong>, comprese che&nbsp;<strong>lo sforzo costante<\/strong>&nbsp;(per quanto piccolo) pu\u00f2 compiere l&#8217;impossibile. Torn\u00f2 determinato a studiare con fervore e divenne presto&nbsp;<strong>l&#8217;uomo pi\u00f9 erudito del suo tempo<\/strong>.<\/p>\n\n\n\n<h4 class=\"wp-block-heading\"><strong>La Spagna Visigota: Un Regno alla Ricerca d&#8217;Identit\u00e0<\/strong><\/h4>\n\n\n\n<p>Isidoro visse in un&#8217;epoca turbolenta:&nbsp;<strong>l&#8217;Impero Romano d&#8217;Occidente era caduto<\/strong>, le invasioni barbariche devastavano l&#8217;Europa e l&#8217;arianesimo (che negava la divinit\u00e0 di Cristo) divideva i regni germanici. La sua missione, insieme al fratello Leandro, fu&nbsp;<strong>unificare la Spagna nella fede cattolica<\/strong>&nbsp;e preservare il sapere classico e cristiano.<\/p>\n\n\n\n<hr class=\"wp-block-separator has-alpha-channel-opacity\"\/>\n\n\n\n<h3 class=\"wp-block-heading\"><strong>2. L&#8217;Architetto della Cristianit\u00e0: Opere e Sapienza<\/strong><\/h3>\n\n\n\n<h4 class=\"wp-block-heading\"><strong>Le &#8220;Etimologie&#8221;: La Prima Wikipedia della Storia<\/strong><\/h4>\n\n\n\n<p>L&#8217;opera magna di Isidoro, le&nbsp;<em>&#8220;Etimologie&#8221;<\/em>, fu&nbsp;<strong>l&#8217;enciclopedia pi\u00f9 importante per secoli<\/strong>. In 20 volumi, raccolse tutto il sapere del suo tempo: dalla teologia e grammatica alla medicina, astronomia e diritto. Il suo obiettivo era&nbsp;<strong>salvare la conoscenza dalla distruzione<\/strong>, dimostrando che&nbsp;<strong>fede e ragione non si oppongono, ma si completano<\/strong>.<\/p>\n\n\n\n<blockquote class=\"wp-block-quote is-layout-flow wp-block-quote-is-layout-flow\">\n<p><em>&#8220;La lettura delle Sacre Scritture \u00e8 luce per l&#8217;intelletto, cibo per l&#8217;anima e fonte di vita eterna.&#8221;<\/em>&nbsp;\u2014 San Isidoro.<\/p>\n<\/blockquote>\n\n\n\n<h4 class=\"wp-block-heading\"><strong>Unificatore della Chiesa Spagnola<\/strong><\/h4>\n\n\n\n<p>Come arcivescovo di Siviglia, presiedette il&nbsp;<strong>Concilio di Toledo (633)<\/strong>, che consolid\u00f2 l&#8217;unit\u00e0 cattolica del regno visigoto. Promosse&nbsp;<strong>la formazione del clero<\/strong>, la liturgia ispanica e la carit\u00e0 verso i poveri. Per lui,&nbsp;<strong>la vera sapienza doveva tradursi in santit\u00e0 e servizio<\/strong>.<\/p>\n\n\n\n<hr class=\"wp-block-separator has-alpha-channel-opacity\"\/>\n\n\n\n<h3 class=\"wp-block-heading\"><strong>3. Lezioni per il Mondo Attuale: Perch\u00e9 Isidoro \u00e8 Urgente Oggi<\/strong><\/h3>\n\n\n\n<h4 class=\"wp-block-heading\"><strong>Contro la &#8220;Nuova Ignoranza&#8221;: Difendere la Verit\u00e0 nell&#8217;Era Digitale<\/strong><\/h4>\n\n\n\n<p>Viviamo in un paradosso:&nbsp;<strong>abbiamo pi\u00f9 informazioni che mai, ma meno saggezza<\/strong>. I social media diffondono menzogne in secondi, la cultura della cancellazione soffoca il dibattito, e molti giovani&nbsp;<strong>ignorano le radici della loro fede<\/strong>. San Isidoro ci insegna che:<\/p>\n\n\n\n<ul class=\"wp-block-list\">\n<li><strong>Il sapere senza virt\u00f9 \u00e8 vanit\u00e0.<\/strong><\/li>\n\n\n\n<li><strong>La fede senza studio si indebolisce.<\/strong><\/li>\n\n\n\n<li><strong>La cultura si salva recuperando le fondamenta.<\/strong><\/li>\n<\/ul>\n\n\n\n<h4 class=\"wp-block-heading\"><strong>Unit\u00e0 in Cristo, non nel Mondo<\/strong><\/h4>\n\n\n\n<p>In una societ\u00e0 frammentata dalle ideologie, Isidoro ci ricorda che&nbsp;<strong>solo in Cristo c&#8217;\u00e8 vera comunione<\/strong>. Un\u00ec un regno non con la forza politica, ma&nbsp;<strong>con la verit\u00e0 del Vangelo<\/strong>.<\/p>\n\n\n\n<h4 class=\"wp-block-heading\"><strong>Patrono di Internet: Un Santo per l&#8217;Era Tecnologica<\/strong><\/h4>\n\n\n\n<p>Notevolmente, nel 1999 il Vaticano lo dichiar\u00f2&nbsp;<strong>patrono di Internet e degli informatici<\/strong>, poich\u00e9 la sua opera fu una &#8220;rete di sapere&#8221; medievale. Non \u00e8 forse un segno per&nbsp;<strong>evangelizzare il mondo digitale con verit\u00e0 e bellezza<\/strong>?<\/p>\n\n\n\n<hr class=\"wp-block-separator has-alpha-channel-opacity\"\/>\n\n\n\n<h3 class=\"wp-block-heading\"><strong>4. Come Vivere come Isidoro Oggi: Tre Passi Pratici<\/strong><\/h3>\n\n\n\n<ol start=\"1\" class=\"wp-block-list\">\n<li><strong>Forma la Tua Mente e la Tua Anima<\/strong>\n<ul class=\"wp-block-list\">\n<li>Leggi la Bibbia, studia il Catechismo, approfondisci la filosofia cristiana.<\/li>\n\n\n\n<li>Non accontentarti di una &#8220;fede light&#8221;:\u00a0<strong>sii un discepolo che pensa<\/strong>.<\/li>\n<\/ul>\n<\/li>\n\n\n\n<li><strong>Usa la Tecnologia con Saggezza<\/strong>\n<ul class=\"wp-block-list\">\n<li>Non riempire il tuo feed solo di meme: segui account cattolici solidi, leggi articoli approfonditi.<\/li>\n\n\n\n<li><strong>Sii un Isidoro digitale<\/strong>: condividi contenuti che edificano.<\/li>\n<\/ul>\n<\/li>\n\n\n\n<li><strong>Lavora per l&#8217;Unit\u00e0 della Chiesa<\/strong>\n<ul class=\"wp-block-list\">\n<li>Prega per l&#8217;unit\u00e0 dei cristiani.<\/li>\n\n\n\n<li>Rifiuta divisioni e pettegolezzi:\u00a0<strong>il diavolo semina zizzania dove c&#8217;\u00e8 orgoglio<\/strong>.<\/li>\n<\/ul>\n<\/li>\n<\/ol>\n\n\n\n<hr class=\"wp-block-separator has-alpha-channel-opacity\"\/>\n\n\n\n<h3 class=\"wp-block-heading\"><strong>Conclusione: Il Saggio che ci Invita a Essere Luce<\/strong><\/h3>\n\n\n\n<p>San Isidoro di Siviglia non fu un erudito chiuso in una torre d&#8217;avorio. Fu un&nbsp;<strong>santo che am\u00f2 Dio con mente e cuore<\/strong>, lavorando instancabilmente per il suo Regno.<\/p>\n\n\n\n<p>Oggi, mentre il mondo sembra crollare, il suo esempio ci chiama a:<\/p>\n\n\n\n<ul class=\"wp-block-list\">\n<li><strong>Non temere di essere intelligentemente cattolici.<\/strong><\/li>\n\n\n\n<li><strong>Preservare e proclamare la verit\u00e0 nel relativismo.<\/strong><\/li>\n\n\n\n<li><strong>Costruire, non solo lamentarci.<\/strong><\/li>\n<\/ul>\n\n\n\n<p>Come quelle gocce che scavarono la pietra, la nostra fedelt\u00e0 quotidiana \u2013 nella preghiera, studio e carit\u00e0 \u2013 pu\u00f2&nbsp;<strong>trasformare il mondo<\/strong>.<\/p>\n\n\n\n<p><strong>San Isidoro di Siviglia, prega per noi!<\/strong><\/p>\n\n\n\n<hr class=\"wp-block-separator has-alpha-channel-opacity\"\/>\n\n\n\n<p><strong>Questa storia ti ha ispirato?<\/strong>&nbsp;Condividila con chi ha bisogno di sapere che&nbsp;<strong>fede e ragione non passano mai di moda<\/strong>. E non smettere di studiare, pregare e agire!<\/p>\n\n\n\n<p><em>(Vuoi approfondire? Leggi: &#8220;Etimologie&#8221; di San Isidoro o &#8220;I Padri della Chiesa&#8221; di Jos\u00e9 Orlandis.)<\/em><\/p>\n","protected":false},"excerpt":{"rendered":"<p>Introduzione: Un Faro in Tempi di Crisi In un mondo che sembra sprofondare in una nuova &#8220;et\u00e0 oscura&#8221; \u2013 dove la verit\u00e0 \u00e8 relativizzata, la fede si indebolisce e la cultura dimentica le sue radici \u2013 la figura di&nbsp;San Isidoro di Siviglia&nbsp;emerge come un gigante spirituale e intellettuale. Dottore della Chiesa, patrono di Internet (s\u00ec, &hellip;<\/p>\n","protected":false},"author":3,"featured_media":3119,"comment_status":"open","ping_status":"open","sticky":false,"template":"","format":"standard","meta":{"_seopress_robots_primary_cat":"","_seopress_titles_title":"","_seopress_titles_desc":"","_seopress_robots_index":"","footnotes":""},"categories":[40,61],"tags":[1018],"class_list":["post-3118","post","type-post","status-publish","format-standard","has-post-thumbnail","","category-preghiera-e-spiritualita","category-santi-e-calendario-liturgico","tag-san-isidoro-di-siviglia"],"_links":{"self":[{"href":"https:\/\/catholicus.eu\/it\/wp-json\/wp\/v2\/posts\/3118","targetHints":{"allow":["GET"]}}],"collection":[{"href":"https:\/\/catholicus.eu\/it\/wp-json\/wp\/v2\/posts"}],"about":[{"href":"https:\/\/catholicus.eu\/it\/wp-json\/wp\/v2\/types\/post"}],"author":[{"embeddable":true,"href":"https:\/\/catholicus.eu\/it\/wp-json\/wp\/v2\/users\/3"}],"replies":[{"embeddable":true,"href":"https:\/\/catholicus.eu\/it\/wp-json\/wp\/v2\/comments?post=3118"}],"version-history":[{"count":1,"href":"https:\/\/catholicus.eu\/it\/wp-json\/wp\/v2\/posts\/3118\/revisions"}],"predecessor-version":[{"id":3120,"href":"https:\/\/catholicus.eu\/it\/wp-json\/wp\/v2\/posts\/3118\/revisions\/3120"}],"wp:featuredmedia":[{"embeddable":true,"href":"https:\/\/catholicus.eu\/it\/wp-json\/wp\/v2\/media\/3119"}],"wp:attachment":[{"href":"https:\/\/catholicus.eu\/it\/wp-json\/wp\/v2\/media?parent=3118"}],"wp:term":[{"taxonomy":"category","embeddable":true,"href":"https:\/\/catholicus.eu\/it\/wp-json\/wp\/v2\/categories?post=3118"},{"taxonomy":"post_tag","embeddable":true,"href":"https:\/\/catholicus.eu\/it\/wp-json\/wp\/v2\/tags?post=3118"}],"curies":[{"name":"wp","href":"https:\/\/api.w.org\/{rel}","templated":true}]}}