{"id":3115,"date":"2025-04-06T00:05:45","date_gmt":"2025-04-05T22:05:45","guid":{"rendered":"https:\/\/catholicus.eu\/it\/?p=3115"},"modified":"2025-04-06T00:05:45","modified_gmt":"2025-04-05T22:05:45","slug":"quando-lanima-grida-nella-notte-la-messa-dei-morti-e-il-suo-potere-misterioso","status":"publish","type":"post","link":"https:\/\/catholicus.eu\/it\/quando-lanima-grida-nella-notte-la-messa-dei-morti-e-il-suo-potere-misterioso\/","title":{"rendered":"\u00abQuando l\u2019anima grida nella notte\u00bb: La Messa dei Morti e il suo potere misterioso"},"content":{"rendered":"\n<p><strong>Introduzione: Tra il silenzio della notte e il grido dell\u2019eternit\u00e0<\/strong><\/p>\n\n\n\n<p>C\u2019\u00e8 stato un tempo in cui le campane delle chiese suonavano a mezzanotte, e i ceri ardevano come stelle nel buio del santuario. Era la <em>Messa dei Morti<\/em>, la Messa di Requiem celebrata nella notte pi\u00f9 profonda \u2013 non come un\u2019ombra, ma come una speranza silenziosa. Oggi, questa pratica \u00e8 quasi completamente scomparsa. Ma che cosa significava celebrare una Messa a mezzanotte per i defunti? Quale ne era il senso? E cosa abbiamo perso abbandonandola?<\/p>\n\n\n\n<p>Questo articolo \u00e8 un viaggio profondo nella storia, nel simbolismo e nella spiritualit\u00e0 della Messa dei Morti, in particolare com\u2019era tradizionalmente celebrata a mezzanotte nella tradizione cattolica. Non si tratta solo di uno sguardo al passato, ma di un invito a riscoprire una delle espressioni pi\u00f9 potenti della fede cristiana: pregare per le anime dei defunti.<\/p>\n\n\n\n<hr class=\"wp-block-separator has-alpha-channel-opacity\"\/>\n\n\n\n<h2 class=\"wp-block-heading\">I. Origine della Messa dei Morti: Una luce nella notte<\/h2>\n\n\n\n<h3 class=\"wp-block-heading\">1. Dalle catacombe: la nascita della piet\u00e0 per i defunti<\/h3>\n\n\n\n<p>Fin dai primi secoli del cristianesimo, i fedeli si riunivano per pregare per i martiri e per i defunti, in particolare nell\u2019anniversario della loro morte. Nelle catacombe, la comunit\u00e0 cristiana celebrava l\u2019Eucaristia sui sepolcri, esprimendo cos\u00ec la profonda comunione tra vivi e morti, tra la Chiesa militante e la Chiesa sofferente.<\/p>\n\n\n\n<h3 class=\"wp-block-heading\">2. La liturgia per i defunti prende forma<\/h3>\n\n\n\n<p>Col tempo, mentre la Chiesa si strutturava, anche la liturgia per i defunti si definiva sempre pi\u00f9. La <em>Messa di Requiem<\/em>, cos\u00ec chiamata dalla prima parola dell\u2019introito (\u00ab<em>Requiem aeternam dona eis, Domine<\/em>&#8230;\u00bb) divenne il rito pi\u00f9 solenne di preghiera per il riposo eterno dei fedeli defunti.<\/p>\n\n\n\n<hr class=\"wp-block-separator has-alpha-channel-opacity\"\/>\n\n\n\n<h2 class=\"wp-block-heading\">II. La Messa di mezzanotte: tenebre, speranza e mistero<\/h2>\n\n\n\n<h3 class=\"wp-block-heading\">1. Perch\u00e9 a mezzanotte?<\/h3>\n\n\n\n<p>Celebrarla a mezzanotte non era un vezzo liturgico, ma aveva un significato simbolico profondo:<\/p>\n\n\n\n<ul class=\"wp-block-list\">\n<li><strong>La mezzanotte \u00e8 la soglia tra due giorni<\/strong>, un momento di silenzio assoluto, quando il mondo sospende le sue attivit\u00e0. \u00c8 il punto pi\u00f9 buio prima dell\u2019alba. In quell\u2019ora, la preghiera si alza con pi\u00f9 forza, come un grido che squarcia il tempo.<\/li>\n\n\n\n<li><strong>Rievoca il ritorno dello Sposo<\/strong>, come nella parabola delle vergini sagge (Mt 25,1-13), chiamate a vegliare nella notte, con le lampade accese. Allo stesso modo, la Chiesa veglia per i suoi defunti, in attesa dell\u2019incontro con il Signore.<\/li>\n\n\n\n<li><strong>Richiama il Giudizio<\/strong>, perch\u00e9 la tradizione ebraica e cristiana associano la notte e le sue veglie al mistero del passaggio da questa vita all\u2019eternit\u00e0.<\/li>\n<\/ul>\n\n\n\n<h3 class=\"wp-block-heading\">2. Il simbolismo della notte<\/h3>\n\n\n\n<p>Celebrare la Messa per i defunti nella notte ricordava ai fedeli che la morte non ha l\u2019ultima parola. Nell\u2019oscurit\u00e0 della chiesa, la luce del cero pasquale brillava con intensit\u00e0 speciale: Cristo risorto \u00e8 la luce che guida le anime verso la vita eterna.<\/p>\n\n\n\n<hr class=\"wp-block-separator has-alpha-channel-opacity\"\/>\n\n\n\n<h2 class=\"wp-block-heading\">III. La Messa di Requiem: Un tesoro liturgico della Tradizione<\/h2>\n\n\n\n<h3 class=\"wp-block-heading\">1. Cos\u2019\u00e8 la Messa di Requiem?<\/h3>\n\n\n\n<p>La <em>Messa di Requiem<\/em> \u00e8 la forma tradizionale della Santa Messa celebrata per il riposo eterno delle anime dei defunti. Essa comprende elementi propri:<\/p>\n\n\n\n<ul class=\"wp-block-list\">\n<li>L\u2019<strong>Introito<\/strong>: \u00ab<em>Requiem aeternam dona eis, Domine&#8230;<\/em>\u00bb<\/li>\n\n\n\n<li>L\u2019assenza del <strong>Gloria<\/strong> e del <strong>Credo<\/strong>, in segno di raccoglimento e lutto.<\/li>\n\n\n\n<li>La <strong>sequenza Dies irae<\/strong>: un inno potente che descrive il Giudizio universale con forza poetica e dottrinale.<\/li>\n\n\n\n<li>L\u2019<strong>Offertorio, il Sanctus, l\u2019Agnus Dei<\/strong>, e le <strong>preghiere proprie per i defunti<\/strong>.<\/li>\n\n\n\n<li>Il <strong>Libera me, Domine<\/strong>, spesso cantato alla fine come ultima supplica per l\u2019anima.<\/li>\n<\/ul>\n\n\n\n<h3 class=\"wp-block-heading\">2. Bellezza e solennit\u00e0<\/h3>\n\n\n\n<p>Lungi dall\u2019essere lugubre, questa Messa \u00e8 profondamente intrisa di speranza. La sua solennit\u00e0 non \u00e8 disperazione, ma dignit\u00e0: quella di chi riconosce il mistero della morte e affida tutto alla misericordia divina.<\/p>\n\n\n\n<hr class=\"wp-block-separator has-alpha-channel-opacity\"\/>\n\n\n\n<h2 class=\"wp-block-heading\">IV. Che fine ha fatto la Messa di mezzanotte per i defunti?<\/h2>\n\n\n\n<h3 class=\"wp-block-heading\">1. La riforma liturgica e la scomparsa progressiva<\/h3>\n\n\n\n<p>Con la riforma liturgica seguita al Concilio Vaticano II, molte forme tradizionali della liturgia sono state semplificate o sostituite. La Messa di Requiem tradizionale \u00e8 stata gradualmente abbandonata, soprattutto nelle ore notturne. L\u2019introduzione delle lingue vernacolari, la nuova struttura del messale e i cambiamenti pastorali hanno contribuito alla sua scomparsa.<\/p>\n\n\n\n<h3 class=\"wp-block-heading\">2. Un cambiamento nel modo di guardare alla morte<\/h3>\n\n\n\n<p>Oggi viviamo in una cultura che rifugge dalla morte, che preferisce ignorarla, abbellirla o negarla. L\u2019idea di una Messa a mezzanotte per i morti pu\u00f2 sembrare strana o persino inquietante. Ma ci\u00f2 rivela quanto abbiamo perso la visione cristiana della morte come passaggio alla vita eterna.<\/p>\n\n\n\n<hr class=\"wp-block-separator has-alpha-channel-opacity\"\/>\n\n\n\n<h2 class=\"wp-block-heading\">V. Cosa possiamo riscoprire oggi<\/h2>\n\n\n\n<h3 class=\"wp-block-heading\">1. Riscoprire il valore della preghiera per i defunti<\/h3>\n\n\n\n<p>Pregare per le anime del purgatorio non \u00e8 facoltativo n\u00e9 sentimentale: \u00e8 un atto profondo di carit\u00e0, e un dovere cristiano. La Messa per i defunti \u00e8 la forma pi\u00f9 potente di intercessione. Come insegna il Catechismo della Chiesa Cattolica:<\/p>\n\n\n\n<blockquote class=\"wp-block-quote is-layout-flow wp-block-quote-is-layout-flow\">\n<p>\u00abFin dai primi tempi, la Chiesa ha onorato la memoria dei defunti e ha offerto preghiere in loro suffragio, in particolare il sacrificio eucaristico, affinch\u00e9, purificati, possano giungere alla visione beatifica di Dio.\u00bb (CCC 1032)<\/p>\n<\/blockquote>\n\n\n\n<h3 class=\"wp-block-heading\">2. Far rivivere la Messa di Requiem nella sua forma tradizionale<\/h3>\n\n\n\n<p>Molti fedeli stanno riscoprendo oggi la ricchezza spirituale della Messa tradizionale, soprattutto nei momenti di lutto e intercessione. Alcune comunit\u00e0 celebrano nuovamente le Messe di Requiem, talvolta anche ad orari insoliti, come all\u2019alba del 2 novembre (Commemorazione di tutti i fedeli defunti).<\/p>\n\n\n\n<h3 class=\"wp-block-heading\">3. Vivere la comunione dei santi<\/h3>\n\n\n\n<p>La Messa dei Morti \u00e8 un\u2019espressione concreta della comunione dei santi. Pregando per i nostri defunti, li aiutiamo. E una volta in Cielo, saranno loro a intercedere per noi. Che meravigliosa catena invisibile di carit\u00e0 tra Cielo, Terra e Purgatorio!<\/p>\n\n\n\n<hr class=\"wp-block-separator has-alpha-channel-opacity\"\/>\n\n\n\n<h2 class=\"wp-block-heading\">Conclusione: L\u2019eco della notte non si \u00e8 spento<\/h2>\n\n\n\n<p>Anche se la Messa tradizionale di Requiem a mezzanotte \u00e8 oggi rara, il suo valore spirituale resta intatto. Forse \u00e8 pi\u00f9 necessaria che mai. In un mondo che teme la morte e dimentica i morti, i cristiani sono chiamati a riscoprire la forza luminosa di questa liturgia.<\/p>\n\n\n\n<p>Una Messa notturna per i defunti non \u00e8 un atto nostalgico, ma profetico. Ci ricorda che nelle tenebre pi\u00f9 profonde, Cristo risorto \u00e8 la nostra luce. Che la morte non ha l\u2019ultima parola. Che l\u2019amore vince il tempo. E che le anime attendono \u2013 nel silenzio del purgatorio \u2013 di essere ricordate, amate, e soprattutto\u2026 <strong>pregate<\/strong>.<\/p>\n\n\n\n<hr class=\"wp-block-separator has-alpha-channel-opacity\"\/>\n\n\n\n<p><strong>E tu?<\/strong><br>Hai mai fatto celebrare una Messa per i tuoi cari defunti?<br>Hai mai pensato ad accompagnarli nella preghiera \u2013 soprattutto nella notte?<br>Forse \u00e8 il momento di accendere un cero, aprire il messale e lasciare che parli il mistero.<\/p>\n\n\n\n<p>La notte \u00e8 ancora tempo di grazia.<br>E la Messa, anche nell\u2019oscurit\u00e0, resta luce di eternit\u00e0.<\/p>\n","protected":false},"excerpt":{"rendered":"<p>Introduzione: Tra il silenzio della notte e il grido dell\u2019eternit\u00e0 C\u2019\u00e8 stato un tempo in cui le campane delle chiese suonavano a mezzanotte, e i ceri ardevano come stelle nel buio del santuario. Era la Messa dei Morti, la Messa di Requiem celebrata nella notte pi\u00f9 profonda \u2013 non come un\u2019ombra, ma come una speranza &hellip;<\/p>\n","protected":false},"author":3,"featured_media":3116,"comment_status":"open","ping_status":"open","sticky":false,"template":"","format":"standard","meta":{"_seopress_robots_primary_cat":"","_seopress_titles_title":"","_seopress_titles_desc":"","_seopress_robots_index":"","footnotes":""},"categories":[52,38],"tags":[1016,1017],"class_list":["post-3115","post","type-post","status-publish","format-standard","has-post-thumbnail","","category-liturgia-e-anno-liturgico","category-storia-e-tradizione","tag-messa-dei-morti","tag-messa-di-requiem"],"_links":{"self":[{"href":"https:\/\/catholicus.eu\/it\/wp-json\/wp\/v2\/posts\/3115","targetHints":{"allow":["GET"]}}],"collection":[{"href":"https:\/\/catholicus.eu\/it\/wp-json\/wp\/v2\/posts"}],"about":[{"href":"https:\/\/catholicus.eu\/it\/wp-json\/wp\/v2\/types\/post"}],"author":[{"embeddable":true,"href":"https:\/\/catholicus.eu\/it\/wp-json\/wp\/v2\/users\/3"}],"replies":[{"embeddable":true,"href":"https:\/\/catholicus.eu\/it\/wp-json\/wp\/v2\/comments?post=3115"}],"version-history":[{"count":1,"href":"https:\/\/catholicus.eu\/it\/wp-json\/wp\/v2\/posts\/3115\/revisions"}],"predecessor-version":[{"id":3117,"href":"https:\/\/catholicus.eu\/it\/wp-json\/wp\/v2\/posts\/3115\/revisions\/3117"}],"wp:featuredmedia":[{"embeddable":true,"href":"https:\/\/catholicus.eu\/it\/wp-json\/wp\/v2\/media\/3116"}],"wp:attachment":[{"href":"https:\/\/catholicus.eu\/it\/wp-json\/wp\/v2\/media?parent=3115"}],"wp:term":[{"taxonomy":"category","embeddable":true,"href":"https:\/\/catholicus.eu\/it\/wp-json\/wp\/v2\/categories?post=3115"},{"taxonomy":"post_tag","embeddable":true,"href":"https:\/\/catholicus.eu\/it\/wp-json\/wp\/v2\/tags?post=3115"}],"curies":[{"name":"wp","href":"https:\/\/api.w.org\/{rel}","templated":true}]}}