{"id":3106,"date":"2025-04-04T22:27:00","date_gmt":"2025-04-04T20:27:00","guid":{"rendered":"https:\/\/catholicus.eu\/it\/?p=3106"},"modified":"2025-04-04T22:27:00","modified_gmt":"2025-04-04T20:27:00","slug":"ostie-e-particole-il-miracolo-silenzioso-dellaltare","status":"publish","type":"post","link":"https:\/\/catholicus.eu\/it\/ostie-e-particole-il-miracolo-silenzioso-dellaltare\/","title":{"rendered":"Ostie e Particole: Il Miracolo Silenzioso dell\u2019Altare\u00bb"},"content":{"rendered":"\n<p><em>Tutto ci\u00f2 che devi sapere sul Pane eucaristico, la sua storia, la sua venerazione e il suo profondo significato spirituale<\/em><\/p>\n\n\n\n<h2 class=\"wp-block-heading\"><strong>Introduzione: Pi\u00f9 di un semplice pezzo di pane<\/strong><\/h2>\n\n\n\n<p>A prima vista pu\u00f2 sembrare solo un piccolo disco di pane azzimo. Ma per noi cattolici che viviamo la fede con devozione, l\u2019ostia consacrata \u00e8 molto di pi\u00f9: <strong>\u00e8 Cristo stesso<\/strong>, realmente presente con il suo Corpo, Sangue, Anima e Divinit\u00e0. Il cuore della Messa pulsa silenziosamente su ogni altare, ogni volta che il sacerdote consacra il pane. Ma sappiamo davvero cosa sono le ostie e le particole? Da dove provengono? Cosa accade se un\u2019ostia si spezza o ne rimangono dei frammenti? Questo articolo \u00e8 una guida completa, spirituale ed educativa per riscoprire il mistero profondo e delicato dell\u2019Eucaristia.<\/p>\n\n\n\n<hr class=\"wp-block-separator has-alpha-channel-opacity\"\/>\n\n\n\n<h2 class=\"wp-block-heading\"><strong>1. Che cos\u2019\u00e8 un\u2019ostia? E che cosa sono le particole?<\/strong><\/h2>\n\n\n\n<p>Nella Chiesa cattolica, <strong>l\u2019ostia<\/strong> \u00e8 il pane azzimo utilizzato nella celebrazione della Santa Messa. Il termine deriva dal latino <em>hostia<\/em>, che significa \u201cvittima\u201d, in riferimento diretto a Cristo, l\u2019Agnello immolato per la nostra redenzione.<\/p>\n\n\n\n<p>Quando il sacerdote pronuncia le parole della consacrazione \u2013 \u00abQuesto \u00e8 il mio Corpo\u00bb \u2013 il pane cessa di essere pane. Attraverso il mistero della <strong>transustanziazione<\/strong>, diventa <strong>il vero Corpo di Cristo<\/strong>. Mantiene l\u2019aspetto, il gusto e la consistenza del pane, ma <strong>la sua sostanza<\/strong> \u00e8 ormai cambiata: non \u00e8 pi\u00f9 pane, \u00e8 il Signore stesso. Questo \u00e8 il cuore della fede cattolica.<\/p>\n\n\n\n<p>Le <strong>particole<\/strong> sono frammenti dell\u2019ostia consacrata che possono staccarsi durante la frazione o la distribuzione. Ed \u00e8 fondamentale comprendere questo: <strong>ogni pi\u00f9 piccola particola contiene tutto Cristo<\/strong>. Per questo motivo, la Chiesa invita a trattarle con grande cura, rispetto e adorazione.<\/p>\n\n\n\n<hr class=\"wp-block-separator has-alpha-channel-opacity\"\/>\n\n\n\n<h2 class=\"wp-block-heading\"><strong>2. Un po\u2019 di storia: dal pane spezzato al Pane consacrato<\/strong><\/h2>\n\n\n\n<h3 class=\"wp-block-heading\"><strong>Dalla Cena pasquale al sacrificio dell\u2019altare<\/strong><\/h3>\n\n\n\n<p>Nei primi secoli del Cristianesimo, i fedeli usavano pane azzimo semplice, simile a quello che Ges\u00f9 us\u00f2 nell\u2019Ultima Cena. Col tempo, per motivi pratici e simbolici, si \u00e8 sviluppata la forma dell\u2019ostia che conosciamo oggi: rotonda, bianca, sottile, azzima \u2013 simbolo di purezza ed eternit\u00e0.<\/p>\n\n\n\n<p>Nel Medioevo il processo di produzione si affin\u00f2. Si usavano stampi di ferro decorati con simboli sacri come la croce o il monogramma IHS. Ancora oggi, in molti casi, sono i monaci o le suore a preparare le ostie, con cura, silenzio e spirito di preghiera.<\/p>\n\n\n\n<hr class=\"wp-block-separator has-alpha-channel-opacity\"\/>\n\n\n\n<h2 class=\"wp-block-heading\"><strong>3. Quando un\u2019ostia \u00e8 consacrata? E cosa accade a quelle che rimangono?<\/strong><\/h2>\n\n\n\n<p>Le ostie vengono consacrate durante la Messa, nel momento culminante della <em>consacrazione<\/em>, al centro della Preghiera Eucaristica. Le ostie che avanzano dopo la Comunione vengono custodite nel <strong>tabernacolo<\/strong>, il \u201ccuore\u201d della chiesa \u2013 spesso segnalato da una lampada accesa, che dice silenziosamente: <em>Il Signore \u00e8 realmente presente qui<\/em>.<\/p>\n\n\n\n<p>Le ostie consacrate vengono conservate per:<\/p>\n\n\n\n<ul class=\"wp-block-list\">\n<li><strong>La comunione agli ammalati<\/strong> o a chi non pu\u00f2 partecipare alla Messa.<\/li>\n\n\n\n<li><strong>L\u2019adorazione eucaristica<\/strong> e le <strong>visite al Santissimo Sacramento<\/strong>.<\/li>\n\n\n\n<li><strong>La distribuzione della comunione fuori dalla Messa<\/strong>, in casi particolari.<\/li>\n<\/ul>\n\n\n\n<p>\u00c8 fondamentale sapere che <strong>Cristo non \u201cabbandona\u201d l\u2019ostia con il passare del tempo<\/strong>. Finch\u00e9 l\u2019ostia conserva l\u2019apparenza del pane, <strong>Cristo \u00e8 realmente presente in essa<\/strong>.<\/p>\n\n\n\n<hr class=\"wp-block-separator has-alpha-channel-opacity\"\/>\n\n\n\n<h2 class=\"wp-block-heading\"><strong>4. Cosa accade se un\u2019ostia si spezza? E come trattare le particole?<\/strong><\/h2>\n\n\n\n<p>Questo \u00e8 uno degli aspetti pi\u00f9 delicati e belli della vita liturgica: <strong>la cura delle particole<\/strong>.<\/p>\n\n\n\n<p>Quando un\u2019ostia viene spezzata \u2013 ad esempio nel rito della frazione \u2013 o anche solo manipolata, possono staccarsi dei frammenti. Ma bisogna ricordarlo sempre: <strong>ogni particola contiene Cristo nella sua totalit\u00e0<\/strong>.<\/p>\n\n\n\n<h3 class=\"wp-block-heading\"><strong>Si pu\u00f2 masticare l\u2019ostia? Ci sono delle regole?<\/strong><\/h3>\n\n\n\n<p>\u00c8 una domanda frequente. La Chiesa <strong>non proibisce di masticare l\u2019ostia<\/strong>, ma raccomanda sempre di farlo con rispetto e devozione. Nel rito romano tradizionale (la Messa tridentina), \u00e8 comune lasciare che l\u2019ostia si sciolga sulla lingua, come gesto di adorazione e raccoglimento.<\/p>\n\n\n\n<p>Oggi molti la masticano senza sapere che possono anche lasciarla sciogliere lentamente. La cosa pi\u00f9 importante \u00e8 <strong>lo stato del cuore<\/strong>: fede, rispetto, purezza e amore per il Signore.<\/p>\n\n\n\n<hr class=\"wp-block-separator has-alpha-channel-opacity\"\/>\n\n\n\n<h2 class=\"wp-block-heading\"><strong>5. Chi pu\u00f2 toccare l\u2019ostia? Cosa dice la Chiesa oggi?<\/strong><\/h2>\n\n\n\n<p>I ministri ordinari della Santa Comunione sono il sacerdote e il diacono. Tuttavia, oggi ci sono anche ministri straordinari \u2013 laici autorizzati in determinate circostanze.<\/p>\n\n\n\n<p>Ci\u00f2 nonostante, resta un principio fondamentale: <strong>toccare il Cristo eucaristico richiede fede, purezza e preparazione<\/strong>. Nella Messa tradizionale, ad esempio, i fedeli non toccano mai l\u2019ostia: la ricevono sulla lingua, in ginocchio, come segno visibile di adorazione.<\/p>\n\n\n\n<p>E questo non \u00e8 un costume antiquato: \u00e8 una maniera concreta per esprimere una verit\u00e0 invisibile ma reale: <strong>siamo davanti al Dio vivente<\/strong>.<\/p>\n\n\n\n<hr class=\"wp-block-separator has-alpha-channel-opacity\"\/>\n\n\n\n<h2 class=\"wp-block-heading\"><strong>6. Cosa si fa se cade un\u2019ostia? E se restano particole sull\u2019altare o nel calice?<\/strong><\/h2>\n\n\n\n<p>Se un\u2019ostia cade, il sacerdote (o il ministro) la raccoglie con grande attenzione. Spesso, il punto dove \u00e8 caduta viene purificato con acqua e asciugato con un panno sacro. Se rimangono particole sul corporale o sull\u2019altare, vengono raccolte con cura e consumate, o sciolte in acqua e poi versate nel <em>sacrarium<\/em>, un lavandino sacro che scarica direttamente nella terra consacrata.<\/p>\n\n\n\n<p>Questi gesti, apparentemente minuziosi, proclamano in silenzio una verit\u00e0 gloriosa: <strong>Cristo \u00e8 veramente presente<\/strong>.<\/p>\n\n\n\n<hr class=\"wp-block-separator has-alpha-channel-opacity\"\/>\n\n\n\n<h2 class=\"wp-block-heading\"><strong>7. Come prepararci meglio a ricevere l\u2019ostia?<\/strong><\/h2>\n\n\n\n<p>Ecco forse il punto pi\u00f9 importante di tutto l\u2019articolo: non basta <em>sapere<\/em> cosa sono ostie e particole. La vera domanda \u00e8: <strong>in che stato \u00e8 la mia anima quando mi avvicino al Corpo di Cristo?<\/strong><\/p>\n\n\n\n<p>La Chiesa insegna che per ricevere degnamente la Comunione, \u00e8 necessario:<\/p>\n\n\n\n<ul class=\"wp-block-list\">\n<li>Essere in <strong>stato di grazia<\/strong> (cio\u00e8 senza peccato mortale),<\/li>\n\n\n\n<li>Aver osservato il <strong>digiuno eucaristico<\/strong> (almeno un\u2019ora senza cibo o bevande, eccetto l\u2019acqua),<\/li>\n\n\n\n<li>Avere un <strong>desiderio ardente<\/strong> di ricevere il Signore con fede viva.<\/li>\n<\/ul>\n\n\n\n<p>Quando queste condizioni sono vissute con amore, la Comunione non \u00e8 un semplice rito, ma diventa <strong>un incontro trasformante con Cristo<\/strong>.<\/p>\n\n\n\n<hr class=\"wp-block-separator has-alpha-channel-opacity\"\/>\n\n\n\n<h2 class=\"wp-block-heading\"><strong>8. In tempi di crisi: un richiamo alla riverenza<\/strong><\/h2>\n\n\n\n<p>Negli ultimi anni si \u00e8 notato un certo smarrimento del senso del sacro: vasi poco idonei, distribuzioni frettolose, mancanza di fede nella Presenza Reale\u2026 Tutto questo \u00e8 un invito urgente al rinnovamento.<\/p>\n\n\n\n<p>E questo rinnovamento non parte dagli altari\u2026 <strong>comincia da me e da te<\/strong>. Quando comprendiamo il valore di una sola ostia, di una sola particola, riscopriamo che <strong>il Cielo ci viene donato in ogni Messa<\/strong>.<\/p>\n\n\n\n<hr class=\"wp-block-separator has-alpha-channel-opacity\"\/>\n\n\n\n<h2 class=\"wp-block-heading\"><strong>Conclusione: Il miracolo continua\u2026 in silenzio<\/strong><\/h2>\n\n\n\n<p>Le ostie e le particole non sono semplici simboli. Non sono solo oggetti sacri. Sono <strong>il Corpo del Signore<\/strong>. E questo mistero \u2013 cos\u00ec grande e al tempo stesso cos\u00ec umile \u2013 si rinnova ogni giorno, su ogni altare del mondo.<\/p>\n\n\n\n<p>Che questo articolo ti ispiri a non ricevere mai pi\u00f9 l\u2019Eucaristia con superficialit\u00e0. Prenditi un momento in pi\u00f9. Guarda il tabernacolo con pi\u00f9 amore. Ricevi l\u2019ostia con una fede pi\u00f9 viva. Perch\u00e9 <strong>tutto il Cielo \u00e8 contenuto in quella piccola particola\u2026 e ti sta aspettando<\/strong>.<\/p>\n","protected":false},"excerpt":{"rendered":"<p>Tutto ci\u00f2 che devi sapere sul Pane eucaristico, la sua storia, la sua venerazione e il suo profondo significato spirituale Introduzione: Pi\u00f9 di un semplice pezzo di pane A prima vista pu\u00f2 sembrare solo un piccolo disco di pane azzimo. Ma per noi cattolici che viviamo la fede con devozione, l\u2019ostia consacrata \u00e8 molto di &hellip;<\/p>\n","protected":false},"author":3,"featured_media":3107,"comment_status":"open","ping_status":"open","sticky":false,"template":"","format":"standard","meta":{"_seopress_robots_primary_cat":"","_seopress_titles_title":"","_seopress_titles_desc":"","_seopress_robots_index":"","footnotes":""},"categories":[52,38],"tags":[1012],"class_list":["post-3106","post","type-post","status-publish","format-standard","has-post-thumbnail","","category-liturgia-e-anno-liturgico","category-storia-e-tradizione","tag-ostie-e-particole"],"_links":{"self":[{"href":"https:\/\/catholicus.eu\/it\/wp-json\/wp\/v2\/posts\/3106","targetHints":{"allow":["GET"]}}],"collection":[{"href":"https:\/\/catholicus.eu\/it\/wp-json\/wp\/v2\/posts"}],"about":[{"href":"https:\/\/catholicus.eu\/it\/wp-json\/wp\/v2\/types\/post"}],"author":[{"embeddable":true,"href":"https:\/\/catholicus.eu\/it\/wp-json\/wp\/v2\/users\/3"}],"replies":[{"embeddable":true,"href":"https:\/\/catholicus.eu\/it\/wp-json\/wp\/v2\/comments?post=3106"}],"version-history":[{"count":1,"href":"https:\/\/catholicus.eu\/it\/wp-json\/wp\/v2\/posts\/3106\/revisions"}],"predecessor-version":[{"id":3108,"href":"https:\/\/catholicus.eu\/it\/wp-json\/wp\/v2\/posts\/3106\/revisions\/3108"}],"wp:featuredmedia":[{"embeddable":true,"href":"https:\/\/catholicus.eu\/it\/wp-json\/wp\/v2\/media\/3107"}],"wp:attachment":[{"href":"https:\/\/catholicus.eu\/it\/wp-json\/wp\/v2\/media?parent=3106"}],"wp:term":[{"taxonomy":"category","embeddable":true,"href":"https:\/\/catholicus.eu\/it\/wp-json\/wp\/v2\/categories?post=3106"},{"taxonomy":"post_tag","embeddable":true,"href":"https:\/\/catholicus.eu\/it\/wp-json\/wp\/v2\/tags?post=3106"}],"curies":[{"name":"wp","href":"https:\/\/api.w.org\/{rel}","templated":true}]}}