{"id":3082,"date":"2025-04-03T22:04:34","date_gmt":"2025-04-03T20:04:34","guid":{"rendered":"https:\/\/catholicus.eu\/it\/?p=3082"},"modified":"2025-04-03T22:04:35","modified_gmt":"2025-04-03T20:04:35","slug":"perche-il-sacerdote-copriva-il-calice-con-un-velum-il-significato-del-velo-liturgico","status":"publish","type":"post","link":"https:\/\/catholicus.eu\/it\/perche-il-sacerdote-copriva-il-calice-con-un-velum-il-significato-del-velo-liturgico\/","title":{"rendered":"Perch\u00e9 il Sacerdote Copriva il Calice con un &#8216;Velum&#8217;? Il Significato del Velo Liturgico"},"content":{"rendered":"\n<h3 class=\"wp-block-heading\"><strong>Introduzione: Un Dettaglio Dimenticato che Nasconde un Profondo Mistero<\/strong><\/h3>\n\n\n\n<p>Nella Messa Tradizionale Latina, ogni gesto, ogni oggetto e ogni parola sono carichi di significato soprannaturale. Tra questi elementi, uno dei pi\u00f9 evocativi &#8211; e oggi purtroppo trascurato &#8211; \u00e8 il&nbsp;<em>velo liturgico<\/em>&nbsp;che copriva il calice prima e dopo la Consacrazione.<\/p>\n\n\n\n<p>Questo fine drappo, spesso ricamato con croci o simboli eucaristici, non era una semplice decorazione. Era un segno di reverenza, un richiamo al&nbsp;<em>mistero velato<\/em>&nbsp;che si nasconde sotto le specie del pane e del vino: la Presenza Reale di Cristo.<\/p>\n\n\n\n<p>In un mondo dove il sacro viene spesso banalizzato, riscoprire il senso del velo del calice ci invita a recuperare lo&nbsp;<em>stupore<\/em>&nbsp;davanti all&#8217;Eucaristia e ad approfondire il rispetto dovuto al Santissimo Sacramento.<\/p>\n\n\n\n<hr class=\"wp-block-separator has-alpha-channel-opacity\"\/>\n\n\n\n<h3 class=\"wp-block-heading\"><strong>I. Origini Storiche: Da Quando si Usa il Velo sul Calice?<\/strong><\/h3>\n\n\n\n<p>L&#8217;uso del velo liturgico risale ai primi secoli del cristianesimo, sebbene la sua forma e il suo simbolismo si siano evoluti nel tempo.<\/p>\n\n\n\n<ul class=\"wp-block-list\">\n<li><strong>Antico Testamento:<\/strong>\u00a0Nel Tempio di Gerusalemme, il\u00a0<em>velo<\/em>\u00a0separava il Sancta Sanctorum, il luogo pi\u00f9 sacro dove solo il Sommo Sacerdote poteva entrare (Esodo 26:33). Questo velo si squarci\u00f2 alla morte di Cristo (Matteo 27:51), simbolizzando l&#8217;accesso diretto a Dio, ma anche ricordandoci che il sacro rimane\u00a0<em>misterioso<\/em>.<\/li>\n\n\n\n<li><strong>IV-V Secolo:<\/strong>\u00a0I primi cristiani coprivano i vasi sacri per rispetto, seguendo l&#8217;usanza ebraica di velare gli oggetti sacri.<\/li>\n\n\n\n<li><strong>Medioevo:<\/strong>\u00a0Il velo del calice si formalizz\u00f2 nella liturgia romana, adottando colori liturgici e ricami preziosi, riflettendo la\u00a0<em>dignit\u00e0<\/em>\u00a0del Sacramento.<\/li>\n<\/ul>\n\n\n\n<p>Il Codice di Diritto Canonico del 1917 lo prescriveva addirittura come obbligatorio, dimostrando la sua importanza nella disciplina ecclesiastica.<\/p>\n\n\n\n<hr class=\"wp-block-separator has-alpha-channel-opacity\"\/>\n\n\n\n<h3 class=\"wp-block-heading\"><strong>II. Significato Teologico: Perch\u00e9 si Copriva il Calice?<\/strong><\/h3>\n\n\n\n<p>Il velo non era un semplice panno, ma un&nbsp;<em>simbolo teologico<\/em>&nbsp;che insegnava verit\u00e0 profonde:<\/p>\n\n\n\n<h4 class=\"wp-block-heading\"><strong>1. Il Mistero della Fede: Il Divino Nascosto agli Occhi Umani<\/strong><\/h4>\n\n\n\n<p>L&#8217;Eucaristia \u00e8 il&nbsp;<em>Mysterium Fidei<\/em>&nbsp;per eccellenza. Come il corpo di Cristo fu velato nella mangiatoia e nel sepolcro, il calice coperto ci ricorda che, sotto l&#8217;apparenza del vino, c&#8217;\u00e8 il&nbsp;<em>Preziosissimo Sangue<\/em>&nbsp;di Nostro Signore.<\/p>\n\n\n\n<blockquote class=\"wp-block-quote is-layout-flow wp-block-quote-is-layout-flow\">\n<p><em>&#8220;Il velo \u00e8 come il silenzio che avvolge il sacro: non per negarlo, ma per proteggerlo da sguardi profani.&#8221;<\/em><\/p>\n<\/blockquote>\n\n\n\n<h4 class=\"wp-block-heading\"><strong>2. Rispetto e Adorazione<\/strong><\/h4>\n\n\n\n<p>Nella societ\u00e0 attuale, dove tutto viene mostrato senza ritegno, il velo liturgico ci insegna che alcune realt\u00e0 esigono&nbsp;<em>riverenza<\/em>. Coprire il calice era un atto di umilt\u00e0, riconoscendo che siamo davanti al&nbsp;<em>Santo dei Santi<\/em>.<\/p>\n\n\n\n<h4 class=\"wp-block-heading\"><strong>3. Il Velo come Simbolo Mariano<\/strong><\/h4>\n\n\n\n<p>Alcuni Padri della Chiesa paragonavano il velo del calice al&nbsp;<em>grembo della Vergine Maria<\/em>, che &#8220;vel\u00f2&#8221; e protesse il Verbo Incarnato. Cos\u00ec, il calice velato riflette la stessa cura con cui Dio entr\u00f2 nel mondo.<\/p>\n\n\n\n<h4 class=\"wp-block-heading\"><strong>4. Preparazione e Attesa<\/strong><\/h4>\n\n\n\n<p>Prima della Consacrazione, il velo indicava che il calice si stava&nbsp;<em>preparando<\/em>&nbsp;a ricevere il Sangue di Cristo. Dopo, lo proteggeva da impurit\u00e0, ricordando che il sacro non deve essere esposto senza necessit\u00e0.<\/p>\n\n\n\n<hr class=\"wp-block-separator has-alpha-channel-opacity\"\/>\n\n\n\n<h3 class=\"wp-block-heading\"><strong>III. Perch\u00e9 si \u00e8 Smesso di Usarlo? Il Cambiamento Liturgico e le sue Conseguenze<\/strong><\/h3>\n\n\n\n<p>Con la riforma liturgica post-Concilio Vaticano II (1969), molte usanze tradizionali, come il velo del calice, caddero in disuso. Le ragioni furono varie:<\/p>\n\n\n\n<ul class=\"wp-block-list\">\n<li><strong>Semplificazione dei riti:<\/strong>\u00a0Si cerc\u00f2 una liturgia pi\u00f9 &#8220;accessibile&#8221;, ma nel processo si persero gesti che insegnavano il\u00a0<em>mistero<\/em>.<\/li>\n\n\n\n<li><strong>Cambiamento di mentalit\u00e0:<\/strong>\u00a0La tendenza a rendere tutto pi\u00f9 &#8220;visibile&#8221; port\u00f2 a trascurare il senso del\u00a0<em>nascosto<\/em>\u00a0nella fede.<\/li>\n<\/ul>\n\n\n\n<p>Tuttavia, nella&nbsp;<em>Forma Straordinaria<\/em>&nbsp;(Messa Tradizionale), il velo continua a essere usato, mantenendo viva questa tradizione.<\/p>\n\n\n\n<hr class=\"wp-block-separator has-alpha-channel-opacity\"\/>\n\n\n\n<h3 class=\"wp-block-heading\"><strong>IV. Perch\u00e9 Recuperare il Senso del Velo Liturgico Oggi?<\/strong><\/h3>\n\n\n\n<p>In un&#8217;epoca in cui il sacro viene banalizzato, riscoprire il velo del calice pu\u00f2 essere un&nbsp;<em>antidoto<\/em>&nbsp;contro la mancanza di reverenza:<\/p>\n\n\n\n<ol start=\"1\" class=\"wp-block-list\">\n<li><strong>Insegna lo Stupore:<\/strong>\u00a0Ricorda che l&#8217;Eucaristia non \u00e8 qualcosa di comune, ma il miracolo pi\u00f9 grande.<\/li>\n\n\n\n<li><strong>Protegge il Mistero:<\/strong>\u00a0In un mondo rumoroso, il velo invita al\u00a0<em>silenzio<\/em>\u00a0e alla contemplazione.<\/li>\n\n\n\n<li><strong>Rafforza la Fede:<\/strong>\u00a0Ogni dettaglio liturgico \u00e8\u00a0<em>catechesi<\/em>. Il velo ci ricorda che, anche se non vediamo Cristo con gli occhi, Egli \u00e8 realmente presente.<\/li>\n<\/ol>\n\n\n\n<hr class=\"wp-block-separator has-alpha-channel-opacity\"\/>\n\n\n\n<h3 class=\"wp-block-heading\"><strong>Conclusione: Recuperare la Bellezza del Sacro<\/strong><\/h3>\n\n\n\n<p>Il velo del calice non \u00e8 un &#8220;reperto museale&#8221;, ma un&nbsp;<em>invito<\/em>&nbsp;a vivere l&#8217;Eucaristia con maggiore profondit\u00e0. In un tempo in cui molti cattolici hanno perso il senso del sacro, tornare a questi dettagli pu\u00f2 essere un cammino per ravvivare l&#8217;<em>adorazione<\/em>, il&nbsp;<em>rispetto<\/em>&nbsp;e l&#8217;<em>amore<\/em>&nbsp;verso il Santissimo Sacramento.<\/p>\n\n\n\n<p>Come diceva San Giovanni Maria Vianney:<\/p>\n\n\n\n<blockquote class=\"wp-block-quote is-layout-flow wp-block-quote-is-layout-flow\">\n<p><em>&#8220;Se capissimo ci\u00f2 che avviene nella Messa, moriremmo d&#8217;amore.&#8221;<\/em><\/p>\n<\/blockquote>\n\n\n\n<p>Il velo del calice ci aiuta a&nbsp;<em>non dimenticare<\/em>&nbsp;che, dietro ci\u00f2 che apparentemente \u00e8 piccolo, si nasconde l&#8217;intero Cielo.<\/p>\n\n\n\n<p><strong>E tu? Avevi notato questo dettaglio? Pensi che recuperare questi segni aiuterebbe a vivere una fede pi\u00f9 profonda?<\/strong><\/p>\n\n\n\n<p><em>Condividi questo articolo e parliamo insieme della bellezza della Tradizione cattolica!<\/em><\/p>\n","protected":false},"excerpt":{"rendered":"<p>Introduzione: Un Dettaglio Dimenticato che Nasconde un Profondo Mistero Nella Messa Tradizionale Latina, ogni gesto, ogni oggetto e ogni parola sono carichi di significato soprannaturale. Tra questi elementi, uno dei pi\u00f9 evocativi &#8211; e oggi purtroppo trascurato &#8211; \u00e8 il&nbsp;velo liturgico&nbsp;che copriva il calice prima e dopo la Consacrazione. Questo fine drappo, spesso ricamato con &hellip;<\/p>\n","protected":false},"author":3,"featured_media":3083,"comment_status":"open","ping_status":"open","sticky":false,"template":"","format":"standard","meta":{"_seopress_robots_primary_cat":"","_seopress_titles_title":"","_seopress_titles_desc":"","_seopress_robots_index":"","footnotes":""},"categories":[52,38],"tags":[1003,1002],"class_list":["post-3082","post","type-post","status-publish","format-standard","has-post-thumbnail","","category-liturgia-e-anno-liturgico","category-storia-e-tradizione","tag-velo-liturgico","tag-velum"],"_links":{"self":[{"href":"https:\/\/catholicus.eu\/it\/wp-json\/wp\/v2\/posts\/3082","targetHints":{"allow":["GET"]}}],"collection":[{"href":"https:\/\/catholicus.eu\/it\/wp-json\/wp\/v2\/posts"}],"about":[{"href":"https:\/\/catholicus.eu\/it\/wp-json\/wp\/v2\/types\/post"}],"author":[{"embeddable":true,"href":"https:\/\/catholicus.eu\/it\/wp-json\/wp\/v2\/users\/3"}],"replies":[{"embeddable":true,"href":"https:\/\/catholicus.eu\/it\/wp-json\/wp\/v2\/comments?post=3082"}],"version-history":[{"count":1,"href":"https:\/\/catholicus.eu\/it\/wp-json\/wp\/v2\/posts\/3082\/revisions"}],"predecessor-version":[{"id":3084,"href":"https:\/\/catholicus.eu\/it\/wp-json\/wp\/v2\/posts\/3082\/revisions\/3084"}],"wp:featuredmedia":[{"embeddable":true,"href":"https:\/\/catholicus.eu\/it\/wp-json\/wp\/v2\/media\/3083"}],"wp:attachment":[{"href":"https:\/\/catholicus.eu\/it\/wp-json\/wp\/v2\/media?parent=3082"}],"wp:term":[{"taxonomy":"category","embeddable":true,"href":"https:\/\/catholicus.eu\/it\/wp-json\/wp\/v2\/categories?post=3082"},{"taxonomy":"post_tag","embeddable":true,"href":"https:\/\/catholicus.eu\/it\/wp-json\/wp\/v2\/tags?post=3082"}],"curies":[{"name":"wp","href":"https:\/\/api.w.org\/{rel}","templated":true}]}}