{"id":3040,"date":"2025-04-02T12:28:36","date_gmt":"2025-04-02T10:28:36","guid":{"rendered":"https:\/\/catholicus.eu\/it\/?p=3040"},"modified":"2025-04-02T12:28:36","modified_gmt":"2025-04-02T10:28:36","slug":"i-peccati-sociali-che-quasi-nessuno-confessa-sei-colpevole-senza-saperlo","status":"publish","type":"post","link":"https:\/\/catholicus.eu\/it\/i-peccati-sociali-che-quasi-nessuno-confessa-sei-colpevole-senza-saperlo\/","title":{"rendered":"I Peccati Sociali che Quasi Nessuno Confessa: Sei Colpevole Senza Saperlo?"},"content":{"rendered":"\n<h2 class=\"wp-block-heading\"><strong>Introduzione: Quando il Peccato Non \u00e8 Solo &#8220;Personale&#8221;<\/strong><\/h2>\n\n\n\n<p>In un mondo iperconnesso, dove le nostre azioni (o omissioni) hanno ripercussioni globali, la Chiesa Cattolica ci ricorda una verit\u00e0 cruciale: <strong>il peccato non \u00e8 sempre individuale<\/strong>. Esiste una dimensione sociale del male che, sebbene raramente discussa in confessione, macchia l&#8217;anima e corrode la societ\u00e0.<\/p>\n\n\n\n<p>Hai mai pensato che il tuo silenzio di fronte all&#8217;ingiustizia, il tuo consumismo sfrenato o persino la tua indifferenza politica potrebbero essere peccati? Non si tratta di colpevolizzare, ma di illuminare. San Giovanni Paolo II metteva in guardia contro le <strong>&#8220;strutture di peccato&#8221;<\/strong>, e il Catechismo (1868) afferma che esistono mali che ci coinvolgono tutti, anche involontariamente.<\/p>\n\n\n\n<p>Questo articolo non \u00e8 un giudizio, ma una bussola spirituale. Esploreremo:<\/p>\n\n\n\n<ol start=\"1\" class=\"wp-block-list\">\n<li><strong>Cosa sono i peccati sociali?<\/strong> (Definizione teologica e storica)<\/li>\n\n\n\n<li><strong>I 7 peccati sociali pi\u00f9 gravi oggi<\/strong> (con esempi attuali)<\/li>\n\n\n\n<li><strong>Come confessarli e ripararli?<\/strong> (Guida pratica)<\/li>\n<\/ol>\n\n\n\n<hr class=\"wp-block-separator has-alpha-channel-opacity\"\/>\n\n\n\n<h2 class=\"wp-block-heading\"><strong>1. Origine del Concetto di &#8220;Peccato Sociale&#8221;<\/strong><\/h2>\n\n\n\n<h3 class=\"wp-block-heading\"><strong>Radici Bibliche<\/strong><\/h3>\n\n\n\n<p>La Bibbia non usa il termine &#8220;peccati sociali&#8221;, ma <strong>condanna ripetutamente le ingiustizie collettive<\/strong>:<\/p>\n\n\n\n<ul class=\"wp-block-list\">\n<li><strong>Sodoma e Gomorra<\/strong> (Genesi 18:20): Distrutte non solo per peccati sessuali, ma per <strong>orgoglio, oppressione dei poveri e indifferenza<\/strong> (Ezechiele 16:49)<\/li>\n\n\n\n<li><strong>I Profeti<\/strong> (Amos, Isaia) denunciano chi &#8220;calpesta il povero&#8221; (Amos 2:6-7)<\/li>\n\n\n\n<li><strong>Ges\u00f9<\/strong> condanna i farisei per <strong>&#8220;aver trascurato la giustizia e la misericordia&#8221;<\/strong> (Matteo 23:23)<\/li>\n<\/ul>\n\n\n\n<h3 class=\"wp-block-heading\"><strong>Sviluppo nella Dottrina Sociale della Chiesa<\/strong><\/h3>\n\n\n\n<p>Con la Rivoluzione Industriale emersero nuove piaghe: sfruttamento, capitalismo selvaggio, miseria operaia. La Chiesa rispose con encicliche come:<\/p>\n\n\n\n<ul class=\"wp-block-list\">\n<li><strong>&#8220;Rerum Novarum&#8221; (Leone XIII, 1891)<\/strong>: Condanna lo sfruttamento e difende i diritti dei lavoratori<\/li>\n\n\n\n<li><strong>&#8220;Quadragesimo Anno&#8221; (Pio XI, 1931)<\/strong>: Introduce esplicitamente i <strong>&#8220;peccati sociali&#8221;<\/strong><\/li>\n\n\n\n<li><strong>San Giovanni Paolo II<\/strong> approfondisce in <strong>&#8220;Sollicitudo Rei Socialis&#8221; (1987)<\/strong> denunciando <strong>&#8220;meccanismi economici, politici e culturali che perpetuano il male&#8221;<\/strong><\/li>\n<\/ul>\n\n\n\n<hr class=\"wp-block-separator has-alpha-channel-opacity\"\/>\n\n\n\n<h2 class=\"wp-block-heading\"><strong>2. I 7 Peccati Sociali che Forse Stai Commettendo<\/strong><\/h2>\n\n\n\n<p>Il Catechismo (1868) definisce: <strong>&#8220;Peccato sociale \u00e8 ogni azione od omissione contro la giustizia che danneggia il prossimo o la comunit\u00e0&#8221;<\/strong>. Ecco i pi\u00f9 gravi oggi:<\/p>\n\n\n\n<h3 class=\"wp-block-heading\"><strong>1. Scandalizzare (CCC 2284-2287)<\/strong><\/h3>\n\n\n\n<ul class=\"wp-block-list\">\n<li><strong>Cos&#8217;\u00e8?<\/strong> Indurre altri a peccare con l&#8217;esempio o le parole<\/li>\n\n\n\n<li><strong>Esempi attuali<\/strong>:\n<ul class=\"wp-block-list\">\n<li><strong>Social media<\/strong>: Promuovere stili di vita edonisti (es. influencer che ostentano lussi osceni)<\/li>\n\n\n\n<li><strong>Media<\/strong>: Normalizzare aborto, violenza o corruzione<\/li>\n<\/ul>\n<\/li>\n<\/ul>\n\n\n\n<h3 class=\"wp-block-heading\"><strong>2. Indifferenza all&#8217;Ingiustizia (CCC 1938)<\/strong><\/h3>\n\n\n\n<ul class=\"wp-block-list\">\n<li><strong>Cos&#8217;\u00e8?<\/strong> Sapere dell&#8217;oppressione e non agire<\/li>\n\n\n\n<li><strong>Esempi attuali<\/strong>:\n<ul class=\"wp-block-list\">\n<li>Ignorare la tratta di esseri umani<\/li>\n\n\n\n<li>Non denunciare frodi sul lavoro<\/li>\n<\/ul>\n<\/li>\n<\/ul>\n\n\n\n<h3 class=\"wp-block-heading\"><strong>3. Collaborazione al Male (CCC 1868, 2489)<\/strong><\/h3>\n\n\n\n<ul class=\"wp-block-list\">\n<li><strong>Cos&#8217;\u00e8?<\/strong> Partecipare (anche indirettamente) ad azioni immorali<\/li>\n\n\n\n<li><strong>Esempi attuali<\/strong>:\n<ul class=\"wp-block-list\">\n<li><strong>Comprare da aziende che sfruttano bambini<\/strong><\/li>\n\n\n\n<li><strong>Votare politici che promuovono leggi anti-cristiane<\/strong><\/li>\n<\/ul>\n<\/li>\n<\/ul>\n\n\n\n<h3 class=\"wp-block-heading\"><strong>4. Accumulo Smodato di Ricchezze (CCC 2401, 2445)<\/strong><\/h3>\n\n\n\n<ul class=\"wp-block-list\">\n<li><strong>Cos&#8217;\u00e8?<\/strong> Vivere nel lusso mentre altri muoiono di fame<\/li>\n\n\n\n<li><strong>Esempi attuali<\/strong>:\n<ul class=\"wp-block-list\">\n<li><strong>Consumismo sfrenato<\/strong> con 800 milioni di affamati<\/li>\n\n\n\n<li><strong>Speculazioni finanziarie<\/strong> che impoveriscono nazioni<\/li>\n<\/ul>\n<\/li>\n<\/ul>\n\n\n\n<h3 class=\"wp-block-heading\"><strong>5. Inquinamento Ambientale (CCC 2415, Laudato Si&#8217;)<\/strong><\/h3>\n\n\n\n<ul class=\"wp-block-list\">\n<li><strong>Cos&#8217;\u00e8?<\/strong> Danneggiare il Creato per negligenza o avidit\u00e0<\/li>\n\n\n\n<li><strong>Esempi attuali<\/strong>:\n<ul class=\"wp-block-list\">\n<li><strong>Abuso di plastica<\/strong><\/li>\n\n\n\n<li><strong>Sostenere aziende che inquinano fiumi<\/strong><\/li>\n<\/ul>\n<\/li>\n<\/ul>\n\n\n\n<h3 class=\"wp-block-heading\"><strong>6. Diffamazione Pubblica (CCC 2477-2479)<\/strong><\/h3>\n\n\n\n<ul class=\"wp-block-list\">\n<li><strong>Cos&#8217;\u00e8?<\/strong> Rovinare reputazioni con menzogne<\/li>\n\n\n\n<li><strong>Esempi attuali<\/strong>:\n<ul class=\"wp-block-list\">\n<li><strong>&#8220;Cancellare&#8221; qualcuno online senza prove<\/strong><\/li>\n\n\n\n<li><strong>Media che diffamano la Chiesa<\/strong><\/li>\n<\/ul>\n<\/li>\n<\/ul>\n\n\n\n<h3 class=\"wp-block-heading\"><strong>7. Negligenza del Dovere Civico (CCC 1915, 2239)<\/strong><\/h3>\n\n\n\n<ul class=\"wp-block-list\">\n<li><strong>Cos&#8217;\u00e8?<\/strong> Non votare, non informarsi, non esigere giustizia<\/li>\n\n\n\n<li><strong>Esempi attuali<\/strong>:\n<ul class=\"wp-block-list\">\n<li><strong>&#8220;La politica non mi riguarda&#8221;<\/strong> mentre leggi attaccano vita e famiglia<\/li>\n<\/ul>\n<\/li>\n<\/ul>\n\n\n\n<hr class=\"wp-block-separator has-alpha-channel-opacity\"\/>\n\n\n\n<h2 class=\"wp-block-heading\"><strong>3. Come Confessare e Riparare Questi Peccati?<\/strong><\/h2>\n\n\n\n<h3 class=\"wp-block-heading\"><strong>Esame di Coscienza Sociale<\/strong><\/h3>\n\n\n\n<p>Prima di confessarti, chiediti:<\/p>\n\n\n\n<ol start=\"1\" class=\"wp-block-list\">\n<li>Ho favorito qualcosa di dannoso (pettegolezzi, consumismo)?<\/li>\n\n\n\n<li>Ho ignorato un&#8217;ingiustizia (povert\u00e0, aborto)?<\/li>\n\n\n\n<li>Partecipo a strutture peccaminose (aziende immorali)?<\/li>\n<\/ol>\n\n\n\n<h3 class=\"wp-block-heading\"><strong>Confessione Specifica<\/strong><\/h3>\n\n\n\n<ul class=\"wp-block-list\">\n<li><strong>Non dire solo<\/strong>: &#8220;Sono stato indifferente&#8221;<\/li>\n\n\n\n<li><strong>Sii preciso<\/strong>: &#8220;Non ho aiutato un migrante discriminato&#8221; o &#8220;Ho comprato da sfruttatori&#8221;<\/li>\n<\/ul>\n\n\n\n<h3 class=\"wp-block-heading\"><strong>Riparazione Concreta<\/strong><\/h3>\n\n\n\n<ul class=\"wp-block-list\">\n<li><strong>Boicottare aziende immorali<\/strong> (informati prima di acquistare)<\/li>\n\n\n\n<li><strong>Donare a cause giuste<\/strong> (pro-vita, aiuto ai poveri)<\/li>\n\n\n\n<li><strong>Educare gli altri<\/strong> (parlare di questi peccati in famiglia)<\/li>\n<\/ul>\n\n\n\n<hr class=\"wp-block-separator has-alpha-channel-opacity\"\/>\n\n\n\n<h2 class=\"wp-block-heading\"><strong>Conclusione: Una Chiamata alla Santit\u00e0 Collettiva<\/strong><\/h2>\n\n\n\n<p>Dio ci giudicher\u00e0 non solo per ci\u00f2 che abbiamo fatto, ma <strong>per ci\u00f2 che abbiamo omesso<\/strong> (Matteo 25:45). I peccati sociali sono un campanello d&#8217;allarme: <strong>la santit\u00e0 non \u00e8 solo personale &#8211; \u00e8 comunitaria<\/strong>.<\/p>\n\n\n\n<p>Oggi chiediti: <strong>Sono complice del male con azioni, omissioni o indifferenza?<\/strong> La buona notizia \u00e8 che Confessione e riparazione ci guariscono. Come diceva San \u00d3scar Romero:<\/p>\n\n\n\n<blockquote class=\"wp-block-quote is-layout-flow wp-block-quote-is-layout-flow\">\n<p><em>&#8220;La Chiesa non \u00e8 un&#8217;ONG spirituale. \u00c8 qui per convertire i cuori&#8230; e le strutture.&#8221;<\/em><\/p>\n<\/blockquote>\n\n\n\n<p><strong>Sei pronto a cambiare il mondo partendo da te stesso?<\/strong><\/p>\n\n\n\n<hr class=\"wp-block-separator has-alpha-channel-opacity\"\/>\n\n\n\n<p><strong>Questo articolo ti \u00e8 stato utile? Condividilo per combattere l&#8217;indifferenza.<\/strong> La misericordia di Dio ci attende &#8211; ma esige anche azioni!<\/p>\n","protected":false},"excerpt":{"rendered":"<p>Introduzione: Quando il Peccato Non \u00e8 Solo &#8220;Personale&#8221; In un mondo iperconnesso, dove le nostre azioni (o omissioni) hanno ripercussioni globali, la Chiesa Cattolica ci ricorda una verit\u00e0 cruciale: il peccato non \u00e8 sempre individuale. Esiste una dimensione sociale del male che, sebbene raramente discussa in confessione, macchia l&#8217;anima e corrode la societ\u00e0. Hai mai &hellip;<\/p>\n","protected":false},"author":3,"featured_media":3041,"comment_status":"open","ping_status":"open","sticky":false,"template":"","format":"standard","meta":{"_seopress_robots_primary_cat":"","_seopress_titles_title":"","_seopress_titles_desc":"","_seopress_robots_index":"","footnotes":""},"categories":[37,46],"tags":[990],"class_list":["post-3040","post","type-post","status-publish","format-standard","has-post-thumbnail","","category-dottrina-e-fede","category-sacramenti","tag-peccati-sociali"],"_links":{"self":[{"href":"https:\/\/catholicus.eu\/it\/wp-json\/wp\/v2\/posts\/3040","targetHints":{"allow":["GET"]}}],"collection":[{"href":"https:\/\/catholicus.eu\/it\/wp-json\/wp\/v2\/posts"}],"about":[{"href":"https:\/\/catholicus.eu\/it\/wp-json\/wp\/v2\/types\/post"}],"author":[{"embeddable":true,"href":"https:\/\/catholicus.eu\/it\/wp-json\/wp\/v2\/users\/3"}],"replies":[{"embeddable":true,"href":"https:\/\/catholicus.eu\/it\/wp-json\/wp\/v2\/comments?post=3040"}],"version-history":[{"count":1,"href":"https:\/\/catholicus.eu\/it\/wp-json\/wp\/v2\/posts\/3040\/revisions"}],"predecessor-version":[{"id":3042,"href":"https:\/\/catholicus.eu\/it\/wp-json\/wp\/v2\/posts\/3040\/revisions\/3042"}],"wp:featuredmedia":[{"embeddable":true,"href":"https:\/\/catholicus.eu\/it\/wp-json\/wp\/v2\/media\/3041"}],"wp:attachment":[{"href":"https:\/\/catholicus.eu\/it\/wp-json\/wp\/v2\/media?parent=3040"}],"wp:term":[{"taxonomy":"category","embeddable":true,"href":"https:\/\/catholicus.eu\/it\/wp-json\/wp\/v2\/categories?post=3040"},{"taxonomy":"post_tag","embeddable":true,"href":"https:\/\/catholicus.eu\/it\/wp-json\/wp\/v2\/tags?post=3040"}],"curies":[{"name":"wp","href":"https:\/\/api.w.org\/{rel}","templated":true}]}}