{"id":3022,"date":"2025-04-01T22:26:20","date_gmt":"2025-04-01T20:26:20","guid":{"rendered":"https:\/\/catholicus.eu\/it\/?p=3022"},"modified":"2025-04-01T22:26:20","modified_gmt":"2025-04-01T20:26:20","slug":"e-peccato-pregare-per-gli-animali-linsegnamento-dimenticato-della-chiesa-sullanima-degli-animali-domestici","status":"publish","type":"post","link":"https:\/\/catholicus.eu\/it\/e-peccato-pregare-per-gli-animali-linsegnamento-dimenticato-della-chiesa-sullanima-degli-animali-domestici\/","title":{"rendered":"\u00c8 peccato pregare per gli animali? L\u2019insegnamento dimenticato della Chiesa sull\u2019anima degli animali domestici"},"content":{"rendered":"\n<p>Immagina questa scena: un bambino, con le lacrime agli occhi, in ginocchio accanto al suo letto, unisce le mani e chiede a Dio di guarire il suo cane malato. Sua madre, osservandolo, si chiede: &#8220;\u00c8 giusto pregare per gli animali? Ha senso? Oppure \u00e8 un errore teologico?&#8221; Questa \u00e8 una domanda che molti cattolici si pongono, ma la cui risposta \u00e8 stata oscurata nel tempo.<\/p>\n\n\n\n<h2 class=\"wp-block-heading\"><strong>L\u2019anima degli animali: hanno uno spirito o solo istinto?<\/strong><\/h2>\n\n\n\n<p>Fin dai primi secoli, la Chiesa ha insegnato che solo gli esseri umani possiedono un\u2019anima immortale, creata a immagine e somiglianza di Dio (Genesi 1, 26-27). San Tommaso d\u2019Aquino, nella sua monumentale opera <em>Summa Theologica<\/em>, spiega che gli animali hanno un\u2019anima, ma non immortale come la nostra. La loro anima \u00e8 sensibile e si dissolve con la morte, mentre la nostra, dotata di ragione e volont\u00e0, permane per l\u2019eternit\u00e0.<\/p>\n\n\n\n<p>Ma questo non significa che gli animali siano meri oggetti senza valore. San Francesco d\u2019Assisi, grande amante del Creato, chiamava le creature &#8220;fratelli minori&#8221;, riconoscendo in esse la bellezza di Dio. Nella Bibbia vediamo come il Signore si prenda cura degli animali:<\/p>\n\n\n\n<p><em>&#8220;La tua giustizia \u00e8 come le montagne di Dio, i tuoi giudizi sono come un grande abisso; Signore, tu salvi uomini e bestie.&#8221;<\/em> (Salmo 36, 7)<\/p>\n\n\n\n<h2 class=\"wp-block-heading\"><strong>Possiamo pregare per gli animali? L\u2019equilibrio tra fede e compassione<\/strong><\/h2>\n\n\n\n<p>Alcuni cristiani hanno erroneamente creduto che pregare per gli animali fosse una deviazione teologica, ma non \u00e8 cos\u00ec. La Chiesa ci insegna che possiamo chiedere a Dio tutto ci\u00f2 che \u00e8 buono, e il Creato \u00e8 buono (Genesi 1, 31).<\/p>\n\n\n\n<p>San Giovanni Paolo II, in un\u2019udienza del 1990, afferm\u00f2 che &#8220;anche gli animali possiedono il soffio della vita ricevuto da Dio&#8221;. Benedetto XVI, nella sua enciclica <em>Caritas in Veritate<\/em>, ci ricorda che il nostro modo di trattare gli animali riflette la nostra attitudine morale. Papa Francesco, in <em>Laudato Si\u2019<\/em>, ci invita a prenderci cura del Creato con amore.<\/p>\n\n\n\n<p>Dunque, pregare per i nostri animali non \u00e8 un errore, ma un\u2019espressione di amore e gratitudine verso Dio, che ce li ha affidati. Non preghiamo per la loro salvezza eterna, poich\u00e9 non hanno il nostro stesso destino ultraterreno, ma possiamo certamente chiedere il loro benessere e la loro protezione in questa vita.<\/p>\n\n\n\n<h2 class=\"wp-block-heading\"><strong>I santi e il loro rapporto con gli animali<\/strong><\/h2>\n\n\n\n<p>Nel corso della storia, molti santi hanno mostrato un profondo amore per gli animali. San Martino de Porres aveva un ospedale per cani e gatti malati. Santa Gertrude di Nivelles \u00e8 la patrona dei gatti e si dice che li proteggesse dai topi e dalle pestilenze. San Filippo Neri era solito nutrire gli uccelli e parlare con loro. Come potrebbero questi santi essere stati cos\u00ec compassionevoli verso gli animali se Dio non si prendesse cura del loro benessere?<\/p>\n\n\n\n<h2 class=\"wp-block-heading\"><strong>Conclusione: Un cuore pio che prega per tutto il Creato<\/strong><\/h2>\n\n\n\n<p>Non \u00e8 peccato pregare per un animale; l\u2019errore sarebbe piuttosto mettere gli animali al di sopra degli esseri umani o attribuire loro un destino che non hanno. La preghiera per i nostri animali domestici pu\u00f2 essere un atto di amore e gratitudine verso Dio, che ce li ha dati come compagni e riflessi della Sua bont\u00e0.<\/p>\n\n\n\n<p>Quindi, se un giorno ti trovi accanto al tuo cane malato o vedi un animale soffrire, non esitare a rivolgere una preghiera a Dio. Egli \u00e8 il Signore di tutto il Creato e si compiace nel vederci agire con amore, anche nei confronti delle pi\u00f9 piccole delle Sue creature.<\/p>\n","protected":false},"excerpt":{"rendered":"<p>Immagina questa scena: un bambino, con le lacrime agli occhi, in ginocchio accanto al suo letto, unisce le mani e chiede a Dio di guarire il suo cane malato. Sua madre, osservandolo, si chiede: &#8220;\u00c8 giusto pregare per gli animali? Ha senso? Oppure \u00e8 un errore teologico?&#8221; Questa \u00e8 una domanda che molti cattolici si &hellip;<\/p>\n","protected":false},"author":3,"featured_media":3023,"comment_status":"open","ping_status":"open","sticky":false,"template":"","format":"standard","meta":{"_seopress_robots_primary_cat":"","_seopress_titles_title":"","_seopress_titles_desc":"","_seopress_robots_index":"","footnotes":""},"categories":[43,37],"tags":[309],"class_list":["post-3022","post","type-post","status-publish","format-standard","has-post-thumbnail","","category-catechismo-della-chiesa-cattolica","category-dottrina-e-fede","tag-animali-domestici"],"_links":{"self":[{"href":"https:\/\/catholicus.eu\/it\/wp-json\/wp\/v2\/posts\/3022","targetHints":{"allow":["GET"]}}],"collection":[{"href":"https:\/\/catholicus.eu\/it\/wp-json\/wp\/v2\/posts"}],"about":[{"href":"https:\/\/catholicus.eu\/it\/wp-json\/wp\/v2\/types\/post"}],"author":[{"embeddable":true,"href":"https:\/\/catholicus.eu\/it\/wp-json\/wp\/v2\/users\/3"}],"replies":[{"embeddable":true,"href":"https:\/\/catholicus.eu\/it\/wp-json\/wp\/v2\/comments?post=3022"}],"version-history":[{"count":1,"href":"https:\/\/catholicus.eu\/it\/wp-json\/wp\/v2\/posts\/3022\/revisions"}],"predecessor-version":[{"id":3024,"href":"https:\/\/catholicus.eu\/it\/wp-json\/wp\/v2\/posts\/3022\/revisions\/3024"}],"wp:featuredmedia":[{"embeddable":true,"href":"https:\/\/catholicus.eu\/it\/wp-json\/wp\/v2\/media\/3023"}],"wp:attachment":[{"href":"https:\/\/catholicus.eu\/it\/wp-json\/wp\/v2\/media?parent=3022"}],"wp:term":[{"taxonomy":"category","embeddable":true,"href":"https:\/\/catholicus.eu\/it\/wp-json\/wp\/v2\/categories?post=3022"},{"taxonomy":"post_tag","embeddable":true,"href":"https:\/\/catholicus.eu\/it\/wp-json\/wp\/v2\/tags?post=3022"}],"curies":[{"name":"wp","href":"https:\/\/api.w.org\/{rel}","templated":true}]}}