{"id":2915,"date":"2025-03-28T17:50:08","date_gmt":"2025-03-28T16:50:08","guid":{"rendered":"https:\/\/catholicus.eu\/it\/?p=2915"},"modified":"2025-03-28T17:50:08","modified_gmt":"2025-03-28T16:50:08","slug":"il-saluto-segreto-dei-primi-cristiani-christus-vincit-christus-regnat-christus-imperat","status":"publish","type":"post","link":"https:\/\/catholicus.eu\/it\/il-saluto-segreto-dei-primi-cristiani-christus-vincit-christus-regnat-christus-imperat\/","title":{"rendered":"Il saluto segreto dei primi cristiani: &#8220;Christus vincit, Christus regnat, Christus imperat&#8221;"},"content":{"rendered":"\n<h2 class=\"wp-block-heading\"><strong>Introduzione: Un grido di vittoria che attraversa i secoli<\/strong><\/h2>\n\n\n\n<p>In un mondo che sembra dimenticare sempre pi\u00f9 Cristo Re, la Chiesa conserva viva un&#8217;antica acclamazione che riassume tutta la fede cristiana:&nbsp;<strong>&#8220;Christus vincit, Christus regnat, Christus imperat&#8221;<\/strong>&nbsp;(Cristo vince, Cristo regna, Cristo comanda).<\/p>\n\n\n\n<p>Questo potente triplice annuncio non \u00e8 solo un motto devozionale. \u00c8 l&#8217;eco dei primi martiri, un canto di vittoria pasquale e una proclamazione della regalit\u00e0 universale di Cristo. Oggi, sebbene molti lo ignorino, risuona ancora nella liturgia, specialmente&nbsp;<strong>nella Messa di Pasqua<\/strong>&nbsp;e nelle cerimonie solenni.<\/p>\n\n\n\n<p>Da dove viene questa formula? Perch\u00e9 i primi cristiani la usavano come &#8220;saluto segreto&#8221;? E cosa significa per noi oggi? Scopriamo questa affascinante tradizione che collega l&#8217;eroico passato della Chiesa alla nostra fede presente.<\/p>\n\n\n\n<hr class=\"wp-block-separator has-alpha-channel-opacity\"\/>\n\n\n\n<h2 class=\"wp-block-heading\"><strong>I. Origini: Il grido dei martiri<\/strong><\/h2>\n\n\n\n<p>I primi cristiani vivevano in un mondo ostile. L&#8217;Impero Romano perseguitava la Chiesa, e confessare Cristo poteva significare la morte. In questo contesto, i credenti svilupparono&nbsp;<strong>simboli e parole di riconoscimento<\/strong>, come l&#8217;Ichthys (pesce) o questa triplice acclamazione.<\/p>\n\n\n\n<h3 class=\"wp-block-heading\"><strong>1. Radici bibliche<\/strong><\/h3>\n\n\n\n<p>La formula trova il suo fondamento nella&nbsp;<strong>Scrittura<\/strong>, particolarmente nell&#8217;<strong>Apocalisse<\/strong>, dove Cristo \u00e8 proclamato&nbsp;<strong>&#8220;Re dei re e Signore dei signori&#8221; (Ap 19,16)<\/strong>. San Paolo scrive:<\/p>\n\n\n\n<blockquote class=\"wp-block-quote is-layout-flow wp-block-quote-is-layout-flow\">\n<p><em>&#8220;Egli deve regnare finch\u00e9 non abbia posto tutti i nemici sotto i suoi piedi&#8221;<\/em>&nbsp;(1 Cor 15,25).<\/p>\n<\/blockquote>\n\n\n\n<p>Queste parole non erano solo teologia ma&nbsp;<strong>un programma di vita<\/strong>&nbsp;per i cristiani perseguitati: anche se oppressi dal mondo,&nbsp;<strong>Cristo aveva gi\u00e0 vinto<\/strong>.<\/p>\n\n\n\n<h3 class=\"wp-block-heading\"><strong>2. Uso nelle catacombe e durante le persecuzioni<\/strong><\/h3>\n\n\n\n<p>Secondo la tradizione, i martiri pronunciavano questa acclamazione prima di morire. Era il loro&nbsp;<strong>ultimo atto di fede<\/strong>:<\/p>\n\n\n\n<ul class=\"wp-block-list\">\n<li><strong>&#8220;Christus vincit&#8221;<\/strong>\u00a0(Cristo vince) \u2192 Sul peccato e sulla morte<\/li>\n\n\n\n<li><strong>&#8220;Christus regnat&#8221;<\/strong>\u00a0(Cristo regna) \u2192 Nonostante gli imperatori si credessero d\u00e8i<\/li>\n\n\n\n<li><strong>&#8220;Christus imperat&#8221;<\/strong>\u00a0(Cristo comanda) \u2192 La sua legge \u00e8 sopra le leggi del mondo<\/li>\n<\/ul>\n\n\n\n<p>Era un&nbsp;<strong>atto di resistenza spirituale<\/strong>, un ricordo che anche se Roma li uccideva,&nbsp;<strong>il vero potere apparteneva a Cristo<\/strong>.<\/p>\n\n\n\n<hr class=\"wp-block-separator has-alpha-channel-opacity\"\/>\n\n\n\n<h2 class=\"wp-block-heading\"><strong>II. Sviluppo liturgico: Dalle persecuzioni allo splendore della Messa<\/strong><\/h2>\n\n\n\n<p>Con la fine delle persecuzioni, l&#8217;acclamazione non scomparve ma si integr\u00f2 nella&nbsp;<strong>liturgia<\/strong>, specialmente a&nbsp;<strong>Pasqua<\/strong>, festa della vittoria di Cristo.<\/p>\n\n\n\n<h3 class=\"wp-block-heading\"><strong>1. Nell&#8217;incoronazione dei re cristiani<\/strong><\/h3>\n\n\n\n<p>Nel Medioevo, questo motto fu usato per le&nbsp;<strong>unzioni regali<\/strong>, ricordando che&nbsp;<strong>ogni potere legittimo viene da Dio<\/strong>. I monarchi non regnavano per s\u00e9 stessi ma come luogotenenti di Cristo Re.<\/p>\n\n\n\n<h3 class=\"wp-block-heading\"><strong>2. Nella liturgia pasquale<\/strong><\/h3>\n\n\n\n<p>Oggi, nel&nbsp;<strong>rito tradizionale della Messa di Pasqua<\/strong>, il sacerdote intona questo canto mentre incensa l&#8217;altare, e il popolo risponde. \u00c8 un momento di speciale solennit\u00e0 in cui la Chiesa&nbsp;<strong>proclama che la Resurrezione \u00e8 la grande vittoria<\/strong>.<\/p>\n\n\n\n<p>Inoltre, nell&#8217;<strong>Exsultet<\/strong>&nbsp;(il Preconio pasquale), si annuncia:<\/p>\n\n\n\n<blockquote class=\"wp-block-quote is-layout-flow wp-block-quote-is-layout-flow\">\n<p><em>&#8220;Cristo, nostra Pasqua, \u00e8 stato immolato! Alleluia!&#8221;<\/em><\/p>\n<\/blockquote>\n\n\n\n<p>Questo legame tra&nbsp;<strong>&#8220;Christus vincit&#8221;<\/strong>&nbsp;e Pasqua sottolinea che&nbsp;<strong>Cristo ha trionfato sulla morte<\/strong>, e quindi&nbsp;<strong>regna in eterno<\/strong>.<\/p>\n\n\n\n<hr class=\"wp-block-separator has-alpha-channel-opacity\"\/>\n\n\n\n<h2 class=\"wp-block-heading\"><strong>III. Significato attuale: Un invito alla speranza<\/strong><\/h2>\n\n\n\n<p>In un mondo dove molti rinnegano Cristo, dove la fede sembra indebolirsi, questa acclamazione \u00e8&nbsp;<strong>pi\u00f9 necessaria che mai<\/strong>.<\/p>\n\n\n\n<h3 class=\"wp-block-heading\"><strong>1. Vittoria sul male<\/strong><\/h3>\n\n\n\n<p>Il demonio, il peccato e la morte&nbsp;<strong>sono gi\u00e0 sconfitti<\/strong>. Il cristiano quindi non vive nella paura ma con&nbsp;<strong>speranza invincibile<\/strong>.<\/p>\n\n\n\n<h3 class=\"wp-block-heading\"><strong>2. Cristo regna oggi<\/strong><\/h3>\n\n\n\n<p>Anche se i governi ignorano Dio,&nbsp;<strong>Egli rimane il Signore della storia<\/strong>. La nostra missione \u00e8&nbsp;<strong>regnare con Cristo<\/strong>&nbsp;trasformando il mondo con la carit\u00e0 e la verit\u00e0.<\/p>\n\n\n\n<h3 class=\"wp-block-heading\"><strong>3. Un imperativo missionario<\/strong><\/h3>\n\n\n\n<p>Dire&nbsp;<em>&#8220;Christus imperat&#8221;<\/em>&nbsp;significa ricordare che&nbsp;<strong>il Vangelo non \u00e8 un&#8217;opinione<\/strong>&nbsp;ma&nbsp;<strong>la legge suprema<\/strong>. Dobbiamo vivere e annunciare questa regalit\u00e0 con coraggio.<\/p>\n\n\n\n<hr class=\"wp-block-separator has-alpha-channel-opacity\"\/>\n\n\n\n<h2 class=\"wp-block-heading\"><strong>Conclusione: Un grido da riappropriarci<\/strong><\/h2>\n\n\n\n<p>Il&nbsp;<strong>&#8220;Christus vincit, Christus regnat, Christus imperat&#8221;<\/strong>&nbsp;non \u00e8 una reliquia del passato ma&nbsp;<strong>un programma per il futuro<\/strong>.<\/p>\n\n\n\n<ul class=\"wp-block-list\">\n<li><strong>A Pasqua<\/strong>\u00a0ci ricorda che\u00a0<strong>Cristo \u00e8 risorto<\/strong><\/li>\n\n\n\n<li><strong>Nella vita quotidiana<\/strong>\u00a0ci d\u00e0 la forza di\u00a0<strong>non temere il mondo<\/strong><\/li>\n\n\n\n<li><strong>Nella battaglia spirituale<\/strong>\u00a0\u00e8 il nostro\u00a0<strong>grido di guerra<\/strong><\/li>\n<\/ul>\n\n\n\n<p>Oggi, come i martiri, dobbiamo proclamarlo&nbsp;<strong>con le labbra e con la vita<\/strong>. Perch\u00e9 alla fine della storia, come dice l&#8217;Apocalisse:<\/p>\n\n\n\n<blockquote class=\"wp-block-quote is-layout-flow wp-block-quote-is-layout-flow\">\n<p><em>&#8220;Il regno del mondo \u00e8 passato al nostro Signore e al suo Cristo, ed egli regner\u00e0 nei secoli dei secoli&#8221;<\/em>&nbsp;(Ap 11,15).<\/p>\n<\/blockquote>\n\n\n\n<p><strong>Christus vincit! Christus regnat! Christus imperat!<\/strong><\/p>\n\n\n\n<hr class=\"wp-block-separator has-alpha-channel-opacity\"\/>\n\n\n\n<h3 class=\"wp-block-heading\"><strong>Curiosit\u00e0 finale<\/strong><\/h3>\n\n\n\n<p>Sapevate che questa acclamazione fu usata nel&nbsp;<strong>1940<\/strong>&nbsp;dai cattolici francesi durante l&#8217;occupazione nazista come simbolo di resistenza? Appariva perfino scritta sui muri di Parigi.&nbsp;<strong>La fede trionfa sempre.<\/strong><\/p>\n\n\n\n<p>Vi sentite di ripetere questa potente invocazione nelle vostre preghiere? Che Cristo regni nei vostri cuori e nel mondo intero!<\/p>\n","protected":false},"excerpt":{"rendered":"<p>Introduzione: Un grido di vittoria che attraversa i secoli In un mondo che sembra dimenticare sempre pi\u00f9 Cristo Re, la Chiesa conserva viva un&#8217;antica acclamazione che riassume tutta la fede cristiana:&nbsp;&#8220;Christus vincit, Christus regnat, Christus imperat&#8221;&nbsp;(Cristo vince, Cristo regna, Cristo comanda). Questo potente triplice annuncio non \u00e8 solo un motto devozionale. \u00c8 l&#8217;eco dei primi &hellip;<\/p>\n","protected":false},"author":3,"featured_media":2916,"comment_status":"open","ping_status":"open","sticky":false,"template":"","format":"standard","meta":{"_seopress_robots_primary_cat":"","_seopress_titles_title":"","_seopress_titles_desc":"","_seopress_robots_index":"","footnotes":""},"categories":[48,38],"tags":[945,943,944],"class_list":["post-2915","post","type-post","status-publish","format-standard","has-post-thumbnail","","category-storia-della-chiesa","category-storia-e-tradizione","tag-christus-imperat","tag-christus-regnat","tag-christus-vincit"],"_links":{"self":[{"href":"https:\/\/catholicus.eu\/it\/wp-json\/wp\/v2\/posts\/2915","targetHints":{"allow":["GET"]}}],"collection":[{"href":"https:\/\/catholicus.eu\/it\/wp-json\/wp\/v2\/posts"}],"about":[{"href":"https:\/\/catholicus.eu\/it\/wp-json\/wp\/v2\/types\/post"}],"author":[{"embeddable":true,"href":"https:\/\/catholicus.eu\/it\/wp-json\/wp\/v2\/users\/3"}],"replies":[{"embeddable":true,"href":"https:\/\/catholicus.eu\/it\/wp-json\/wp\/v2\/comments?post=2915"}],"version-history":[{"count":1,"href":"https:\/\/catholicus.eu\/it\/wp-json\/wp\/v2\/posts\/2915\/revisions"}],"predecessor-version":[{"id":2917,"href":"https:\/\/catholicus.eu\/it\/wp-json\/wp\/v2\/posts\/2915\/revisions\/2917"}],"wp:featuredmedia":[{"embeddable":true,"href":"https:\/\/catholicus.eu\/it\/wp-json\/wp\/v2\/media\/2916"}],"wp:attachment":[{"href":"https:\/\/catholicus.eu\/it\/wp-json\/wp\/v2\/media?parent=2915"}],"wp:term":[{"taxonomy":"category","embeddable":true,"href":"https:\/\/catholicus.eu\/it\/wp-json\/wp\/v2\/categories?post=2915"},{"taxonomy":"post_tag","embeddable":true,"href":"https:\/\/catholicus.eu\/it\/wp-json\/wp\/v2\/tags?post=2915"}],"curies":[{"name":"wp","href":"https:\/\/api.w.org\/{rel}","templated":true}]}}